{"id":60900,"date":"2017-01-13T12:39:09","date_gmt":"2017-01-13T09:39:09","guid":{"rendered":"https:\/\/www.enerjigazetesi.ist\/?p=60900"},"modified":"2017-01-13T12:39:09","modified_gmt":"2017-01-13T09:39:09","slug":"hollanda-trenlerin-elektrik-ihtiyacini-ruzgar-enerjisiyle-karsilayacak","status":"publish","type":"post","link":"https:\/\/www.enerjigazetesi.ist\/en\/hollanda-trenlerin-elektrik-ihtiyacini-ruzgar-enerjisiyle-karsilayacak\/","title":{"rendered":"(Turkish) Hollanda Trenlerin Elektrik \u0130htiyac\u0131n\u0131 R\u00fczgar Enerjisiyle Kar\u015f\u0131layacak"},"content":{"rendered":"<p class=\"qtranxs-available-languages-message qtranxs-available-languages-message-en\">Sorry, this entry is only available in <a href=\"https:\/\/www.enerjigazetesi.ist\/tr\/wp-json\/wp\/v2\/posts\/60900\" class=\"qtranxs-available-language-link qtranxs-available-language-link-tr\" title=\"Turkish\">Turkish<\/a>. For the sake of viewer convenience, the content is shown below in the alternative language. You may click the link to switch the active language.<\/p><p><\/p>\n<p style=\"color: #0a0a0a;\"><strong>Hollanda elektrikli trenl<a href=\"https:\/\/www.enerjigazetesi.ist\/wp-content\/uploads\/2015\/01\/r\u00fczgar-santrali-2398733.jpg\"><img loading=\"lazy\" class=\"alignleft  wp-image-35853\" src=\"https:\/\/www.enerjigazetesi.ist\/wp-content\/uploads\/2015\/01\/r\u00fczgar-santrali-2398733-300x168.jpg\" alt=\"r\u00fczgar-santrali-2398733\" width=\"300\" height=\"199\" \/><\/a>erin \u00a0elektrik ihtiyac\u0131n\u0131 r\u00fczgar enerjisinden kar\u015f\u0131lamaya ba\u015flam\u0131\u015ft\u0131r.<\/strong><span id=\"more-87288\"><\/span><\/p>\n<p style=\"color: #0a0a0a;\">Hollanda\u2019da Eneco adl\u0131 kurulu\u015f\u00a0h\u00fck\u00fcmete 2018 y\u0131l\u0131na kadar yenilebilir enerji ile \u00e7al\u0131\u015fan trenler \u00fcretece\u011fi s\u00f6z\u00fcn\u00fc vermi\u015fti. Fakat firman\u0131n a\u015f\u0131r\u0131 \u00f6zverili ve h\u0131zl\u0131 \u00e7al\u0131\u015fmalar\u0131 sonucunda trenlerin 2017&#8217;de haz\u0131r olaca\u011f\u0131\u00a0ifade edilmi\u015ftir.<\/p>\n<p style=\"color: #0a0a0a;\">Bir r\u00fczgar de\u011firmeninin 1 saat \u00e7al\u0131\u015fmas\u0131 sonucunda bir tren 200 kilometre yol katedebilmektedir. \u0130leri ki s\u00fcre\u00e7lerde ise firma harcanan g\u00fcc\u00fc daha da azalt\u0131p yolcu ba\u015f\u0131na gerekli olan enerjiyi %35 oran\u0131nda d\u00fc\u015f\u00fcrmeyi de\u00a0hedeflemektedir.<\/p>\n<p><\/p>","protected":false},"excerpt":{"rendered":"<p>Sorry, this entry is only available in Turkish. For the sake of viewer convenience, the content is shown below in the alternative language. You may click the link to switch the active language. Hollanda elektrikli trenlerin \u00a0elektrik ihtiyac\u0131n\u0131 r\u00fczgar enerjisinden kar\u015f\u0131lamaya ba\u015flam\u0131\u015ft\u0131r. Hollanda\u2019da Eneco adl\u0131 kurulu\u015f\u00a0h\u00fck\u00fcmete 2018 y\u0131l\u0131na kadar yenilebilir enerji ile \u00e7al\u0131\u015fan trenler \u00fcretece\u011fi [&hellip;]<\/p>\n","protected":false},"author":1,"featured_media":35853,"comment_status":"open","ping_status":"open","sticky":false,"template":"","format":"standard","meta":[],"categories":[51,53,50],"tags":[68,25591,63,67,1009,2698,165,1287,474,69,32794,16,231,23318,22615,4784,25593,105],"views":723,"_links":{"self":[{"href":"https:\/\/www.enerjigazetesi.ist\/en\/wp-json\/wp\/v2\/posts\/60900"}],"collection":[{"href":"https:\/\/www.enerjigazetesi.ist\/en\/wp-json\/wp\/v2\/posts"}],"about":[{"href":"https:\/\/www.enerjigazetesi.ist\/en\/wp-json\/wp\/v2\/types\/post"}],"author":[{"embeddable":true,"href":"https:\/\/www.enerjigazetesi.ist\/en\/wp-json\/wp\/v2\/users\/1"}],"replies":[{"embeddable":true,"href":"https:\/\/www.enerjigazetesi.ist\/en\/wp-json\/wp\/v2\/comments?post=60900"}],"version-history":[{"count":1,"href":"https:\/\/www.enerjigazetesi.ist\/en\/wp-json\/wp\/v2\/posts\/60900\/revisions"}],"predecessor-version":[{"id":60901,"href":"https:\/\/www.enerjigazetesi.ist\/en\/wp-json\/wp\/v2\/posts\/60900\/revisions\/60901"}],"wp:featuredmedia":[{"embeddable":true,"href":"https:\/\/www.enerjigazetesi.ist\/en\/wp-json\/wp\/v2\/media\/35853"}],"wp:attachment":[{"href":"https:\/\/www.enerjigazetesi.ist\/en\/wp-json\/wp\/v2\/media?parent=60900"}],"wp:term":[{"taxonomy":"category","embeddable":true,"href":"https:\/\/www.enerjigazetesi.ist\/en\/wp-json\/wp\/v2\/categories?post=60900"},{"taxonomy":"post_tag","embeddable":true,"href":"https:\/\/www.enerjigazetesi.ist\/en\/wp-json\/wp\/v2\/tags?post=60900"}],"curies":[{"name":"wp","href":"https:\/\/api.w.org\/{rel}","templated":true}]}}