{"id":60893,"date":"2017-01-13T12:19:53","date_gmt":"2017-01-13T09:19:53","guid":{"rendered":"https:\/\/www.enerjigazetesi.ist\/?p=60893"},"modified":"2017-01-13T12:20:06","modified_gmt":"2017-01-13T09:20:06","slug":"yunanistan-soguk-hava-nedeni-ile-enerji-ihracatini-durdurdu","status":"publish","type":"post","link":"https:\/\/www.enerjigazetesi.ist\/en\/yunanistan-soguk-hava-nedeni-ile-enerji-ihracatini-durdurdu\/","title":{"rendered":"(Turkish) Yunanistan So\u011fuk Hava Nedeni \u0130le Enerji \u0130hracat\u0131n\u0131 Durdurdu"},"content":{"rendered":"<p class=\"qtranxs-available-languages-message qtranxs-available-languages-message-en\">Sorry, this entry is only available in <a href=\"https:\/\/www.enerjigazetesi.ist\/tr\/wp-json\/wp\/v2\/posts\/60893\" class=\"qtranxs-available-language-link qtranxs-available-language-link-tr\" title=\"Turkish\">Turkish<\/a>. For the sake of viewer convenience, the content is shown below in the alternative language. You may click the link to switch the active language.<\/p><p><\/p>\n<p style=\"color: #0a0a0a;\"><strong>Yunanistan Enerji Ba<a href=\"https:\/\/www.enerjigazetesi.ist\/wp-content\/uploads\/2014\/07\/elektrikte-iletim-guc-kalitesi-izlenecek.jpg\"><img loading=\"lazy\" class=\"alignleft size-medium wp-image-29323\" src=\"https:\/\/www.enerjigazetesi.ist\/wp-content\/uploads\/2014\/07\/elektrikte-iletim-guc-kalitesi-izlenecek-300x204.jpg\" alt=\"elektrikte-iletim\" width=\"300\" height=\"204\" srcset=\"https:\/\/www.enerjigazetesi.ist\/wp-content\/uploads\/2014\/07\/elektrikte-iletim-guc-kalitesi-izlenecek-300x204.jpg 300w, https:\/\/www.enerjigazetesi.ist\/wp-content\/uploads\/2014\/07\/elektrikte-iletim-guc-kalitesi-izlenecek-73x50.jpg 73w, https:\/\/www.enerjigazetesi.ist\/wp-content\/uploads\/2014\/07\/elektrikte-iletim-guc-kalitesi-izlenecek.jpg 416w\" sizes=\"(max-width: 300px) 100vw, 300px\" \/><\/a>kanl\u0131\u011f\u0131 taraf\u0131ndan \u00fclke genelindeki a\u015f\u0131r\u0131 so\u011fuk hava ve yo\u011fun kar ya\u011f\u0131\u015flar\u0131 nedeniyle, enerji ihracat\u0131n\u0131n durduruldu\u011fu belirtilmi\u015ftir.<\/strong><\/p>\n<p style=\"color: #0a0a0a;\">Enerji Bakan\u0131 Yiorgos Stathakis&#8217;in yapt\u0131\u011f\u0131 a\u00e7\u0131klamada halktan elektrik kullan\u0131m\u0131nda dikkat etmelerini ve \u00f6\u011fleden sonra saat 6.00\u2019dan gece yar\u0131s\u0131na kadar olabildi\u011fince az elektrik sarf etmeleri iste\u011finde bulunuldu.<\/p>\n<p style=\"color: #0a0a0a;\">Yunanistan\u2019\u0131n kuzey kom\u015fusu Bulgaristan da, a\u015f\u0131r\u0131 so\u011fuklar nedeniyle kendi enerji santrallerinde \u00fcretilen enerjinin ihracat\u0131n\u0131n durdurulaca\u011f\u0131n\u0131 belirtti. Her iki \u00fclkenin bakanl\u0131klar\u0131n\u0131n a\u00e7\u0131klamas\u0131nda, kendi \u00fclkelerinden transit ge\u00e7en enerji hatlar\u0131ndan enerji iletimine ise m\u00fcdahale edilmeyece\u011fi\u00a0ifade edildi.<\/p>\n<p><\/p>","protected":false},"excerpt":{"rendered":"<p>Sorry, this entry is only available in Turkish. For the sake of viewer convenience, the content is shown below in the alternative language. You may click the link to switch the active language. Yunanistan Enerji Bakanl\u0131\u011f\u0131 taraf\u0131ndan \u00fclke genelindeki a\u015f\u0131r\u0131 so\u011fuk hava ve yo\u011fun kar ya\u011f\u0131\u015flar\u0131 nedeniyle, enerji ihracat\u0131n\u0131n durduruldu\u011fu belirtilmi\u015ftir. Enerji Bakan\u0131 Yiorgos Stathakis&#8217;in [&hellip;]<\/p>\n","protected":false},"author":1,"featured_media":29323,"comment_status":"open","ping_status":"open","sticky":false,"template":"","format":"standard","meta":[],"categories":[51,53],"tags":[3323,68,61,19638,1451,2873,63,67,1009,11901,2698,2838,165,32791,255,31957],"views":651,"_links":{"self":[{"href":"https:\/\/www.enerjigazetesi.ist\/en\/wp-json\/wp\/v2\/posts\/60893"}],"collection":[{"href":"https:\/\/www.enerjigazetesi.ist\/en\/wp-json\/wp\/v2\/posts"}],"about":[{"href":"https:\/\/www.enerjigazetesi.ist\/en\/wp-json\/wp\/v2\/types\/post"}],"author":[{"embeddable":true,"href":"https:\/\/www.enerjigazetesi.ist\/en\/wp-json\/wp\/v2\/users\/1"}],"replies":[{"embeddable":true,"href":"https:\/\/www.enerjigazetesi.ist\/en\/wp-json\/wp\/v2\/comments?post=60893"}],"version-history":[{"count":1,"href":"https:\/\/www.enerjigazetesi.ist\/en\/wp-json\/wp\/v2\/posts\/60893\/revisions"}],"predecessor-version":[{"id":60894,"href":"https:\/\/www.enerjigazetesi.ist\/en\/wp-json\/wp\/v2\/posts\/60893\/revisions\/60894"}],"wp:featuredmedia":[{"embeddable":true,"href":"https:\/\/www.enerjigazetesi.ist\/en\/wp-json\/wp\/v2\/media\/29323"}],"wp:attachment":[{"href":"https:\/\/www.enerjigazetesi.ist\/en\/wp-json\/wp\/v2\/media?parent=60893"}],"wp:term":[{"taxonomy":"category","embeddable":true,"href":"https:\/\/www.enerjigazetesi.ist\/en\/wp-json\/wp\/v2\/categories?post=60893"},{"taxonomy":"post_tag","embeddable":true,"href":"https:\/\/www.enerjigazetesi.ist\/en\/wp-json\/wp\/v2\/tags?post=60893"}],"curies":[{"name":"wp","href":"https:\/\/api.w.org\/{rel}","templated":true}]}}