{"id":60889,"date":"2017-01-13T11:53:34","date_gmt":"2017-01-13T08:53:34","guid":{"rendered":"https:\/\/www.enerjigazetesi.ist\/?p=60889"},"modified":"2017-01-13T11:53:34","modified_gmt":"2017-01-13T08:53:34","slug":"8-inci-enerji-verimliligi-fuari-ve-forumu-istanbulda-gerceklestirildi","status":"publish","type":"post","link":"https:\/\/www.enerjigazetesi.ist\/en\/8-inci-enerji-verimliligi-fuari-ve-forumu-istanbulda-gerceklestirildi\/","title":{"rendered":"(Turkish) 8 inci Enerji Verimlili\u011fi Fuar\u0131 ve Forumu \u0130stanbul\u2019da Ger\u00e7ekle\u015ftirildi"},"content":{"rendered":"<p class=\"qtranxs-available-languages-message qtranxs-available-languages-message-en\">Sorry, this entry is only available in <a href=\"https:\/\/www.enerjigazetesi.ist\/tr\/wp-json\/wp\/v2\/posts\/60889\" class=\"qtranxs-available-language-link qtranxs-available-language-link-tr\" title=\"Turkish\">Turkish<\/a>. For the sake of viewer convenience, the content is shown below in the alternative language. You may click the link to switch the active language.<\/p><p><\/p>\n<p style=\"color: #0a0a0a;\"><strong><span id=\"more-87248\">Enerji ve Tabii Kaynaklar Bakanl\u0131\u011f\u0131 M\u00fcste\u015far\u0131 Fatih\u00a0<\/span>D\u00f6nmez 8. Enerji Verimlili\u011fi Forumu ve Fuar\u0131 a\u00e7\u0131l\u0131\u015f\u0131nda yapt\u0131\u011f\u0131 konu\u015fmada, T\u00fcrkiye olarak hedeflere ula\u015fmak i\u00e7in lokomotif sekt\u00f6rlerde \u00f6nc\u00fc olmak ve enerjide verimlilik kriterini sa\u011flamak zorunda olduklar\u0131n\u0131 s\u00f6yledi. Fatih D\u00f6nmez, petrol fiyatlar\u0131nda 50-60 dolar band\u0131ndaki stabilizasyonun, T\u00fcrkiye\u2019nin cari a\u00e7\u0131\u011f\u0131n\u0131 g\u00f6receli olarak azaltt\u0131\u011f\u0131n\u0131, ancak bu d\u00f6nemde enerji \u00e7e\u015fitlili\u011fi, arz g\u00fcvenli\u011fi ve enerji verimlili\u011fi faaliyetlerinin ivme kazanmas\u0131 gerekti\u011fini\u00a0ifade etti.<\/strong><\/p>\n<p style=\"color: #0a0a0a;\">Enerji verimlili\u011finin bir davran\u0131\u015f \u015fekli ve k\u00fclt\u00fcr haline d\u00f6n\u00fc\u015fmesi gerekti\u011fini aktaran D\u00f6nmez, s\u00f6zlerini \u015f\u00f6yle s\u00fcrd\u00fcrd\u00fc: \u201cD\u00fcnya ekonomisindeki k\u0131r\u0131lgan durumun devam etti\u011fi, b\u00fcy\u00fcme h\u0131z\u0131n\u0131n yava\u015flad\u0131\u011f\u0131, finansal piyasalardaki durgunlu\u011fun yeterince <a href=\"https:\/\/www.enerjigazetesi.ist\/wp-content\/uploads\/2014\/06\/5-enerji-verimligi-forumu-ve-fuari-evf-ocak-ta-istanbul-da-duzenleniyor.jpg\"><img loading=\"lazy\" class=\"alignleft size-medium wp-image-27520\" src=\"https:\/\/www.enerjigazetesi.ist\/wp-content\/uploads\/2014\/06\/5-enerji-verimligi-forumu-ve-fuari-evf-ocak-ta-istanbul-da-duzenleniyor-300x185.jpg\" alt=\"enerji-verimligi-forumu-ve-fuari-evf-ocak-ta-istanbul-da-duzenlendi\" width=\"300\" height=\"185\" srcset=\"https:\/\/www.enerjigazetesi.ist\/wp-content\/uploads\/2014\/06\/5-enerji-verimligi-forumu-ve-fuari-evf-ocak-ta-istanbul-da-duzenleniyor-300x185.jpg 300w, https:\/\/www.enerjigazetesi.ist\/wp-content\/uploads\/2014\/06\/5-enerji-verimligi-forumu-ve-fuari-evf-ocak-ta-istanbul-da-duzenleniyor-500x308.jpg 500w, https:\/\/www.enerjigazetesi.ist\/wp-content\/uploads\/2014\/06\/5-enerji-verimligi-forumu-ve-fuari-evf-ocak-ta-istanbul-da-duzenleniyor-80x50.jpg 80w, https:\/\/www.enerjigazetesi.ist\/wp-content\/uploads\/2014\/06\/5-enerji-verimligi-forumu-ve-fuari-evf-ocak-ta-istanbul-da-duzenleniyor.jpg 600w\" sizes=\"(max-width: 300px) 100vw, 300px\" \/><\/a>a\u015f\u0131lamad\u0131\u011f\u0131, emtia piyasalar\u0131nda fiyatlar\u0131n \u00e7alkant\u0131l\u0131 oldu\u011fu bir d\u00f6nemden ge\u00e7iyoruz. K\u00fcresel ve b\u00f6lgesel geli\u015fmeler T\u00fcrkiye\u2019yi de bask\u0131lamaktad\u0131r, ancak her t\u00fcrl\u00fc bask\u0131 ve konjonkt\u00fcrel geli\u015fmelere ra\u011fmen \u00fclkemiz geli\u015fmeye ve ilerlemeye devam edecektir. Bu noktada enerji verimlili\u011fi, s\u00fcrd\u00fcr\u00fclebilirlik, arz g\u00fcvenli\u011fi, d\u0131\u015fa ba\u011f\u0131ml\u0131l\u0131\u011f\u0131n azalt\u0131lmas\u0131, rekabet\u00e7ilik \u00e7evresinde daha da \u00f6nem kazanmaktad\u0131r.\u201d\u00a0dedi.<\/p>\n<p style=\"color: #0a0a0a;\">Binalarda enerji kimlik belgesi uygulamas\u0131n\u0131n geli\u015ftirilmesinin \u00f6nemine de\u011finen Enerji ve Tabii Kaynaklar Bakanl\u0131\u011f\u0131 M\u00fcste\u015far Yard\u0131mc\u0131s\u0131 Abdullah Tancan ise \u015funlar\u0131 ifade etti: \u201cBug\u00fcne kadar uygulamas\u0131 ba\u015far\u0131yla tamamlanan 65 verimlilik art\u0131r\u0131c\u0131 proje desteklenmi\u015f, 148 verimlilik art\u0131r\u0131c\u0131 projenin uygulama s\u00fcreci ise devam etmektedir. G\u00f6n\u00fcll\u00fc anla\u015fma yapanlardan ba\u015far\u0131l\u0131 olan 7 i\u015fletme desteklenmi\u015ftir. Verimlilik art\u0131r\u0131c\u0131 proje ve g\u00f6n\u00fcll\u00fc anla\u015fmalar \u00e7er\u00e7evesinde yakla\u015f\u0131k 5,4 milyon lira destek \u00f6demesi yap\u0131lm\u0131\u015f olup, bu projelerin uygulanmas\u0131yla sa\u011flanan y\u0131ll\u0131k tasarruf 32 milyon lira civar\u0131ndad\u0131r. Hala uygulama safhas\u0131nda olan projelerin tamamlanmas\u0131yla 15,8 lira civar\u0131nda yap\u0131lacak destek \u00f6demesine kar\u015f\u0131n, y\u0131ll\u0131k 43,5 milyon lira civar\u0131nda tasarruf sa\u011flanmas\u0131 beklenmektedir.\u201d dedi.<\/p>\n<p style=\"color: #0a0a0a;\">Kaynak: <a href=\"http:\/\/enerjienstitusu.com\/2017\/01\/12\/8-enerji-verimliligi-forumu-istanbulda-yapildi\/\" target=\"_blank\" rel=\"nofollow\">Enerji Enstit\u00fcs\u00fc<\/a><\/p>\n<p><\/p>","protected":false},"excerpt":{"rendered":"<p>Sorry, this entry is only available in Turkish. For the sake of viewer convenience, the content is shown below in the alternative language. You may click the link to switch the active language. Enerji ve Tabii Kaynaklar Bakanl\u0131\u011f\u0131 M\u00fcste\u015far\u0131 Fatih\u00a0D\u00f6nmez 8. Enerji Verimlili\u011fi Forumu ve Fuar\u0131 a\u00e7\u0131l\u0131\u015f\u0131nda yapt\u0131\u011f\u0131 konu\u015fmada, T\u00fcrkiye olarak hedeflere ula\u015fmak i\u00e7in lokomotif [&hellip;]<\/p>\n","protected":false},"author":1,"featured_media":27520,"comment_status":"open","ping_status":"open","sticky":false,"template":"","format":"standard","meta":[],"categories":[53,52],"tags":[32584,63,67,1009,2698,165,18,12,32787,32786,11011,27530,347,842,793],"views":938,"_links":{"self":[{"href":"https:\/\/www.enerjigazetesi.ist\/en\/wp-json\/wp\/v2\/posts\/60889"}],"collection":[{"href":"https:\/\/www.enerjigazetesi.ist\/en\/wp-json\/wp\/v2\/posts"}],"about":[{"href":"https:\/\/www.enerjigazetesi.ist\/en\/wp-json\/wp\/v2\/types\/post"}],"author":[{"embeddable":true,"href":"https:\/\/www.enerjigazetesi.ist\/en\/wp-json\/wp\/v2\/users\/1"}],"replies":[{"embeddable":true,"href":"https:\/\/www.enerjigazetesi.ist\/en\/wp-json\/wp\/v2\/comments?post=60889"}],"version-history":[{"count":1,"href":"https:\/\/www.enerjigazetesi.ist\/en\/wp-json\/wp\/v2\/posts\/60889\/revisions"}],"predecessor-version":[{"id":60890,"href":"https:\/\/www.enerjigazetesi.ist\/en\/wp-json\/wp\/v2\/posts\/60889\/revisions\/60890"}],"wp:featuredmedia":[{"embeddable":true,"href":"https:\/\/www.enerjigazetesi.ist\/en\/wp-json\/wp\/v2\/media\/27520"}],"wp:attachment":[{"href":"https:\/\/www.enerjigazetesi.ist\/en\/wp-json\/wp\/v2\/media?parent=60889"}],"wp:term":[{"taxonomy":"category","embeddable":true,"href":"https:\/\/www.enerjigazetesi.ist\/en\/wp-json\/wp\/v2\/categories?post=60889"},{"taxonomy":"post_tag","embeddable":true,"href":"https:\/\/www.enerjigazetesi.ist\/en\/wp-json\/wp\/v2\/tags?post=60889"}],"curies":[{"name":"wp","href":"https:\/\/api.w.org\/{rel}","templated":true}]}}