{"id":60880,"date":"2017-01-12T14:29:48","date_gmt":"2017-01-12T11:29:48","guid":{"rendered":"https:\/\/www.enerjigazetesi.ist\/?p=60880"},"modified":"2017-01-12T14:45:28","modified_gmt":"2017-01-12T11:45:28","slug":"netas-enerjiyi-en-verimli-kullanan-firma-secildi","status":"publish","type":"post","link":"https:\/\/www.enerjigazetesi.ist\/en\/netas-enerjiyi-en-verimli-kullanan-firma-secildi\/","title":{"rendered":"(Turkish) Neta\u015f, Enerji&#8217;yi En Verimli Kullanan Firma Se\u00e7ildi"},"content":{"rendered":"<p class=\"qtranxs-available-languages-message qtranxs-available-languages-message-en\">Sorry, this entry is only available in <a href=\"https:\/\/www.enerjigazetesi.ist\/tr\/wp-json\/wp\/v2\/posts\/60880\" class=\"qtranxs-available-language-link qtranxs-available-language-link-tr\" title=\"Turkish\">Turkish<\/a>. For the sake of viewer convenience, the content is shown below in the alternative language. You may click the link to switch the active language.<\/p><p><strong>T\u00fcrkiye\u2019nin dijital gelece\u011finin mimar\u0131 Neta\u015f, enerji yo\u011funlu\u011funu son 3 y\u0131lda ortalama %66,3 azaltarak, Enerji ve Tabii Kaynaklar Bakanl\u0131\u011f\u0131 Yenilenebilir Enerji Genel M\u00fcd\u00fcrl\u00fc\u011f\u00fc taraf\u0131ndan 17\u2019ncisi d\u00fczenlenen Sanayide Enerji Verimlili\u011fi Proje Yar\u0131\u015fmas\u0131\u2019nda (SENVER) birincilik \u00f6d\u00fcl\u00fcn\u00fcn sahibi oldu. 11 Ocak\u2019ta WOW Convention Center \u0130stanbul\u2019da d\u00fczenlenen t\u00f6rende, Neta\u015f CEO\u2019su C. M\u00fcjdat Altay birincilik \u00f6d\u00fcl\u00fcn\u00fc ve te\u015fekk\u00fcr belgesini Enerji ve Tabii Kaynaklar Bakanl\u0131\u011f\u0131 M\u00fcste\u015far\u0131 Fatih D\u00f6nmez\u2019den ald\u0131.<\/strong><\/p>\n<p>T\u00fcrkiye\u2019nin lider dijital d\u00f6n\u00fc\u015f\u00fcm \u015firketi Neta\u015f, s\u00fcrd\u00fcr\u00fclebilirlik vizyonu do\u011frultusunda t\u00fcm faaliyetlerinde do\u011fal kaynaklar\u0131n korunmas\u0131, verimlilik, temiz \u00e7evre ve temiz sanayi kavramlar\u0131n\u0131 oda\u011f\u0131na al\u0131yor ve bu prensipleri kendi \u00e7al\u0131\u015fma alanlar\u0131n\u0131n ve <a href=\"https:\/\/www.enerjigazetesi.ist\/wp-content\/uploads\/2017\/01\/netas-enerjiyi-en-verimli-kullanan-firma-secildi.jpg\"><img loading=\"lazy\" class=\"alignleft size-medium wp-image-60881\" src=\"https:\/\/www.enerjigazetesi.ist\/wp-content\/uploads\/2017\/01\/netas-enerjiyi-en-verimli-kullanan-firma-secildi-300x200.jpg\" alt=\"netas-enerjiyi-en-verimli-kullanan-firma-secildi\" width=\"300\" height=\"200\" srcset=\"https:\/\/www.enerjigazetesi.ist\/wp-content\/uploads\/2017\/01\/netas-enerjiyi-en-verimli-kullanan-firma-secildi-300x200.jpg 300w, https:\/\/www.enerjigazetesi.ist\/wp-content\/uploads\/2017\/01\/netas-enerjiyi-en-verimli-kullanan-firma-secildi-1024x682.jpg 1024w, https:\/\/www.enerjigazetesi.ist\/wp-content\/uploads\/2017\/01\/netas-enerjiyi-en-verimli-kullanan-firma-secildi-500x333.jpg 500w, https:\/\/www.enerjigazetesi.ist\/wp-content\/uploads\/2017\/01\/netas-enerjiyi-en-verimli-kullanan-firma-secildi-75x50.jpg 75w, https:\/\/www.enerjigazetesi.ist\/wp-content\/uploads\/2017\/01\/netas-enerjiyi-en-verimli-kullanan-firma-secildi.jpg 1200w\" sizes=\"(max-width: 300px) 100vw, 300px\" \/><\/a>projelerinin y\u00f6netiminde de uyguluyor. Bu do\u011frultuda enerji yo\u011funlu\u011funu 2008-2012 y\u0131llar\u0131 aras\u0131ndaki referans de\u011ferlere g\u00f6re son 3 y\u0131lda ortalama %66,3 azaltan Neta\u015f, Enerji ve Tabii Kaynaklar Bakanl\u0131\u011f\u0131 Yenilenebilir Enerji Genel M\u00fcd\u00fcrl\u00fc\u011f\u00fc taraf\u0131ndan 17\u2019ncisi d\u00fczenlenen Sanayide Enerji Verimlili\u011fi Proje Yar\u0131\u015fmas\u0131\u2019nda (SENVER) \u201cEn Verimli End\u00fcstriyel Tesis\u201d (EVET) kategorisinde birincilik \u00f6d\u00fcl\u00fcn\u00fcn sahibi oldu.<\/p>\n<p>Neta\u015f\u2019a elektrikli te\u00e7hizat imalat\u0131 alt sekt\u00f6r\u00fcnde birincilik \u00f6d\u00fcl\u00fc getiren ba\u015far\u0131da, Neta\u015f\u2019\u0131n operasyonlar\u0131n\u0131 \u00e7evreyi etkilemeden s\u00fcrd\u00fcrmesi, lokasyon kurulumu \u00e7al\u0131\u015fmalar\u0131nda enerji verimlili\u011fi y\u00fcksek \u00fcr\u00fcnlerin se\u00e7ilmesi, ofis-laboratuvar-veri merkezlerinin i\u00e7 konumland\u0131r\u0131lmalar\u0131 ve tesislerinde kulland\u0131\u011f\u0131 verimli takip-kontrol ve merkezi otomasyon sistemleri etkili oldu. 8. Enerji Verimlili\u011fi Forumu etkinlikleri kapsam\u0131nda 11 Ocak\u2019ta WOW Convention Center \u0130stanbul\u2019da d\u00fczenlenen \u00f6d\u00fcl t\u00f6reninde, Neta\u015f CEO\u2019su C. M\u00fcjdat Altay birincilik \u00f6d\u00fcl\u00fcn\u00fc ve te\u015fekk\u00fcr belgesini Enerji ve Tabii Kaynaklar Bakanl\u0131\u011f\u0131 M\u00fcste\u015far\u0131 Fatih D\u00f6nmez\u2019den ald\u0131.<\/p>\n<p>Altay, konuyla ilgili yapt\u0131\u011f\u0131 a\u00e7\u0131klamada \u015funlar\u0131 s\u00f6yledi: \u201cEnerjinin verimli kullan\u0131m\u0131n\u0131n \u00fclkemizin hedeflerine ula\u015fmas\u0131nda son derece kritik bir ihtiya\u00e7 oldu\u011fu bilinciyle, 50\u2019nci y\u0131l\u0131m\u0131zda ald\u0131\u011f\u0131m\u0131z bu \u00f6d\u00fclden b\u00fcy\u00fck bir gurur duyuyoruz. Bu ba\u015far\u0131ya teknolojiyi verimli kullanarak eri\u015ftik. Bug\u00fcn geldi\u011fimiz noktada, bili\u015fim teknolojileri ile enerji kullan\u0131m\u0131n\u0131 optimize ederek s\u00fcrd\u00fcr\u00fclebilirli\u011fini sa\u011flayabiliyoruz. Dijital d\u00f6n\u00fc\u015f\u00fcmde \u00fclkemizin lider sistem entegrat\u00f6r\u00fc olarak kazand\u0131\u011f\u0131m\u0131z g\u00fc\u00e7l\u00fc deneyim ve birikimi her zaman oldu\u011fu gibi T\u00fcrkiye\u2019nin ihtiya\u00e7lar\u0131 do\u011frultusunda sunmaya devam edece\u011fiz.<\/p>","protected":false},"excerpt":{"rendered":"<p>Sorry, this entry is only available in Turkish. For the sake of viewer convenience, the content is shown below in the alternative language. You may click the link to switch the active language.T\u00fcrkiye\u2019nin dijital gelece\u011finin mimar\u0131 Neta\u015f, enerji yo\u011funlu\u011funu son 3 y\u0131lda ortalama %66,3 azaltarak, Enerji ve Tabii Kaynaklar Bakanl\u0131\u011f\u0131 Yenilenebilir Enerji Genel M\u00fcd\u00fcrl\u00fc\u011f\u00fc taraf\u0131ndan [&hellip;]<\/p>\n","protected":false},"author":1,"featured_media":60881,"comment_status":"open","ping_status":"open","sticky":false,"template":"","format":"standard","meta":[],"categories":[53,52],"tags":[32782,63,67,1009,2698,165,1972,12,1660,27530,32781,12036,12037,793,2168],"views":1396,"_links":{"self":[{"href":"https:\/\/www.enerjigazetesi.ist\/en\/wp-json\/wp\/v2\/posts\/60880"}],"collection":[{"href":"https:\/\/www.enerjigazetesi.ist\/en\/wp-json\/wp\/v2\/posts"}],"about":[{"href":"https:\/\/www.enerjigazetesi.ist\/en\/wp-json\/wp\/v2\/types\/post"}],"author":[{"embeddable":true,"href":"https:\/\/www.enerjigazetesi.ist\/en\/wp-json\/wp\/v2\/users\/1"}],"replies":[{"embeddable":true,"href":"https:\/\/www.enerjigazetesi.ist\/en\/wp-json\/wp\/v2\/comments?post=60880"}],"version-history":[{"count":3,"href":"https:\/\/www.enerjigazetesi.ist\/en\/wp-json\/wp\/v2\/posts\/60880\/revisions"}],"predecessor-version":[{"id":60884,"href":"https:\/\/www.enerjigazetesi.ist\/en\/wp-json\/wp\/v2\/posts\/60880\/revisions\/60884"}],"wp:featuredmedia":[{"embeddable":true,"href":"https:\/\/www.enerjigazetesi.ist\/en\/wp-json\/wp\/v2\/media\/60881"}],"wp:attachment":[{"href":"https:\/\/www.enerjigazetesi.ist\/en\/wp-json\/wp\/v2\/media?parent=60880"}],"wp:term":[{"taxonomy":"category","embeddable":true,"href":"https:\/\/www.enerjigazetesi.ist\/en\/wp-json\/wp\/v2\/categories?post=60880"},{"taxonomy":"post_tag","embeddable":true,"href":"https:\/\/www.enerjigazetesi.ist\/en\/wp-json\/wp\/v2\/tags?post=60880"}],"curies":[{"name":"wp","href":"https:\/\/api.w.org\/{rel}","templated":true}]}}