{"id":60863,"date":"2017-01-12T11:56:15","date_gmt":"2017-01-12T08:56:15","guid":{"rendered":"https:\/\/www.enerjigazetesi.ist\/?p=60863"},"modified":"2017-01-12T11:56:15","modified_gmt":"2017-01-12T08:56:15","slug":"tamek-enerji-verimliliginin-lideri-oldu","status":"publish","type":"post","link":"https:\/\/www.enerjigazetesi.ist\/en\/tamek-enerji-verimliliginin-lideri-oldu\/","title":{"rendered":"(Turkish) TAMEK, Enerji Verimlili\u011finin Lideri Oldu"},"content":{"rendered":"<p class=\"qtranxs-available-languages-message qtranxs-available-languages-message-en\">Sorry, this entry is only available in <a href=\"https:\/\/www.enerjigazetesi.ist\/tr\/wp-json\/wp\/v2\/posts\/60863\" class=\"qtranxs-available-language-link qtranxs-available-language-link-tr\" title=\"Turkish\">Turkish<\/a>. For the sake of viewer convenience, the content is shown below in the alternative language. You may click the link to switch the active language.<\/p><p><strong>T\u00fcrkiye&#8217;nin en k\u00f6kl\u00fc g\u0131da firmas\u0131 TAMEK, \u00fcretimde sa\u011flad\u0131\u011f\u0131 enerji verimlili\u011fi ile, Sanayide Enerji Verimlili\u011fi Proje Yar\u0131\u015fmas\u0131 (SENVER) kapsam\u0131nda b\u00fcy\u00fck \u00f6d\u00fcle de\u011fer g\u00f6r\u00fcld\u00fc. Enerji yo\u011funlu\u011funu iki y\u0131lda y\u00fczde 66,9 oran\u0131nda azaltmay\u0131 ba\u015faran TAMEK\u2019in Genel M\u00fcd\u00fcr\u00fc Cem Kurt, \u00f6d\u00fcl\u00fc Enerji ve Tabii Kaynaklar Bakanl\u0131\u011f\u0131 M\u00fcste\u015far\u0131 Fatih D\u00f6nmez\u2019in elinden ald\u0131.<\/strong><\/p>\n<p>Sanayide enerji verimlili\u011fi sa\u011flayan \u015firketleri \u00f6d\u00fcllendiren Enerji Bakanl\u0131\u011f\u0131, bu y\u0131l 17.sini d\u00fczenledi<a href=\"https:\/\/www.enerjigazetesi.ist\/wp-content\/uploads\/2017\/01\/tamek-enerji-verimliliginin-lideri-oldu.jpg\"><img loading=\"lazy\" class=\"alignright size-medium wp-image-60864\" src=\"https:\/\/www.enerjigazetesi.ist\/wp-content\/uploads\/2017\/01\/tamek-enerji-verimliliginin-lideri-oldu-300x220.jpg\" alt=\"tamek-enerji-verimliliginin-lideri-oldu\" width=\"300\" height=\"220\" srcset=\"https:\/\/www.enerjigazetesi.ist\/wp-content\/uploads\/2017\/01\/tamek-enerji-verimliliginin-lideri-oldu-300x220.jpg 300w, https:\/\/www.enerjigazetesi.ist\/wp-content\/uploads\/2017\/01\/tamek-enerji-verimliliginin-lideri-oldu-1024x752.jpg 1024w, https:\/\/www.enerjigazetesi.ist\/wp-content\/uploads\/2017\/01\/tamek-enerji-verimliliginin-lideri-oldu-500x367.jpg 500w, https:\/\/www.enerjigazetesi.ist\/wp-content\/uploads\/2017\/01\/tamek-enerji-verimliliginin-lideri-oldu-68x50.jpg 68w, https:\/\/www.enerjigazetesi.ist\/wp-content\/uploads\/2017\/01\/tamek-enerji-verimliliginin-lideri-oldu.jpg 1200w\" sizes=\"(max-width: 300px) 100vw, 300px\" \/><\/a>\u011fi Sanayide Enerji Verimlili\u011fi Proje Yar\u0131\u015fmas\u0131\u2019nda \u00f6d\u00fcl verece\u011fi \u015firketleri a\u00e7\u0131klad\u0131. 2013 \u2013 2015 y\u0131llar\u0131 aras\u0131nda, son iki y\u0131ll\u0131k periyoda g\u00f6re enerji yo\u011funlu\u011funu y\u00fczde 66,9 oran\u0131nda azaltmay\u0131 ba\u015faran TAMEK, g\u0131da \u00fcr\u00fcnleri imalat\u00e7\u0131lar\u0131 kategorisinde birincilik \u00f6d\u00fcl\u00fcne de\u011fer g\u00f6r\u00fcld\u00fc.<\/p>\n<p>Enerji verimlili\u011finin art\u0131r\u0131lmas\u0131 amac\u0131yla ba\u015far\u0131l\u0131 projelerin duyurulmas\u0131 ve te\u015fvik edilmesi politikas\u0131 ile hareket eden Enerji Bakanl\u0131\u011f\u0131, end\u00fcstriyel i\u015fletmelerin uygulad\u0131\u011f\u0131 enerji verimli ve \u00e7evreye duyarl\u0131 projelerin ve teknolojilerin ortaya \u00e7\u0131kar\u0131lmas\u0131, tan\u0131t\u0131lmas\u0131 ve yayg\u0131nla\u015ft\u0131r\u0131lmas\u0131, end\u00fcstriyel i\u015fletmeler aras\u0131nda bilgi al\u0131\u015fveri\u015finin art\u0131r\u0131lmas\u0131, enerji verimlili\u011fi konusunda yeni ve benzer \u00e7al\u0131\u015fmalar\u0131n te\u015fvik edilmesi amac\u0131yla her y\u0131l Sanayide Enerji Verimlili\u011fi Proje Yar\u0131\u015fmas\u0131 (SENVER) d\u00fczenliyor.<\/p>\n<p><strong>\u0130ki Y\u0131lda Y\u00fczde 66,9\u2019luk Enerji Tasarrufu<\/strong><\/p>\n<p>TAMEK, iki y\u0131l i\u00e7erisinde enerji verimlili\u011fini y\u00fczde 66,9 oran\u0131nda azaltmay\u0131 ba\u015fararak yar\u0131\u015fma kapsam\u0131nda, Enerji Verimli End\u00fcstriyel Tesis (EVET) kategorisinde, g\u0131da sekt\u00f6r\u00fcn\u00fcn en iyi \u015firketi se\u00e7ildi. \u00d6d\u00fcl\u00fc TAMEK ad\u0131na, 8. Enerji Verimlili\u011fi Forumu kapsam\u0131nda d\u00fczenlenen t\u00f6renle Enerji ve Tabii Kaynaklar Bakanl\u0131\u011f\u0131 M\u00fcste\u015far\u0131 Fatih D\u00f6nmez\u2019in elinden alan TAMEK Genel M\u00fcd\u00fcr\u00fc Cem Kurt \u201cTAMEK olarak 2015 y\u0131l\u0131ndan bu yana enerji kullan\u0131m\u0131m\u0131z\u0131 azaltmak i\u00e7in bir \u00e7ok proje geli\u015ftiriyoruz. S\u00fcrd\u00fcrebilir bir ya\u015fam\u0131n temelinin s\u00fcrd\u00fcr\u00fclebilir kaynaklardan ge\u00e7ti\u011fini biliyor, i\u015f yap\u0131\u015f politikalar\u0131m\u0131z\u0131 buna g\u00f6re belirliyoruz. Enerji yo\u011funlu\u011funu daha da azaltmay\u0131 hedefleyen 30\u2019a yak\u0131n projemizi 2017 ve 2018\u2019de hayata ge\u00e7irerek daha az enerji ile daha \u00e7ok \u00fcretece\u011fiz\u201d \u015feklinde konu\u015ftu.<\/p>\n<p><strong>Tasarrufun Yolu Mevcut Kaynaklar\u0131n Efektif Kullan\u0131m\u0131ndan Ge\u00e7iyor<\/strong><\/p>\n<p>\u0130ki y\u0131l i\u00e7erisinde y\u00fczde 66,9 enerji tasarrufu sa\u011flayan TAMEK, T\u00dcB\u0130TAK ile ger\u00e7ekle\u015ftirdi\u011fi enerji verimlili\u011fi \u00e7al\u0131\u015fmalar\u0131 ve verim art\u0131r\u0131c\u0131 projelerle enerji maliyetlerini d\u00fc\u015f\u00fcrmenin yan\u0131 s\u0131ra, mevcut kaynaklar\u0131n\u0131 elden ge\u00e7irerek daha az enerjiyle daha fazla verim elde etti. TAMEK \u00f6ncelikle, \u0130stanbul Ulus\u2019taki Holding binas\u0131ndan ba\u015flayarak, \u00fcretimin yap\u0131ld\u0131\u011f\u0131 Bursa, Bal\u0131kesir, Manisa ve K\u0131br\u0131s\u2019ta bulunan d\u00f6rt fabrikas\u0131nda \u00e7al\u0131\u015fanlar\u0131 ile birlikte e\u011fitim ve proje planlar\u0131n\u0131 yap\u0131land\u0131rd\u0131. S\u00fcre\u00e7 i\u00e7inde enerji verimlili\u011fini artt\u0131rmak amac\u0131yla, \u00fcretim tesislerinde \u0131s\u0131 yal\u0131t\u0131m\u0131, bas\u0131n\u00e7l\u0131 hava sistemlerinde d\u00fc\u015f\u00fck bas\u0131n\u00e7l\u0131 hava kullan\u0131m\u0131, \u00fcretim sahalar\u0131nda do\u011fru ayd\u0131nlatma kullan\u0131m\u0131, eklenen otomasyon sistemleri ile \u00fcretim hatlar\u0131 ve yard\u0131mc\u0131 i\u015fletme ekipmanlar\u0131n\u0131n enerji kullan\u0131m\u0131n\u0131n minimize edilmesi, do\u011fru \u00fcretim planlamas\u0131 ve \u00fcretim hatt\u0131 verimliliklerinin y\u00fckseltilmesi projelerini ba\u015far\u0131l\u0131 i\u015f sonu\u00e7lar\u0131na ta\u015f\u0131yarak, y\u00fczde 66,9\u2019luk enerji tasarrufunu ger\u00e7ekle\u015ftirdi.<\/p>","protected":false},"excerpt":{"rendered":"<p>Sorry, this entry is only available in Turkish. For the sake of viewer convenience, the content is shown below in the alternative language. You may click the link to switch the active language.T\u00fcrkiye&#8217;nin en k\u00f6kl\u00fc g\u0131da firmas\u0131 TAMEK, \u00fcretimde sa\u011flad\u0131\u011f\u0131 enerji verimlili\u011fi ile, Sanayide Enerji Verimlili\u011fi Proje Yar\u0131\u015fmas\u0131 (SENVER) kapsam\u0131nda b\u00fcy\u00fck \u00f6d\u00fcle de\u011fer g\u00f6r\u00fcld\u00fc. Enerji [&hellip;]<\/p>\n","protected":false},"author":1,"featured_media":60864,"comment_status":"open","ping_status":"open","sticky":false,"template":"","format":"standard","meta":[],"categories":[53,52],"tags":[32776,63,67,1009,2698,165,12,754,12036,12037,32777,793],"views":1348,"_links":{"self":[{"href":"https:\/\/www.enerjigazetesi.ist\/en\/wp-json\/wp\/v2\/posts\/60863"}],"collection":[{"href":"https:\/\/www.enerjigazetesi.ist\/en\/wp-json\/wp\/v2\/posts"}],"about":[{"href":"https:\/\/www.enerjigazetesi.ist\/en\/wp-json\/wp\/v2\/types\/post"}],"author":[{"embeddable":true,"href":"https:\/\/www.enerjigazetesi.ist\/en\/wp-json\/wp\/v2\/users\/1"}],"replies":[{"embeddable":true,"href":"https:\/\/www.enerjigazetesi.ist\/en\/wp-json\/wp\/v2\/comments?post=60863"}],"version-history":[{"count":1,"href":"https:\/\/www.enerjigazetesi.ist\/en\/wp-json\/wp\/v2\/posts\/60863\/revisions"}],"predecessor-version":[{"id":60865,"href":"https:\/\/www.enerjigazetesi.ist\/en\/wp-json\/wp\/v2\/posts\/60863\/revisions\/60865"}],"wp:featuredmedia":[{"embeddable":true,"href":"https:\/\/www.enerjigazetesi.ist\/en\/wp-json\/wp\/v2\/media\/60864"}],"wp:attachment":[{"href":"https:\/\/www.enerjigazetesi.ist\/en\/wp-json\/wp\/v2\/media?parent=60863"}],"wp:term":[{"taxonomy":"category","embeddable":true,"href":"https:\/\/www.enerjigazetesi.ist\/en\/wp-json\/wp\/v2\/categories?post=60863"},{"taxonomy":"post_tag","embeddable":true,"href":"https:\/\/www.enerjigazetesi.ist\/en\/wp-json\/wp\/v2\/tags?post=60863"}],"curies":[{"name":"wp","href":"https:\/\/api.w.org\/{rel}","templated":true}]}}