{"id":60828,"date":"2017-01-11T11:17:01","date_gmt":"2017-01-11T08:17:01","guid":{"rendered":"https:\/\/www.enerjigazetesi.ist\/?p=60828"},"modified":"2017-01-11T15:23:38","modified_gmt":"2017-01-11T12:23:38","slug":"kumbaroglundan-elektrikte-de-ohal-donemi-baslatilmalidir-onerisi","status":"publish","type":"post","link":"https:\/\/www.enerjigazetesi.ist\/en\/kumbaroglundan-elektrikte-de-ohal-donemi-baslatilmalidir-onerisi\/","title":{"rendered":"(Turkish) Kumbaro\u011flu&#8217;ndan Elektrikte de OHAL D\u00f6nemi Ba\u015flat\u0131lmal\u0131d\u0131r \u00d6nerisi"},"content":{"rendered":"<p class=\"qtranxs-available-languages-message qtranxs-available-languages-message-en\">Sorry, this entry is only available in <a href=\"https:\/\/www.enerjigazetesi.ist\/tr\/wp-json\/wp\/v2\/posts\/60828\" class=\"qtranxs-available-language-link qtranxs-available-language-link-tr\" title=\"Turkish\">Turkish<\/a>. For the sake of viewer convenience, the content is shown below in the alternative language. You may click the link to switch the active language.<\/p><p><\/p>\n<p style=\"color: #0a0a0a;\"><strong>Ge\u00e7ti\u011fimiz g\u00fcnlerde ya\u015fad\u0131\u011f\u0131m\u0131z ve organize sanayi b\u00f6lgeleri ba\u015fta olmak \u00fczere \u00e7ok say\u0131da yeri etkisi alt\u0131na alan elektrik kesintilerinin sebebine ili\u015fkin farkl\u0131 yorumlar yap\u0131l\u0131rken, Bo\u011fazi\u00e7i \u00dcniversitesi Enerji Politikalar\u0131 Ara\u015ft\u0131rma Merkezi Direkt\u00f6r\u00fc Prof. Dr. G\u00fcrkan Kumbaro\u011flu taraf\u0131ndan \u2018Elektrikte de OHAL d\u00f6nemi ba\u015flat\u0131lmal\u0131d\u0131r\u2019 \u00f6nerisi geldi.<\/strong><\/p>\n<p style=\"color: #0a0a0a;\"><span id=\"more-87139\"><\/span>Prof. Dr. Kumbaro\u011flu, elektrik kesintisinin ard\u0131ndan izlenen yol haritas\u0131 ve kriz y\u00f6netimi kapsam\u0131nda s\u00fcrece ili\u015fkin en \u00f6nemli kilometre ta\u015flar\u0131ndan birinin Enerj<a href=\"https:\/\/www.enerjigazetesi.ist\/wp-content\/uploads\/2017\/01\/kumbaroglundan-elektrikte-de-ohal-donemi-baslatilmalidir-onerisi.jpg\"><img loading=\"lazy\" class=\"alignleft size-medium wp-image-60829\" src=\"https:\/\/www.enerjigazetesi.ist\/wp-content\/uploads\/2017\/01\/kumbaroglundan-elektrikte-de-ohal-donemi-baslatilmalidir-onerisi-300x182.jpg\" alt=\"kumbaroglundan-elektrikte-de-ohal-donemi-baslatilmalidir-onerisi\" width=\"300\" height=\"182\" srcset=\"https:\/\/www.enerjigazetesi.ist\/wp-content\/uploads\/2017\/01\/kumbaroglundan-elektrikte-de-ohal-donemi-baslatilmalidir-onerisi-300x182.jpg 300w, https:\/\/www.enerjigazetesi.ist\/wp-content\/uploads\/2017\/01\/kumbaroglundan-elektrikte-de-ohal-donemi-baslatilmalidir-onerisi-1024x622.jpg 1024w, https:\/\/www.enerjigazetesi.ist\/wp-content\/uploads\/2017\/01\/kumbaroglundan-elektrikte-de-ohal-donemi-baslatilmalidir-onerisi-500x303.jpg 500w, https:\/\/www.enerjigazetesi.ist\/wp-content\/uploads\/2017\/01\/kumbaroglundan-elektrikte-de-ohal-donemi-baslatilmalidir-onerisi-80x48.jpg 80w, https:\/\/www.enerjigazetesi.ist\/wp-content\/uploads\/2017\/01\/kumbaroglundan-elektrikte-de-ohal-donemi-baslatilmalidir-onerisi.jpg 1068w\" sizes=\"(max-width: 300px) 100vw, 300px\" \/><\/a>i Bakanl\u0131\u011f\u0131nca elektrik tavan fiyat uygulamas\u0131nda getirilen \u00fcst s\u0131n\u0131r oldu\u011funu\u00a0belirtti.<br \/>\nKesintilerin ola\u011fan\u00fcst\u00fc do\u011fa ko\u015fullar\u0131, do\u011falgaz arz\u0131ndaki s\u0131k\u0131nt\u0131 ve manip\u00fclasyon olmak \u00fczere 3 ana ba\u015fl\u0131kta ele al\u0131nd\u0131\u011f\u0131n\u0131 vurgulayan\u00a0Prof. Dr. Kumbaro\u011flu, \u201cBu d\u00f6neminin sadece fiyat s\u0131n\u0131rlamas\u0131 ile s\u0131n\u0131rl\u0131 kalaca\u011f\u0131 d\u00fc\u015f\u00fcn\u00fclmemelidir, T\u00fcrkiye\u2019de bir\u00e7ok ili karanl\u0131\u011fa g\u00f6men ve \u00fclke ekonomisini y\u00fczlerce milyon TL zarara sokan yak\u0131n d\u00f6nemin ayd\u0131nlat\u0131laca\u011f\u0131 ve tekrarlanmamas\u0131 i\u00e7in gerekli \u00f6nlemlerin al\u0131naca\u011f\u0131 bir OHAL d\u00f6nemi olarak g\u00f6r\u00fclmelidir\u201d ifadesini kulland\u0131.<\/p>\n<p style=\"color: #0a0a0a;\"><strong>\u201cErken uyar\u0131 sistemi hayata ge\u00e7irilmeli\u201d<\/strong><\/p>\n<p style=\"color: #0a0a0a;\">Prof. Dr. Kumbaro\u011flu, \u201c\u00d6ncelikle; \u00fcretim, da\u011f\u0131t\u0131m ve ticaret \u015firketleri mercek alt\u0131na al\u0131nmal\u0131 ve kesintilerin manip\u00fclatif uygulamalardan m\u0131 kaynakland\u0131\u011f\u0131 sorusunun cevab\u0131 net bir \u015fekilde verilmelidir. Sadece hesap ayr\u0131\u015ft\u0131rmas\u0131 ve hukuki ayr\u0131\u015ft\u0131rma de\u011fil, ayn\u0131 zamanda m\u00fclkiyet ayr\u0131\u015ft\u0131rmas\u0131 ilkesi de hayata ge\u00e7irilmelidir. Yeni uygulamaya al\u0131nan yerli algoritma yaz\u0131l\u0131m\u0131 ba\u011f\u0131ms\u0131z kurulu\u015flarca incelemeye al\u0131nmal\u0131, elektrik kesintilerinin ya\u015fand\u0131\u011f\u0131 d\u00f6nemde g\u00f6r\u00fclen y\u00fcksek fiyatlardaki rol\u00fc ara\u015ft\u0131r\u0131lmal\u0131d\u0131r. Elektrik kesintilerini \u00f6nleyecek rezerv kapasite miktarlar\u0131 belirlenmeli, gerekli g\u00f6r\u00fcld\u00fc\u011f\u00fc takdirde kapasite piyasas\u0131n\u0131n hayata ge\u00e7irilmesi ve erken uyar\u0131 sisteminin geli\u015ftirilmesi konusunda ad\u0131mlar at\u0131lmal\u0131d\u0131r. Ve en \u00f6nemlisi, elektrik piyasas\u0131nda hakim g\u00fcc\u00fcn ve manip\u00fclatif hareketlerin denetimini ger\u00e7ekle\u015ftirecek ba\u011f\u0131ms\u0131z bir kurul olu\u015fturulmal\u0131d\u0131r. E\u011fer \u00f6n\u00fcm\u00fczdeki d\u00f6nemlerde bu re\u00e7eteyi uygulayabilirsek \u00fclke ekonomimize milyonlarca dolar zarar veren kesintilerin \u00f6n\u00fcne ge\u00e7mekle kalmaz, piyasan\u0131n dengelerini de \u00e7ok daha sa\u011flam temeller \u00fczerine oturtmu\u015f oluruz.\u201d\u00a0ifadelerine yer verdi.<\/p>\n<p style=\"color: #0a0a0a;\">Kaynak: <a href=\"http:\/\/enerjienstitusu.com\/2017\/01\/11\/kumbaroglundan-elektrikte-de-ohal-donemi-baslatilmali-onerisi\/\" target=\"_blank\" rel=\"nofollow\">Enerji Enstit\u00fcs\u00fc<\/a><\/p>\n<p><\/p>","protected":false},"excerpt":{"rendered":"<p>Sorry, this entry is only available in Turkish. For the sake of viewer convenience, the content is shown below in the alternative language. You may click the link to switch the active language. Ge\u00e7ti\u011fimiz g\u00fcnlerde ya\u015fad\u0131\u011f\u0131m\u0131z ve organize sanayi b\u00f6lgeleri ba\u015fta olmak \u00fczere \u00e7ok say\u0131da yeri etkisi alt\u0131na alan elektrik kesintilerinin sebebine ili\u015fkin farkl\u0131 yorumlar [&hellip;]<\/p>\n","protected":false},"author":1,"featured_media":60829,"comment_status":"open","ping_status":"open","sticky":false,"template":"","format":"standard","meta":[],"categories":[51,53],"tags":[92,68,61,19638,140,1451,2873,63,67,1009,2698,165,32750,19155,32751,4630],"views":477,"_links":{"self":[{"href":"https:\/\/www.enerjigazetesi.ist\/en\/wp-json\/wp\/v2\/posts\/60828"}],"collection":[{"href":"https:\/\/www.enerjigazetesi.ist\/en\/wp-json\/wp\/v2\/posts"}],"about":[{"href":"https:\/\/www.enerjigazetesi.ist\/en\/wp-json\/wp\/v2\/types\/post"}],"author":[{"embeddable":true,"href":"https:\/\/www.enerjigazetesi.ist\/en\/wp-json\/wp\/v2\/users\/1"}],"replies":[{"embeddable":true,"href":"https:\/\/www.enerjigazetesi.ist\/en\/wp-json\/wp\/v2\/comments?post=60828"}],"version-history":[{"count":2,"href":"https:\/\/www.enerjigazetesi.ist\/en\/wp-json\/wp\/v2\/posts\/60828\/revisions"}],"predecessor-version":[{"id":60834,"href":"https:\/\/www.enerjigazetesi.ist\/en\/wp-json\/wp\/v2\/posts\/60828\/revisions\/60834"}],"wp:featuredmedia":[{"embeddable":true,"href":"https:\/\/www.enerjigazetesi.ist\/en\/wp-json\/wp\/v2\/media\/60829"}],"wp:attachment":[{"href":"https:\/\/www.enerjigazetesi.ist\/en\/wp-json\/wp\/v2\/media?parent=60828"}],"wp:term":[{"taxonomy":"category","embeddable":true,"href":"https:\/\/www.enerjigazetesi.ist\/en\/wp-json\/wp\/v2\/categories?post=60828"},{"taxonomy":"post_tag","embeddable":true,"href":"https:\/\/www.enerjigazetesi.ist\/en\/wp-json\/wp\/v2\/tags?post=60828"}],"curies":[{"name":"wp","href":"https:\/\/api.w.org\/{rel}","templated":true}]}}