{"id":60788,"date":"2017-01-10T11:01:25","date_gmt":"2017-01-10T08:01:25","guid":{"rendered":"https:\/\/www.enerjigazetesi.ist\/?p=60788"},"modified":"2017-01-10T11:01:25","modified_gmt":"2017-01-10T08:01:25","slug":"kesintisiz-elektrik-saglanmasi-icin-12-yeni-acil-mudahale-ekibi-kuruluyor","status":"publish","type":"post","link":"https:\/\/www.enerjigazetesi.ist\/en\/kesintisiz-elektrik-saglanmasi-icin-12-yeni-acil-mudahale-ekibi-kuruluyor\/","title":{"rendered":"(Turkish) Kesintisiz Elektrik Sa\u011flanmas\u0131 \u0130\u00e7in 12 Yeni Acil M\u00fcdahale Ekibi Kuruluyor"},"content":{"rendered":"<p class=\"qtranxs-available-languages-message qtranxs-available-languages-message-en\">Sorry, this entry is only available in <a href=\"https:\/\/www.enerjigazetesi.ist\/tr\/wp-json\/wp\/v2\/posts\/60788\" class=\"qtranxs-available-language-link qtranxs-available-language-link-tr\" title=\"Turkish\">Turkish<\/a>. For the sake of viewer convenience, the content is shown below in the alternative language. You may click the link to switch the active language.<\/p><p><\/p>\n<p style=\"color: #0a0a0a;\"><strong>H\u00fck\u00fcmet, vatanda\u015flara kesintisiz ve kaliteli elektrik enerjisi verilmesi i\u00e7in acil m\u00fcdahale timleri kurmaktad\u0131r. Hedef, 12 m\u00fcdahale ekibi ile 300 \u00f6nleyici bak\u0131m \u00e7al\u0131\u015fmas\u0131\u00a0ger\u00e7ekle\u015ftirilmesinin sa\u011flanmas\u0131d\u0131r.<\/strong><\/p>\n<p style=\"color: #0a0a0a;\">Enerji ve Tabii Kaynaklar Bakanl\u0131\u011f\u0131 taraf\u0131ndan vatanda\u015flara kesintisiz ve kaliteli elektrik enerjisinin sa\u011fl<a href=\"https:\/\/www.enerjigazetesi.ist\/wp-content\/uploads\/2016\/07\/istanbul-avrupa-yakasinda-bayramda-elektrik-kesintisi-olmayacak.jpg\"><img loading=\"lazy\" class=\"alignright size-full wp-image-55096\" src=\"https:\/\/www.enerjigazetesi.ist\/wp-content\/uploads\/2016\/07\/istanbul-avrupa-yakasinda-bayramda-elektrik-kesintisi-olmayacak.jpg\" alt=\"istanbul-avrupa-yakasinda-bayramda-elektrik-kesintisi-olmayacak\" width=\"300\" height=\"200\" srcset=\"https:\/\/www.enerjigazetesi.ist\/wp-content\/uploads\/2016\/07\/istanbul-avrupa-yakasinda-bayramda-elektrik-kesintisi-olmayacak.jpg 300w, https:\/\/www.enerjigazetesi.ist\/wp-content\/uploads\/2016\/07\/istanbul-avrupa-yakasinda-bayramda-elektrik-kesintisi-olmayacak-75x50.jpg 75w\" sizes=\"(max-width: 300px) 100vw, 300px\" \/><\/a>anmas\u0131 ile elektrik kesintilerini minimize etmek i\u00e7in 12 yeni acil m\u00fcdahale ekibi kurulmas\u0131 kararla\u015ft\u0131r\u0131ld\u0131. \u0130letim hatt\u0131 ve trafo\u00a0bak\u0131m faaliyetlerini sistemin enerjisini kesmeden yapacak ekipler, ayn\u0131 zamanda \u0130stanbul\u2019da yak\u0131n zamanda ya\u015fanan b\u00fcy\u00fck kaza-k\u0131r\u0131mlar gibi olaylarda da g\u00f6rev yapacaklard\u0131r.<\/p>\n<p style=\"color: #0a0a0a;\">T\u00fcrkiye Elektrik \u0130letim A\u015e\u2019nin (TE\u0130A\u015e) ana g\u00f6revi kapsam\u0131nda olan uygulamada, Kas\u0131m 2014\u2019te Ankara\u2019da e\u011fitimleri tamamlanan biri hat ve biri trafo olmak \u00fczere iki canl\u0131 bak\u0131m ekibi faaliyetlerine ba\u015flam\u0131\u015ft\u0131r. Bu iki ekibin \u00e7al\u0131\u015fma alt gerilim s\u0131n\u0131r\u0131 ise 154 KW\u2019l\u0131k y\u00fcksek gerilim hatlar\u0131 olarak belirlenmi\u015ftir. 2019 y\u0131l\u0131 sonuna kadar 6\u2019s\u0131 hat, 6\u2019s\u0131 da trafo bak\u0131m ekibi olmak \u00fczere 12 ekibin daha e\u011fitimlerinin tamamlanarak \u00e7al\u0131\u015f\u0131r duruma getirilmesi kararla\u015ft\u0131r\u0131lm\u0131\u015ft\u0131r. Projeyle y\u0131lda ortalama 280-300 \u00f6nleyici bak\u0131m \u00e7al\u0131\u015fmas\u0131n\u0131n canl\u0131 yap\u0131lmas\u0131 hedeflenmektedir. Bakanl\u0131k, ekip say\u0131s\u0131nda art\u0131\u015f yaparak bak\u0131m \u00e7al\u0131\u015fmalar\u0131n\u0131n tamam\u0131n\u0131 enerji kesmeden yapmay\u0131\u00a0\u00f6ng\u00f6rmektedir.<\/p>\n<p style=\"color: #0a0a0a;\">Kaynak: <a href=\"http:\/\/enerjienstitusu.com\/2017\/01\/09\/enerji-tabii-kaynaklar-bakanligi-kesintisiz-elektrik-icin-12-yeni-acil-mudahale-ekibi-kurulmasini-kararlastirdi\/\" target=\"_blank\" rel=\"nofollow\">Enerji Enstit\u00fcs\u00fc<\/a><\/p>\n<p><\/p>","protected":false},"excerpt":{"rendered":"<p>Sorry, this entry is only available in Turkish. For the sake of viewer convenience, the content is shown below in the alternative language. You may click the link to switch the active language. H\u00fck\u00fcmet, vatanda\u015flara kesintisiz ve kaliteli elektrik enerjisi verilmesi i\u00e7in acil m\u00fcdahale timleri kurmaktad\u0131r. Hedef, 12 m\u00fcdahale ekibi ile 300 \u00f6nleyici bak\u0131m \u00e7al\u0131\u015fmas\u0131\u00a0ger\u00e7ekle\u015ftirilmesinin [&hellip;]<\/p>\n","protected":false},"author":1,"featured_media":55096,"comment_status":"open","ping_status":"open","sticky":false,"template":"","format":"standard","meta":[],"categories":[51,53],"tags":[32739,32740,68,61,19638,1451,2873,63,67,1009,2698,165,1972,1010,1967,32741,1582],"views":816,"_links":{"self":[{"href":"https:\/\/www.enerjigazetesi.ist\/en\/wp-json\/wp\/v2\/posts\/60788"}],"collection":[{"href":"https:\/\/www.enerjigazetesi.ist\/en\/wp-json\/wp\/v2\/posts"}],"about":[{"href":"https:\/\/www.enerjigazetesi.ist\/en\/wp-json\/wp\/v2\/types\/post"}],"author":[{"embeddable":true,"href":"https:\/\/www.enerjigazetesi.ist\/en\/wp-json\/wp\/v2\/users\/1"}],"replies":[{"embeddable":true,"href":"https:\/\/www.enerjigazetesi.ist\/en\/wp-json\/wp\/v2\/comments?post=60788"}],"version-history":[{"count":1,"href":"https:\/\/www.enerjigazetesi.ist\/en\/wp-json\/wp\/v2\/posts\/60788\/revisions"}],"predecessor-version":[{"id":60789,"href":"https:\/\/www.enerjigazetesi.ist\/en\/wp-json\/wp\/v2\/posts\/60788\/revisions\/60789"}],"wp:featuredmedia":[{"embeddable":true,"href":"https:\/\/www.enerjigazetesi.ist\/en\/wp-json\/wp\/v2\/media\/55096"}],"wp:attachment":[{"href":"https:\/\/www.enerjigazetesi.ist\/en\/wp-json\/wp\/v2\/media?parent=60788"}],"wp:term":[{"taxonomy":"category","embeddable":true,"href":"https:\/\/www.enerjigazetesi.ist\/en\/wp-json\/wp\/v2\/categories?post=60788"},{"taxonomy":"post_tag","embeddable":true,"href":"https:\/\/www.enerjigazetesi.ist\/en\/wp-json\/wp\/v2\/tags?post=60788"}],"curies":[{"name":"wp","href":"https:\/\/api.w.org\/{rel}","templated":true}]}}