{"id":60776,"date":"2017-01-09T15:55:18","date_gmt":"2017-01-09T12:55:18","guid":{"rendered":"https:\/\/www.enerjigazetesi.ist\/?p=60776"},"modified":"2017-01-09T15:56:08","modified_gmt":"2017-01-09T12:56:08","slug":"mustafa-yilmaz-gerekirse-fiyatlara-mudahale-ederiz","status":"publish","type":"post","link":"https:\/\/www.enerjigazetesi.ist\/en\/mustafa-yilmaz-gerekirse-fiyatlara-mudahale-ederiz\/","title":{"rendered":"(Turkish) Mustafa Y\u0131lmaz, \u201cGerekirse Fiyatlara M\u00fcdahale Ederiz\u201d"},"content":{"rendered":"<p class=\"qtranxs-available-languages-message qtranxs-available-languages-message-en\">Sorry, this entry is only available in <a href=\"https:\/\/www.enerjigazetesi.ist\/tr\/wp-json\/wp\/v2\/posts\/60776\" class=\"qtranxs-available-language-link qtranxs-available-language-link-tr\" title=\"Turkish\">Turkish<\/a>. For the sake of viewer convenience, the content is shown below in the alternative language. You may click the link to switch the active language.<\/p><p><\/p>\n<p style=\"color: #0a0a0a;\"><strong>EPDK Ba\u015fkan\u0131 Mustafa Y\u0131lmaz elektrikteki tavan fiyat uygulamas\u0131 ve benzin fiyatlar\u0131 hakk\u0131nda \u00f6nemli a\u00e7\u0131klamalarda bulundu. Bilgileri haricinde\u00a0elektrik fiyatlar\u0131n\u0131n artmas\u0131n\u0131n s\u00f6z konusu olamad\u0131\u011f\u0131n\u0131 belirten Y\u0131lmaz, benzin fiyatlar\u0131n\u0131n da takip alt\u0131nda oldu\u011funu\u00a0ifade etti.<\/strong><\/p>\n<p style=\"color: #0a0a0a;\">EPDK Ba\u015fkan\u0131 Y\u0131lmaz serbest piyasada uygulad\u0131klar\u0131 \u201celektrikte tavan fiyat\u201d \u015fartlar\u0131 hakk\u0131nda konu\u015ftu. K<a href=\"https:\/\/www.enerjigazetesi.ist\/wp-content\/uploads\/2015\/10\/epdk-Mustafa-y\u0131lmaz-39803-696x385.jpg\"><img loading=\"lazy\" class=\"alignright size-medium wp-image-45314\" src=\"https:\/\/www.enerjigazetesi.ist\/wp-content\/uploads\/2015\/10\/epdk-Mustafa-y\u0131lmaz-39803-696x385-300x165.jpg\" alt=\"epdk-Mustafa-y\u0131lmaz-39803-696x385\" width=\"300\" height=\"165\" srcset=\"https:\/\/www.enerjigazetesi.ist\/wp-content\/uploads\/2015\/10\/epdk-Mustafa-y\u0131lmaz-39803-696x385-300x165.jpg 300w, https:\/\/www.enerjigazetesi.ist\/wp-content\/uploads\/2015\/10\/epdk-Mustafa-y\u0131lmaz-39803-696x385-500x276.jpg 500w, https:\/\/www.enerjigazetesi.ist\/wp-content\/uploads\/2015\/10\/epdk-Mustafa-y\u0131lmaz-39803-696x385-80x44.jpg 80w, https:\/\/www.enerjigazetesi.ist\/wp-content\/uploads\/2015\/10\/epdk-Mustafa-y\u0131lmaz-39803-696x385.jpg 696w\" sizes=\"(max-width: 300px) 100vw, 300px\" \/><\/a>ilovat saat ba\u015f\u0131na elli kuru\u015f olarak belirlenen tavan fiyat\u0131n\u0131n \u015firketler taraf\u0131ndan manip\u00fcle edilemeyece\u011fini, olas\u0131 durumlarda ise kendilerinin m\u00fcdahale edece\u011fini bildiren Y\u0131lmaz, bu uygulaman\u0131n t\u00fcketicileri koruma ama\u00e7l\u0131 hayata ge\u00e7irildi\u011fini\u00a0s\u00f6yledi.<\/p>\n<p style=\"color: #0a0a0a;\">Serbest piyasada elektrik fiyatlar\u0131n\u0131n 1,90 liray\u0131 bulma konusu ile ilgili \u00e7ok fazla say\u0131da \u015fikayet telefonu ald\u0131\u011f\u0131na de\u011finen Ba\u015fkan Y\u0131lmaz, konunun de\u011ferlendirildi\u011fini ve \u201ctavan fiyat\u201d uygulamas\u0131na bu \u015fikayetler de\u011ferlendirilerek ge\u00e7ildi\u011fini belirtti. Do\u011falgaz arz\u0131nda ya\u015fanan sorunlar nedeniyle serbest piyasada elektrik fiyat\u0131n\u0131n y\u00fckseldi\u011fine de\u011finen EPDK Ba\u015fkan\u0131, \u00f6nceliklerinin bu sorunu ortadan kald\u0131rmak oldu\u011funu\u00a0belirtti.<\/p>\n<p style=\"color: #0a0a0a;\">Kaynak: <a href=\"http:\/\/enerjienstitusu.com\/2017\/01\/09\/epdk-baskani-mustafa-yilmaz-gerekirse-fiyatlara-mudahale-ederiz\/\" target=\"_blank\" rel=\"nofollow\">Enerji Enstit\u00fcs\u00fc<\/a><\/p>\n<p><\/p>","protected":false},"excerpt":{"rendered":"<p>Sorry, this entry is only available in Turkish. For the sake of viewer convenience, the content is shown below in the alternative language. You may click the link to switch the active language. EPDK Ba\u015fkan\u0131 Mustafa Y\u0131lmaz elektrikteki tavan fiyat uygulamas\u0131 ve benzin fiyatlar\u0131 hakk\u0131nda \u00f6nemli a\u00e7\u0131klamalarda bulundu. Bilgileri haricinde\u00a0elektrik fiyatlar\u0131n\u0131n artmas\u0131n\u0131n s\u00f6z konusu olamad\u0131\u011f\u0131n\u0131 [&hellip;]<\/p>\n","protected":false},"author":1,"featured_media":45314,"comment_status":"open","ping_status":"open","sticky":false,"template":"","format":"standard","meta":[],"categories":[51,53],"tags":[2289,6777,68,61,343,19638,1451,2873,63,67,1009,2698,165,750,12996],"views":866,"_links":{"self":[{"href":"https:\/\/www.enerjigazetesi.ist\/en\/wp-json\/wp\/v2\/posts\/60776"}],"collection":[{"href":"https:\/\/www.enerjigazetesi.ist\/en\/wp-json\/wp\/v2\/posts"}],"about":[{"href":"https:\/\/www.enerjigazetesi.ist\/en\/wp-json\/wp\/v2\/types\/post"}],"author":[{"embeddable":true,"href":"https:\/\/www.enerjigazetesi.ist\/en\/wp-json\/wp\/v2\/users\/1"}],"replies":[{"embeddable":true,"href":"https:\/\/www.enerjigazetesi.ist\/en\/wp-json\/wp\/v2\/comments?post=60776"}],"version-history":[{"count":2,"href":"https:\/\/www.enerjigazetesi.ist\/en\/wp-json\/wp\/v2\/posts\/60776\/revisions"}],"predecessor-version":[{"id":60778,"href":"https:\/\/www.enerjigazetesi.ist\/en\/wp-json\/wp\/v2\/posts\/60776\/revisions\/60778"}],"wp:featuredmedia":[{"embeddable":true,"href":"https:\/\/www.enerjigazetesi.ist\/en\/wp-json\/wp\/v2\/media\/45314"}],"wp:attachment":[{"href":"https:\/\/www.enerjigazetesi.ist\/en\/wp-json\/wp\/v2\/media?parent=60776"}],"wp:term":[{"taxonomy":"category","embeddable":true,"href":"https:\/\/www.enerjigazetesi.ist\/en\/wp-json\/wp\/v2\/categories?post=60776"},{"taxonomy":"post_tag","embeddable":true,"href":"https:\/\/www.enerjigazetesi.ist\/en\/wp-json\/wp\/v2\/tags?post=60776"}],"curies":[{"name":"wp","href":"https:\/\/api.w.org\/{rel}","templated":true}]}}