{"id":60774,"date":"2017-01-09T13:49:24","date_gmt":"2017-01-09T10:49:24","guid":{"rendered":"https:\/\/www.enerjigazetesi.ist\/?p=60774"},"modified":"2017-01-09T13:49:24","modified_gmt":"2017-01-09T10:49:24","slug":"dunyanin-en-uzun-kanatli-ruzgar-turbin-uretimi-turkiyede-yapilacak","status":"publish","type":"post","link":"https:\/\/www.enerjigazetesi.ist\/en\/dunyanin-en-uzun-kanatli-ruzgar-turbin-uretimi-turkiyede-yapilacak\/","title":{"rendered":"(Turkish) D\u00fcnya\u2019n\u0131n En Uzun Kanatl\u0131 R\u00fczgar T\u00fcrbin \u00dcretimi T\u00fcrkiye\u2019de Yap\u0131lacak"},"content":{"rendered":"<p class=\"qtranxs-available-languages-message qtranxs-available-languages-message-en\">Sorry, this entry is only available in <a href=\"https:\/\/www.enerjigazetesi.ist\/tr\/wp-json\/wp\/v2\/posts\/60774\" class=\"qtranxs-available-language-link qtranxs-available-language-link-tr\" title=\"Turkish\">Turkish<\/a>. For the sake of viewer convenience, the content is shown below in the alternative language. You may click the link to switch the active language.<\/p><p><\/p>\n<p style=\"color: #0a0a0a;\"><strong>D\u00fcnya\u2019n\u0131n en uzun kanatl\u0131 r\u00fczgar t\u00fcrbinlerinin \u00fcretimi i\u00e7in T\u00fcrkiye\u2019de temeli at\u0131lan fabrikan\u0131n \u00e7al\u0131\u015fmalar\u0131\u00a0s\u00fcrmektedir.<\/strong><\/p>\n<p style=\"color: #0a0a0a;\">Ben Malefijt, \u201cT\u00fcrkiy<a href=\"https:\/\/www.enerjigazetesi.ist\/wp-content\/uploads\/2014\/09\/yerli-ruzgar-turbini-istanbulda-donecek.jpg\"><img loading=\"lazy\" class=\"alignleft  wp-image-31195\" src=\"https:\/\/www.enerjigazetesi.ist\/wp-content\/uploads\/2014\/09\/yerli-ruzgar-turbini-istanbulda-donecek.jpg\" alt=\"yerli-ruzgar-turbini-istanbulda-donecek\" width=\"300\" height=\"210\" \/><\/a>e\u2019deki yat\u0131r\u0131m\u0131m\u0131z\u0131 ve bu pazardaki varl\u0131\u011f\u0131m\u0131z\u0131 koruma ve projeye devam etme karar\u0131 ald\u0131k\u201d dedi. 15 Temmuz darbe giri\u015fiminden bir g\u00fcn \u00f6nce T\u00fcrkiye fabrikas\u0131n\u0131n temelini atan Danimarkal\u0131 r\u00fczgar t\u00fcrbini kanad\u0131 \u00fcreticisi LM Wind Power\u2019\u0131n Y\u00f6netim Kurulu Ba\u015fkan Yard\u0131mc\u0131s\u0131 Ben Malefijt, T\u00fcrkiye pazar\u0131 ve ekonomisine duyduklar\u0131 g\u00fcvenin sars\u0131lmad\u0131\u011f\u0131n\u0131, bu nedenle buradaki varl\u0131klar\u0131n\u0131 koruma ve yat\u0131r\u0131mlar\u0131n\u0131 devam ettirme karar\u0131 ald\u0131klar\u0131n\u0131 s\u00f6yledi. Malefijt yapt\u0131\u011f\u0131 a\u00e7\u0131klamada, halen 13 \u00fclkede \u00fcretim yapan firman\u0131n t\u00fcrbin kanad\u0131 \u00fcretiminde \u00f6nc\u00fcler aras\u0131nda yer ald\u0131\u011f\u0131n\u0131\u00a0da ifade etti.<\/p>\n<p style=\"color: #0a0a0a;\">Malefijt,LM Wind Power\u2019\u0131n a\u00e7\u0131k deniz r\u00fczgar t\u00fcrbinleri i\u00e7in \u00fcretti\u011fi 88,6 metrelik kanatla d\u00fcnya rekoru k\u0131rd\u0131\u011f\u0131n\u0131, T\u00fcrkiye\u2019de t\u00fcrbinlerin karada kurulu olmas\u0131 nedeniyle 66 metrelik kanat \u00fcreteceklerini ifade eden Malefijt, T\u00fcrkiye\u2019nin r\u00fczgar enerjisine d\u00f6n\u00fck hedeflerini desteklemek istediklerini\u00a0belirtti.<\/p>\n<p style=\"color: #0a0a0a;\">Kaynak: <a href=\"http:\/\/enerjienstitusu.com\/2017\/01\/09\/dunyanin-en-uzun-kanatli-ruzgar-turbinleri-turkiyede-uretilecek\/\" target=\"_blank\" rel=\"nofollow\">Enerji Enstit\u00fcs\u00fc<\/a><\/p>\n<p><\/p>","protected":false},"excerpt":{"rendered":"<p>Sorry, this entry is only available in Turkish. For the sake of viewer convenience, the content is shown below in the alternative language. You may click the link to switch the active language. D\u00fcnya\u2019n\u0131n en uzun kanatl\u0131 r\u00fczgar t\u00fcrbinlerinin \u00fcretimi i\u00e7in T\u00fcrkiye\u2019de temeli at\u0131lan fabrikan\u0131n \u00e7al\u0131\u015fmalar\u0131\u00a0s\u00fcrmektedir. Ben Malefijt, \u201cT\u00fcrkiye\u2019deki yat\u0131r\u0131m\u0131m\u0131z\u0131 ve bu pazardaki varl\u0131\u011f\u0131m\u0131z\u0131 koruma [&hellip;]<\/p>\n","protected":false},"author":1,"featured_media":31195,"comment_status":"open","ping_status":"open","sticky":false,"template":"","format":"standard","meta":[],"categories":[53,50],"tags":[1964,1893,63,67,1009,2698,165,32735,69,16,23318,22615,4784,17,846,32736],"views":912,"_links":{"self":[{"href":"https:\/\/www.enerjigazetesi.ist\/en\/wp-json\/wp\/v2\/posts\/60774"}],"collection":[{"href":"https:\/\/www.enerjigazetesi.ist\/en\/wp-json\/wp\/v2\/posts"}],"about":[{"href":"https:\/\/www.enerjigazetesi.ist\/en\/wp-json\/wp\/v2\/types\/post"}],"author":[{"embeddable":true,"href":"https:\/\/www.enerjigazetesi.ist\/en\/wp-json\/wp\/v2\/users\/1"}],"replies":[{"embeddable":true,"href":"https:\/\/www.enerjigazetesi.ist\/en\/wp-json\/wp\/v2\/comments?post=60774"}],"version-history":[{"count":1,"href":"https:\/\/www.enerjigazetesi.ist\/en\/wp-json\/wp\/v2\/posts\/60774\/revisions"}],"predecessor-version":[{"id":60775,"href":"https:\/\/www.enerjigazetesi.ist\/en\/wp-json\/wp\/v2\/posts\/60774\/revisions\/60775"}],"wp:featuredmedia":[{"embeddable":true,"href":"https:\/\/www.enerjigazetesi.ist\/en\/wp-json\/wp\/v2\/media\/31195"}],"wp:attachment":[{"href":"https:\/\/www.enerjigazetesi.ist\/en\/wp-json\/wp\/v2\/media?parent=60774"}],"wp:term":[{"taxonomy":"category","embeddable":true,"href":"https:\/\/www.enerjigazetesi.ist\/en\/wp-json\/wp\/v2\/categories?post=60774"},{"taxonomy":"post_tag","embeddable":true,"href":"https:\/\/www.enerjigazetesi.ist\/en\/wp-json\/wp\/v2\/tags?post=60774"}],"curies":[{"name":"wp","href":"https:\/\/api.w.org\/{rel}","templated":true}]}}