{"id":60767,"date":"2017-01-09T13:08:57","date_gmt":"2017-01-09T10:08:57","guid":{"rendered":"https:\/\/www.enerjigazetesi.ist\/?p=60767"},"modified":"2017-01-09T13:08:57","modified_gmt":"2017-01-09T10:08:57","slug":"mersinde-dunyanin-5-buyuk-gunes-enerjisi-santrali-kurulacak","status":"publish","type":"post","link":"https:\/\/www.enerjigazetesi.ist\/en\/mersinde-dunyanin-5-buyuk-gunes-enerjisi-santrali-kurulacak\/","title":{"rendered":"(Turkish) Mersin\u2019de D\u00fcnyan\u0131n 5. B\u00fcy\u00fck G\u00fcne\u015f Enerjisi Santrali Kurulacak"},"content":{"rendered":"<p class=\"qtranxs-available-languages-message qtranxs-available-languages-message-en\">Sorry, this entry is only available in <a href=\"https:\/\/www.enerjigazetesi.ist\/tr\/wp-json\/wp\/v2\/posts\/60767\" class=\"qtranxs-available-language-link qtranxs-available-language-link-tr\" title=\"Turkish\">Turkish<\/a>. For the sake of viewer convenience, the content is shown below in the alternative language. You may click the link to switch the active language.<\/p><p><\/p>\n<p style=\"color: #0a0a0a;\"><strong>Mersin\u2019de d\u00fczcam fabrikas\u0131 \u00e7at\u0131s\u0131na 6 megavat g\u00fcc\u00fcnde g\u00fcne\u015f enerjisi santrali kurulaca\u011f\u0131n\u0131\u00a0belirten \u015ei\u015fecam Toplulu\u011fu Y\u00f6netim Kurulu Ba\u015fkan Vekili ve Genel M\u00fcd\u00fcr\u00fc Prof. Dr. Ahmet K\u0131rman, montaj \u00e7al\u0131\u015fmalar\u0131n\u0131n bu y\u0131l\u0131n ilk \u00e7eyre\u011finde ba\u015flayaca\u011f\u0131 ifade edildi.<\/strong><\/p>\n<p style=\"color: #0a0a0a;\">Karbon ayak izlerini k\u00fc\u00e7\u00fc<img loading=\"lazy\" class=\"alignleft  wp-image-49165\" src=\"https:\/\/www.enerjigazetesi.ist\/wp-content\/uploads\/2016\/01\/resmi-kurum-tarafindan-yapilan-en-buyuk-cati-ustu-gunes-sistemi.jpg\" alt=\"cati-ustu-gunes-sistemi\" width=\"300\" height=\"206\" \/>ltmeyi hedeflediklerini ifade eden Ahmet K\u0131rman taraf\u0131ndan \u201cBu y\u0131l\u0131n ilk \u00e7eyre\u011finde montaj \u00e7al\u0131\u015fmalar\u0131n\u0131n ba\u015flamas\u0131 planlanmaktad\u0131r. Montaj tamamland\u0131\u011f\u0131nda \u00e7at\u0131 \u00fczerine monte edilmi\u015f santraller aras\u0131nda d\u00fcnyadaki en b\u00fcy\u00fck 5 projeden biri olacakt\u0131r. B\u00f6ylece fabrikam\u0131z yenilebilir enerjiden elektrik \u00fcretimi yapacakt\u0131r.\u201d denildi.<\/p>\n<p style=\"color: #0a0a0a;\">Enerji verimlili\u011fi kapsam\u0131nda ise s\u00fcrd\u00fcrd\u00fckleri di\u011fer projelerden de bahseden K\u0131rman, bu kapsamda 22 ilde 16 bin 700 cam kumbaras\u0131ndan toplanan 670 bin ton cam\u0131n geri d\u00f6n\u00fc\u015ft\u00fcr\u00fcld\u00fc\u011f\u00fcn\u00fc s\u00f6yledi. Cam\u0131n y\u00fczde 100 ve sonsuz kere hi\u00e7bir kalite kayb\u0131na u\u011framadan d\u00f6n\u00fc\u015ft\u00fcr\u00fclebildi\u011fini, bunun enerji tasarrufu sa\u011flad\u0131\u011f\u0131n\u0131 belirten\u00a0K\u0131rman \u201cBir adet cam \u015fi\u015fe \u00fcretmek i\u00e7in girdi olarak bir adet cam \u015fi\u015fe at\u0131\u011f\u0131 kullanmak yeterli olamktad\u0131r. Bir adet cam \u015fi\u015feyi geri d\u00f6n\u00fc\u015ft\u00fcrerek bir bilgisayar\u0131 25 dakika, bir televizyonu 20 dakika \u00e7al\u0131\u015ft\u0131rmaya yetecek kadar da elektrik tasarrufu sa\u011flamak m\u00fcmk\u00fcnd\u00fcr\u201d dedi.<\/p>\n<p><\/p>","protected":false},"excerpt":{"rendered":"<p>Sorry, this entry is only available in Turkish. For the sake of viewer convenience, the content is shown below in the alternative language. You may click the link to switch the active language. Mersin\u2019de d\u00fczcam fabrikas\u0131 \u00e7at\u0131s\u0131na 6 megavat g\u00fcc\u00fcnde g\u00fcne\u015f enerjisi santrali kurulaca\u011f\u0131n\u0131\u00a0belirten \u015ei\u015fecam Toplulu\u011fu Y\u00f6netim Kurulu Ba\u015fkan Vekili ve Genel M\u00fcd\u00fcr\u00fc Prof. Dr. [&hellip;]<\/p>\n","protected":false},"author":1,"featured_media":49165,"comment_status":"open","ping_status":"open","sticky":false,"template":"","format":"standard","meta":[],"categories":[53,49],"tags":[32731,32732,63,67,1009,2698,165,2326,227,13,2569,23133,22975,4269,1301,32734,32733,105],"views":1117,"_links":{"self":[{"href":"https:\/\/www.enerjigazetesi.ist\/en\/wp-json\/wp\/v2\/posts\/60767"}],"collection":[{"href":"https:\/\/www.enerjigazetesi.ist\/en\/wp-json\/wp\/v2\/posts"}],"about":[{"href":"https:\/\/www.enerjigazetesi.ist\/en\/wp-json\/wp\/v2\/types\/post"}],"author":[{"embeddable":true,"href":"https:\/\/www.enerjigazetesi.ist\/en\/wp-json\/wp\/v2\/users\/1"}],"replies":[{"embeddable":true,"href":"https:\/\/www.enerjigazetesi.ist\/en\/wp-json\/wp\/v2\/comments?post=60767"}],"version-history":[{"count":1,"href":"https:\/\/www.enerjigazetesi.ist\/en\/wp-json\/wp\/v2\/posts\/60767\/revisions"}],"predecessor-version":[{"id":60768,"href":"https:\/\/www.enerjigazetesi.ist\/en\/wp-json\/wp\/v2\/posts\/60767\/revisions\/60768"}],"wp:featuredmedia":[{"embeddable":true,"href":"https:\/\/www.enerjigazetesi.ist\/en\/wp-json\/wp\/v2\/media\/49165"}],"wp:attachment":[{"href":"https:\/\/www.enerjigazetesi.ist\/en\/wp-json\/wp\/v2\/media?parent=60767"}],"wp:term":[{"taxonomy":"category","embeddable":true,"href":"https:\/\/www.enerjigazetesi.ist\/en\/wp-json\/wp\/v2\/categories?post=60767"},{"taxonomy":"post_tag","embeddable":true,"href":"https:\/\/www.enerjigazetesi.ist\/en\/wp-json\/wp\/v2\/tags?post=60767"}],"curies":[{"name":"wp","href":"https:\/\/api.w.org\/{rel}","templated":true}]}}