{"id":60759,"date":"2017-01-09T12:58:00","date_gmt":"2017-01-09T09:58:00","guid":{"rendered":"https:\/\/www.enerjigazetesi.ist\/?p=60759"},"modified":"2017-01-09T13:02:01","modified_gmt":"2017-01-09T10:02:01","slug":"2017de-elektrik-iletim-tarifelerine-rekor-oranlarda-zam-geldi","status":"publish","type":"post","link":"https:\/\/www.enerjigazetesi.ist\/en\/2017de-elektrik-iletim-tarifelerine-rekor-oranlarda-zam-geldi\/","title":{"rendered":"(Turkish) 2017&#8217;de Elektrik \u0130letim Tarifelerine Rekor Oranlarda Zam Geldi"},"content":{"rendered":"<p class=\"qtranxs-available-languages-message qtranxs-available-languages-message-en\">Sorry, this entry is only available in <a href=\"https:\/\/www.enerjigazetesi.ist\/tr\/wp-json\/wp\/v2\/posts\/60759\" class=\"qtranxs-available-language-link qtranxs-available-language-link-tr\" title=\"Turkish\">Turkish<\/a>. For the sake of viewer convenience, the content is shown below in the alternative language. You may click the link to switch the active language.<\/p><p><strong><span style=\"color: #0a0a0a;\">T\u00fcrkiye Elektrik \u0130letim A.\u015e. (TE\u0130A\u015e<img loading=\"lazy\" class=\"alignright wp-image-27853 size-medium\" src=\"https:\/\/www.enerjigazetesi.ist\/wp-content\/uploads\/2014\/06\/elektrik-iletim-sektoru-2013-yili-raporu-yayinlandi-300x183.jpg\" alt=\"elektrik-iletim-sektoru\" width=\"300\" height=\"183\" srcset=\"https:\/\/www.enerjigazetesi.ist\/wp-content\/uploads\/2014\/06\/elektrik-iletim-sektoru-2013-yili-raporu-yayinlandi-300x183.jpg 300w, https:\/\/www.enerjigazetesi.ist\/wp-content\/uploads\/2014\/06\/elektrik-iletim-sektoru-2013-yili-raporu-yayinlandi-500x305.jpg 500w, https:\/\/www.enerjigazetesi.ist\/wp-content\/uploads\/2014\/06\/elektrik-iletim-sektoru-2013-yili-raporu-yayinlandi-80x48.jpg 80w, https:\/\/www.enerjigazetesi.ist\/wp-content\/uploads\/2014\/06\/elektrik-iletim-sektoru-2013-yili-raporu-yayinlandi.jpg 600w\" sizes=\"(max-width: 300px) 100vw, 300px\" \/>) taraf\u0131ndan 2017 y\u0131l\u0131nda \u00fcreticiler ve t\u00fcketiciler i\u00e7in ge\u00e7erli olacak yeni iletim tarifeleri duyuruldu.<\/span><\/strong><\/p>\n<p>Sistem kullan\u0131m ve sistem i\u015fletim maliyetlerine y\u00f6nelik hem \u00fcreticiler, hem de t\u00fcketiciler i\u00e7in rekor oranlarda zam yap\u0131ld\u0131.<\/p>\n<p>\u00dcreticilerin sistem kullan\u0131m maliyetleri\u00a0<strong>%11,1\u00a0<\/strong>ev<strong>\u00a0%19<\/strong>, sistem i\u015fletim maliyeti ise\u00a0<strong>%19,5<\/strong>\u00a0oran\u0131nda artt\u0131. T\u00fcketiciler i\u00e7in ise sistem kullan\u0131m maliyetleri\u00a0<strong>%14,8<\/strong>\u00a0ve\u00a0<strong>%17,6<\/strong>\u00a0ve sistem i\u015fletim maliyeti\u00a0<strong>%15,7<\/strong>\u00a0oran\u0131nda artt\u0131r\u0131ld\u0131. Yeni tarife, <strong>1 Ocak \u2013 31 Aral\u0131k 2017<\/strong> tarihleri aras\u0131nda ge\u00e7erli olacakt\u0131r.<\/p>","protected":false},"excerpt":{"rendered":"<p>Sorry, this entry is only available in Turkish. For the sake of viewer convenience, the content is shown below in the alternative language. You may click the link to switch the active language.T\u00fcrkiye Elektrik \u0130letim A.\u015e. (TE\u0130A\u015e) taraf\u0131ndan 2017 y\u0131l\u0131nda \u00fcreticiler ve t\u00fcketiciler i\u00e7in ge\u00e7erli olacak yeni iletim tarifeleri duyuruldu. Sistem kullan\u0131m ve sistem i\u015fletim [&hellip;]<\/p>\n","protected":false},"author":1,"featured_media":27853,"comment_status":"open","ping_status":"open","sticky":false,"template":"","format":"standard","meta":[],"categories":[51,53],"tags":[68,61,19638,32727,1451,2873,63,67,1009,2698,165,1582,32728,32729,32730],"views":878,"_links":{"self":[{"href":"https:\/\/www.enerjigazetesi.ist\/en\/wp-json\/wp\/v2\/posts\/60759"}],"collection":[{"href":"https:\/\/www.enerjigazetesi.ist\/en\/wp-json\/wp\/v2\/posts"}],"about":[{"href":"https:\/\/www.enerjigazetesi.ist\/en\/wp-json\/wp\/v2\/types\/post"}],"author":[{"embeddable":true,"href":"https:\/\/www.enerjigazetesi.ist\/en\/wp-json\/wp\/v2\/users\/1"}],"replies":[{"embeddable":true,"href":"https:\/\/www.enerjigazetesi.ist\/en\/wp-json\/wp\/v2\/comments?post=60759"}],"version-history":[{"count":7,"href":"https:\/\/www.enerjigazetesi.ist\/en\/wp-json\/wp\/v2\/posts\/60759\/revisions"}],"predecessor-version":[{"id":60766,"href":"https:\/\/www.enerjigazetesi.ist\/en\/wp-json\/wp\/v2\/posts\/60759\/revisions\/60766"}],"wp:featuredmedia":[{"embeddable":true,"href":"https:\/\/www.enerjigazetesi.ist\/en\/wp-json\/wp\/v2\/media\/27853"}],"wp:attachment":[{"href":"https:\/\/www.enerjigazetesi.ist\/en\/wp-json\/wp\/v2\/media?parent=60759"}],"wp:term":[{"taxonomy":"category","embeddable":true,"href":"https:\/\/www.enerjigazetesi.ist\/en\/wp-json\/wp\/v2\/categories?post=60759"},{"taxonomy":"post_tag","embeddable":true,"href":"https:\/\/www.enerjigazetesi.ist\/en\/wp-json\/wp\/v2\/tags?post=60759"}],"curies":[{"name":"wp","href":"https:\/\/api.w.org\/{rel}","templated":true}]}}