{"id":60709,"date":"2017-01-07T12:59:13","date_gmt":"2017-01-07T09:59:13","guid":{"rendered":"https:\/\/www.enerjigazetesi.ist\/?p=60709"},"modified":"2017-01-07T13:00:46","modified_gmt":"2017-01-07T10:00:46","slug":"bedas-haftasonu-yapilacak-bakim-ve-onarim-calismalarini-iptal-etti","status":"publish","type":"post","link":"https:\/\/www.enerjigazetesi.ist\/en\/bedas-haftasonu-yapilacak-bakim-ve-onarim-calismalarini-iptal-etti\/","title":{"rendered":"(Turkish) BEDA\u015e Haftasonu Yap\u0131lacak Bak\u0131m ve Onar\u0131m \u00c7al\u0131\u015fmalar\u0131n\u0131 \u0130ptal Etti"},"content":{"rendered":"<p class=\"qtranxs-available-languages-message qtranxs-available-languages-message-en\">Sorry, this entry is only available in <a href=\"https:\/\/www.enerjigazetesi.ist\/tr\/wp-json\/wp\/v2\/posts\/60709\" class=\"qtranxs-available-language-link qtranxs-available-language-link-tr\" title=\"Turkish\">Turkish<\/a>. For the sake of viewer convenience, the content is shown below in the alternative language. You may click the link to switch the active language.<\/p><p><strong>Bo\u011fazi\u00e7i Elektrik Da\u011f\u0131t\u0131m A.\u015e. (BEDA\u015e) taraf\u0131ndan \u0130stanbul\u2019da so\u011fuk hava ko\u015fullar\u0131 nedeniyle vatanda\u015flar\u0131n s\u0131k\u0131nt\u0131 \u00e7ekmemesi i\u00e7in daha \u00f6nceden duyurusu yap\u0131lan 7 Ocak Cumartesi ve 8 Ocak Pazar tarihlerini de i\u00e7ine alarak planlad\u0131\u011f\u0131 t\u00fcm bak<a href=\"https:\/\/www.enerjigazetesi.ist\/wp-content\/uploads\/2015\/03\/enerji-bakanligindan-elektrik-kesintisi-aciklamasi.jpg\"><img loading=\"lazy\" class=\"alignleft size-medium wp-image-37744\" src=\"https:\/\/www.enerjigazetesi.ist\/wp-content\/uploads\/2015\/03\/enerji-bakanligindan-elektrik-kesintisi-aciklamasi-300x200.jpg\" alt=\"elektrik-kesintisi-aciklamasi\" width=\"300\" height=\"200\" srcset=\"https:\/\/www.enerjigazetesi.ist\/wp-content\/uploads\/2015\/03\/enerji-bakanligindan-elektrik-kesintisi-aciklamasi-300x200.jpg 300w, https:\/\/www.enerjigazetesi.ist\/wp-content\/uploads\/2015\/03\/enerji-bakanligindan-elektrik-kesintisi-aciklamasi-500x333.jpg 500w, https:\/\/www.enerjigazetesi.ist\/wp-content\/uploads\/2015\/03\/enerji-bakanligindan-elektrik-kesintisi-aciklamasi-75x50.jpg 75w, https:\/\/www.enerjigazetesi.ist\/wp-content\/uploads\/2015\/03\/enerji-bakanligindan-elektrik-kesintisi-aciklamasi.jpg 870w\" sizes=\"(max-width: 300px) 100vw, 300px\" \/><\/a>\u0131m ve onar\u0131m \u00e7al\u0131\u015fmalar\u0131n\u0131 olumsuz hava \u015fartlar\u0131 d\u00fczelene kadar tamamen iptal edildi\u011fi duyuruldu.<\/strong><\/p>\n<p class=\"selectionShareable\"><strong>7-8 Ocak 2017<\/strong> tarihlerinde Sar\u0131yer, \u00c7atalca, K\u00fc\u00e7\u00fck\u00e7ekmece, Esenyurt, Bayrampa\u015fa, Beylikd\u00fcz\u00fc, Zeytinburnu, Fatih, Topkap\u0131,\u00a0Ba\u011fc\u0131lar, Arnavutk\u00f6y, Ey\u00fcp il\u00e7elerindeki planl\u0131 bak\u0131m ve onar\u0131m \u00e7al\u0131\u015fmalar ileri bir tarihte ger\u00e7ekle\u015ftirilecektir.\u00a0So\u011fuk hava\u00a0ko\u015fullar\u0131 b\u00f6lgeyi tamamen terk edene kadar bu \u00e7al\u0131\u015fmalar yap\u0131lamayacakt\u0131r.<\/p>\n<p class=\"selectionShareable\"><strong>EK\u0130P VE ARA\u00c7 SAYISIDA \u0130K\u0130 KATINA \u00c7IKARILDI<\/strong><\/p>\n<p class=\"selectionShareable\">BEDA\u015e yapt\u0131\u011f\u0131 a\u00e7\u0131klamada, \u201cKaliteli ve s\u00fcrekli elektrik sa\u011flamak amac\u0131 ile yat\u0131r\u0131m, bak\u0131m ve onar\u0131m faaliyetleri ileriki tarihe ertelenmi\u015ftir. Tedbir kapsam\u0131nda ekip ve ara\u00e7 say\u0131lar\u0131 iki kat\u0131na \u00e7\u0131kar\u0131lm\u0131\u015ft\u0131r. Ekiplerimiz 7\/24 \u00e7al\u0131\u015fmalar\u0131n\u0131 s\u00fcrd\u00fcrecektir\u201d\u00a0ifadelerine yer verdi.<\/p>\n<p><\/p>","protected":false},"excerpt":{"rendered":"<p>Sorry, this entry is only available in Turkish. For the sake of viewer convenience, the content is shown below in the alternative language. You may click the link to switch the active language.Bo\u011fazi\u00e7i Elektrik Da\u011f\u0131t\u0131m A.\u015e. (BEDA\u015e) taraf\u0131ndan \u0130stanbul\u2019da so\u011fuk hava ko\u015fullar\u0131 nedeniyle vatanda\u015flar\u0131n s\u0131k\u0131nt\u0131 \u00e7ekmemesi i\u00e7in daha \u00f6nceden duyurusu yap\u0131lan 7 Ocak Cumartesi ve [&hellip;]<\/p>\n","protected":false},"author":1,"featured_media":37744,"comment_status":"open","ping_status":"open","sticky":false,"template":"","format":"standard","meta":[],"categories":[51,53],"tags":[1506,8058,68,61,19638,140,1451,2873,63,67,1009,2698,165,1967,9547],"views":874,"_links":{"self":[{"href":"https:\/\/www.enerjigazetesi.ist\/en\/wp-json\/wp\/v2\/posts\/60709"}],"collection":[{"href":"https:\/\/www.enerjigazetesi.ist\/en\/wp-json\/wp\/v2\/posts"}],"about":[{"href":"https:\/\/www.enerjigazetesi.ist\/en\/wp-json\/wp\/v2\/types\/post"}],"author":[{"embeddable":true,"href":"https:\/\/www.enerjigazetesi.ist\/en\/wp-json\/wp\/v2\/users\/1"}],"replies":[{"embeddable":true,"href":"https:\/\/www.enerjigazetesi.ist\/en\/wp-json\/wp\/v2\/comments?post=60709"}],"version-history":[{"count":1,"href":"https:\/\/www.enerjigazetesi.ist\/en\/wp-json\/wp\/v2\/posts\/60709\/revisions"}],"predecessor-version":[{"id":60710,"href":"https:\/\/www.enerjigazetesi.ist\/en\/wp-json\/wp\/v2\/posts\/60709\/revisions\/60710"}],"wp:featuredmedia":[{"embeddable":true,"href":"https:\/\/www.enerjigazetesi.ist\/en\/wp-json\/wp\/v2\/media\/37744"}],"wp:attachment":[{"href":"https:\/\/www.enerjigazetesi.ist\/en\/wp-json\/wp\/v2\/media?parent=60709"}],"wp:term":[{"taxonomy":"category","embeddable":true,"href":"https:\/\/www.enerjigazetesi.ist\/en\/wp-json\/wp\/v2\/categories?post=60709"},{"taxonomy":"post_tag","embeddable":true,"href":"https:\/\/www.enerjigazetesi.ist\/en\/wp-json\/wp\/v2\/tags?post=60709"}],"curies":[{"name":"wp","href":"https:\/\/api.w.org\/{rel}","templated":true}]}}