{"id":60704,"date":"2017-01-07T12:40:38","date_gmt":"2017-01-07T09:40:38","guid":{"rendered":"https:\/\/www.enerjigazetesi.ist\/?p=60704"},"modified":"2017-01-07T12:42:18","modified_gmt":"2017-01-07T09:42:18","slug":"izoder-kullanilan-enerjinin-israf-edilmemesi-icin-isi-yalitimi-sarttir","status":"publish","type":"post","link":"https:\/\/www.enerjigazetesi.ist\/en\/izoder-kullanilan-enerjinin-israf-edilmemesi-icin-isi-yalitimi-sarttir\/","title":{"rendered":"(Turkish) \u0130ZODER: \u201cKullan\u0131lan Enerjinin \u0130sraf Edilmemesi \u0130\u00e7in Is\u0131 Yal\u0131t\u0131m\u0131 \u015eartt\u0131r\u201d"},"content":{"rendered":"<p class=\"qtranxs-available-languages-message qtranxs-available-languages-message-en\">Sorry, this entry is only available in <a href=\"https:\/\/www.enerjigazetesi.ist\/tr\/wp-json\/wp\/v2\/posts\/60704\" class=\"qtranxs-available-language-link qtranxs-available-language-link-tr\" title=\"Turkish\">Turkish<\/a>. For the sake of viewer convenience, the content is shown below in the alternative language. You may click the link to switch the active language.<\/p><p><strong>Enerji verimlili\u011finin T\u00fcrkiye\u2019nin gelece\u011fi i\u00e7in stratejik \u00f6neme sahip bir konu oldu\u011funu belirten \u0130ZODER Ba\u015fkan Yard\u0131mc\u0131s\u0131 Ertu\u011frul \u015een taraf\u0131ndan \u201cY\u0131ll\u0131k enerji t\u00fcketiminin y\u00fczde 72\u2019sini ithal eden T\u00fcrkiye\u2019de, t\u00fcketilen toplam enerjinin y\u00fczde 40\u2019a yak\u0131n\u0131 binalarda kullan\u0131lmaktad\u0131r. Enerjinin israf edilmemesi i\u00e7in binalarda \u0131s\u0131 yal\u0131t\u0131m\u0131 yaparak y\u00fczde 50 tasarruf sa\u011flamak \u00f6ncelikli sorumluluk ve zorunlulu\u011fumuzdur\u201d denildi.<\/strong><b><br \/>\n<\/b><br \/>\n<strong>\u0130ZODER (Is\u0131 Su Ses ve Yang\u0131n Yal\u0131t\u0131mc\u0131lar\u0131 Derne\u011fi) Y\u00f6netim Kurulu Ba\u015fkan Yard\u0131mc\u0131s\u0131 Ertu\u011frul \u015een, <\/strong>\u2018<strong>Enerji Verimlili\u011fi Haftas\u0131<\/strong>\u2019 dolay\u0131s\u0131yla yapt\u0131\u011f\u0131 a\u00e7\u0131klamada, \u201cGeli\u015fmi\u015f \u00fclkeler uzun y\u0131llar \u00f6nce ba\u015flayan yal\u0131t\u0131m seferberli\u011fi ile epey yol <a href=\"https:\/\/www.enerjigazetesi.ist\/wp-content\/uploads\/2017\/01\/izoder-kullanilan-enerjinin-israf-edilmemesi-icin-isi-yalitimi-sarttir.jpg\"><img loading=\"lazy\" class=\"alignright wp-image-60705\" src=\"https:\/\/www.enerjigazetesi.ist\/wp-content\/uploads\/2017\/01\/izoder-kullanilan-enerjinin-israf-edilmemesi-icin-isi-yalitimi-sarttir-300x238.jpg\" alt=\"izoder-kullanilan-enerjinin-israf-edilmemesi-icin-isi-yalitimi-sarttir\" width=\"300\" height=\"190\" \/><\/a>ald\u0131. \u015eimdi hamle s\u0131ras\u0131 bizde, bu fark\u0131 kapatmal\u0131y\u0131z. T\u00fcrkiye\u2019nin cari a\u00e7\u0131\u011f\u0131n\u0131n en \u00f6nemli nedeni enerji ithalat\u0131d\u0131r. \u0130thalat\u0131n y\u00fczde 20-25\u2019i oran\u0131ndaki bir pay enerji ithalat\u0131ndan kaynaklan\u0131yor. Milyarlarca dolar \u00f6deyerek, kulland\u0131\u011f\u0131 enerjinin y\u00fczde 72\u2019sini ithal eden T\u00fcrkiye\u2019de; enerji, ithalat kalemlerinin en ba\u015f\u0131nda geliyor. Bu denli d\u0131\u015fa ba\u011f\u0131ml\u0131 oldu\u011fumuz halde, enerjimizi maalesef verimli kullanamamaktay\u0131z. Enerjinin en fazla t\u00fcketildi\u011fi alanlar\u0131n ba\u015f\u0131nda da binalar gelmektedir. Toplam t\u00fcketti\u011fimiz enerjinin y\u00fczde 40\u2019a yak\u0131n bir oran\u0131 binalarda, y\u00fczde 30 civar\u0131nda sanayide, kalan\u0131 da ula\u015f\u0131m ve tar\u0131m olmak \u00fczere ana t\u00fcketim alanlar\u0131nda kullanmaktay\u0131z. Enerjinin y\u00fczde 40\u2019a yak\u0131n\u0131n\u0131n kullan\u0131ld\u0131\u011f\u0131 binalarda t\u00fcketilen enerjinin y\u00fczde 80\u2019i ise \u0131s\u0131tma-so\u011futma i\u00e7in harcanmaktad\u0131r\u201d\u00a0ifadelerine yer verdi.<\/p>\n<p>T\u00fcrkiye\u2019nin, \u2018mantolama\u2019 olarak da adland\u0131r\u0131lan \u0131s\u0131 yal\u0131t\u0131m\u0131 uygulamas\u0131nda Avrupa\u2019n\u0131n en b\u00fcy\u00fc\u011f\u00fc konumunda oldu\u011funu belirten <strong>Ertu\u011frul \u015een<\/strong>, \u201cAncak bu b\u00fcy\u00fckl\u00fck bizi aldatmas\u0131n. Ki\u015fi ba\u015f\u0131na d\u00fc\u015fen \u0131s\u0131 yal\u0131t\u0131m\u0131 malzemesi t\u00fcketimi bu \u00fclkelere g\u00f6re 4-5 kat daha gerilerdedir. \u00dclkemizde ki\u015fi ba\u015f\u0131na 0,25 metrek\u00fcp yal\u0131t\u0131m malzemesi t\u00fcketilirken, AB \u00fclkelerinde ortalama 1 metrek\u00fcp malzeme kullan\u0131lmaktad\u0131r. Biz 4-5 cm kal\u0131nl\u0131kta yal\u0131t\u0131m malzemesi ile yetinirken, AB \u00fclkeleri 15-20 cm ile daha fazla \u0131s\u0131 yal\u0131t\u0131m\u0131 malzemesi kullanarak daha fazla enerji verimlili\u011fi sa\u011flamaktad\u0131r. Biz sadece \u0131s\u0131tma i\u00e7in 130 kw-saat\/m2 y\u0131l enerjiye izin verirken; AB \u00fclkelerinde yeni binalarda, \u0131s\u0131tma, so\u011futma, ayd\u0131nlatma ve t\u00fcm elektrikli ev aletleri dahil, kullan\u0131lacak enerji s\u0131n\u0131r\u0131n\u0131 15 kw-saat\/m2 y\u0131l olarak belirlenmi\u015ftir. Bu rakamlar enerji verimlili\u011fi konusunda epey geride oldu\u011fumuzu ve enerjimizi verimli kullanamad\u0131\u011f\u0131m\u0131z\u0131 da g\u00f6stermektedir\u201d\u00a0dedi.<\/p>","protected":false},"excerpt":{"rendered":"<p>Sorry, this entry is only available in Turkish. For the sake of viewer convenience, the content is shown below in the alternative language. You may click the link to switch the active language.Enerji verimlili\u011finin T\u00fcrkiye\u2019nin gelece\u011fi i\u00e7in stratejik \u00f6neme sahip bir konu oldu\u011funu belirten \u0130ZODER Ba\u015fkan Yard\u0131mc\u0131s\u0131 Ertu\u011frul \u015een taraf\u0131ndan \u201cY\u0131ll\u0131k enerji t\u00fcketiminin y\u00fczde 72\u2019sini [&hellip;]<\/p>\n","protected":false},"author":1,"featured_media":60705,"comment_status":"open","ping_status":"open","sticky":false,"template":"","format":"standard","meta":[],"categories":[53,52],"tags":[63,67,1009,2698,165,12,1727,13808,25455,675,380,793],"views":1088,"_links":{"self":[{"href":"https:\/\/www.enerjigazetesi.ist\/en\/wp-json\/wp\/v2\/posts\/60704"}],"collection":[{"href":"https:\/\/www.enerjigazetesi.ist\/en\/wp-json\/wp\/v2\/posts"}],"about":[{"href":"https:\/\/www.enerjigazetesi.ist\/en\/wp-json\/wp\/v2\/types\/post"}],"author":[{"embeddable":true,"href":"https:\/\/www.enerjigazetesi.ist\/en\/wp-json\/wp\/v2\/users\/1"}],"replies":[{"embeddable":true,"href":"https:\/\/www.enerjigazetesi.ist\/en\/wp-json\/wp\/v2\/comments?post=60704"}],"version-history":[{"count":3,"href":"https:\/\/www.enerjigazetesi.ist\/en\/wp-json\/wp\/v2\/posts\/60704\/revisions"}],"predecessor-version":[{"id":60708,"href":"https:\/\/www.enerjigazetesi.ist\/en\/wp-json\/wp\/v2\/posts\/60704\/revisions\/60708"}],"wp:featuredmedia":[{"embeddable":true,"href":"https:\/\/www.enerjigazetesi.ist\/en\/wp-json\/wp\/v2\/media\/60705"}],"wp:attachment":[{"href":"https:\/\/www.enerjigazetesi.ist\/en\/wp-json\/wp\/v2\/media?parent=60704"}],"wp:term":[{"taxonomy":"category","embeddable":true,"href":"https:\/\/www.enerjigazetesi.ist\/en\/wp-json\/wp\/v2\/categories?post=60704"},{"taxonomy":"post_tag","embeddable":true,"href":"https:\/\/www.enerjigazetesi.ist\/en\/wp-json\/wp\/v2\/tags?post=60704"}],"curies":[{"name":"wp","href":"https:\/\/api.w.org\/{rel}","templated":true}]}}