{"id":60689,"date":"2017-01-06T12:25:13","date_gmt":"2017-01-06T09:25:13","guid":{"rendered":"https:\/\/www.enerjigazetesi.ist\/?p=60689"},"modified":"2017-01-06T12:25:13","modified_gmt":"2017-01-06T09:25:13","slug":"kizilay-kirmizi-alarm-verince-bedas-ve-bepsas-calisanlari-kollari-sivadi","status":"publish","type":"post","link":"https:\/\/www.enerjigazetesi.ist\/en\/kizilay-kirmizi-alarm-verince-bedas-ve-bepsas-calisanlari-kollari-sivadi\/","title":{"rendered":"(Turkish) K\u0131z\u0131lay \u2018K\u0131rm\u0131z\u0131 Alarm\u2019 Verince BEDA\u015e VE BEPSA\u015e \u00c7al\u0131\u015fanlar\u0131 Kollar\u0131 S\u0131vad\u0131"},"content":{"rendered":"<p class=\"qtranxs-available-languages-message qtranxs-available-languages-message-en\">Sorry, this entry is only available in <a href=\"https:\/\/www.enerjigazetesi.ist\/tr\/wp-json\/wp\/v2\/posts\/60689\" class=\"qtranxs-available-language-link qtranxs-available-language-link-tr\" title=\"Turkish\">Turkish<\/a>. For the sake of viewer convenience, the content is shown below in the alternative language. You may click the link to switch the active language.<\/p><p><strong>Kan stoklar\u0131 azald\u0131\u011f\u0131 i\u00e7in \u2018k\u0131rm\u0131z\u0131 alarm\u2019 veren T\u00fcrk K\u0131z\u0131lay\u0131\u2019n\u0131n \u2018seferberlik\u2019 \u00e7a\u011fr\u0131s\u0131n\u0131n ard\u0131ndan on binler kan ba\u011f\u0131\u015f\u0131 i\u00e7in s\u0131raya girdi. 148 y\u0131ll\u0131k tarihinin en y\u00fcksek kan ba\u011f\u0131\u015f\u0131n\u0131 alan K\u0131z\u0131lay, rekor k\u0131r\u0131ld\u0131\u011f\u0131n\u0131 a\u00e7\u0131klarken Cengiz ve Kolin \u015eirketler Grubu \u00e7at\u0131s\u0131 alt\u0131nda faaliyet g\u00f6steren BEDA\u015e ve Bo\u011fazi\u00e7i Elektrik Perakende Sat\u0131\u015f A.\u015e (BEPSA\u015e) \u00e7al\u0131\u015fanlar\u0131 da kan ba\u011f\u0131\u015f\u0131na destek verenler aras\u0131nda yer ald\u0131.<\/strong><\/p>\n<p>T\u00fcrk K\u0131z\u0131lay\u0131\u2019n\u0131n 2 Ocak Sal\u0131 g\u00fcn\u00fc \u2018k\u0131rm\u0131z\u0131 alarm\u2019 vererek \u201cK\u0131\u015f \u015fartlar\u0131 sonucu azalan ba\u011f\u0131\u015f ve stoklar\u0131m\u0131z nedeniyle t\u00fcm vatanda\u015flar\u0131m\u0131z\u0131 kan ba\u011f\u0131\u015f\u0131n<a href=\"https:\/\/www.enerjigazetesi.ist\/wp-content\/uploads\/2017\/01\/kizilay-kirmizi-alarm-verince-bedas-ve-bepsas-calisanlari-kollari-sivadi.jpg\"><img loading=\"lazy\" class=\"alignleft size-medium wp-image-60690\" src=\"https:\/\/www.enerjigazetesi.ist\/wp-content\/uploads\/2017\/01\/kizilay-kirmizi-alarm-verince-bedas-ve-bepsas-calisanlari-kollari-sivadi-300x199.jpg\" alt=\"kizilay-kirmizi-alarm-verince-bedas-ve-bepsas-calisanlari-kollari-sivadi\" width=\"300\" height=\"199\" srcset=\"https:\/\/www.enerjigazetesi.ist\/wp-content\/uploads\/2017\/01\/kizilay-kirmizi-alarm-verince-bedas-ve-bepsas-calisanlari-kollari-sivadi-300x199.jpg 300w, https:\/\/www.enerjigazetesi.ist\/wp-content\/uploads\/2017\/01\/kizilay-kirmizi-alarm-verince-bedas-ve-bepsas-calisanlari-kollari-sivadi-1024x680.jpg 1024w, https:\/\/www.enerjigazetesi.ist\/wp-content\/uploads\/2017\/01\/kizilay-kirmizi-alarm-verince-bedas-ve-bepsas-calisanlari-kollari-sivadi-500x332.jpg 500w, https:\/\/www.enerjigazetesi.ist\/wp-content\/uploads\/2017\/01\/kizilay-kirmizi-alarm-verince-bedas-ve-bepsas-calisanlari-kollari-sivadi-75x50.jpg 75w, https:\/\/www.enerjigazetesi.ist\/wp-content\/uploads\/2017\/01\/kizilay-kirmizi-alarm-verince-bedas-ve-bepsas-calisanlari-kollari-sivadi.jpg 1072w\" sizes=\"(max-width: 300px) 100vw, 300px\" \/><\/a>a davet ediyoruz\u201d \u00e7a\u011fr\u0131s\u0131, T\u00fcrkiye genelinde b\u00fcy\u00fck yank\u0131 buldu. \u00c7a\u011fr\u0131ya T\u00fcrkiye\u2019nin \u00f6nde gelen sivil toplum kurulu\u015flar\u0131, kamu ve \u00f6zel \u015firketler, taraftar gruplar\u0131 ile vatanda\u015flar b\u00fcy\u00fck ilgi g\u00f6sterince K\u0131z\u0131lay, 148 y\u0131ll\u0131k tarihinde en y\u00fcksek kan ba\u011f\u0131\u015f\u0131n\u0131 alarak rekora imza att\u0131. K\u0131z\u0131lay\u2019\u0131n \u00e7a\u011fr\u0131s\u0131na ko\u015fanlar aras\u0131nda Cengiz ve Kolin \u015eirketler Grubu \u00e7at\u0131s\u0131 al\u0131nda faaliyet g\u00f6steren Bo\u011fazi\u00e7i Elektrik Da\u011f\u0131t\u0131m A.\u015e. (BEDA\u015e) ve Bo\u011fazi\u00e7i Elektrik Perakende Sat\u0131\u015f A.\u015e. (BEPSA\u015e) \u00e7al\u0131\u015fanlar\u0131 da\u00a0yer ald\u0131.<\/p>\n<p>\u0130stanbul Avrupa Yakas\u0131\u2019nda elektrik da\u011f\u0131t\u0131m\u0131 hizmeti veren BEDA\u015e ile BEPSA\u015e \u00e7al\u0131\u015fanlar\u0131 \u00e7a\u011fr\u0131 \u00fczerine h\u0131zla harekete ge\u00e7erek kan ba\u011f\u0131\u015f\u0131 seferberli\u011fine kat\u0131ld\u0131. \u0130stanbul \u00c7a\u011flayan\u2019da CLK Enerji\u2019nin merkez binas\u0131nda ger\u00e7ekle\u015fen kan ba\u011f\u0131\u015f\u0131 kampanyas\u0131na her iki \u015firketten de \u00e7ok say\u0131da \u00e7al\u0131\u015fan\u0131n kat\u0131ld\u0131\u011f\u0131 g\u00f6zlendi. G\u00fcn i\u00e7inde ba\u011f\u0131\u015f rekoru k\u0131r\u0131ld\u0131\u011f\u0131 bilgisi gelirken, T\u00fcrk K\u0131z\u0131lay\u0131 Genel Ba\u015fkan\u0131 Kerem K\u0131n\u0131k, kan ba\u011f\u0131\u015f\u0131na kay\u0131ts\u0131z kalmayan vatanda\u015f ve kurumlara te\u015fekk\u00fcr etti.<\/p>","protected":false},"excerpt":{"rendered":"<p>Sorry, this entry is only available in Turkish. For the sake of viewer convenience, the content is shown below in the alternative language. You may click the link to switch the active language.Kan stoklar\u0131 azald\u0131\u011f\u0131 i\u00e7in \u2018k\u0131rm\u0131z\u0131 alarm\u2019 veren T\u00fcrk K\u0131z\u0131lay\u0131\u2019n\u0131n \u2018seferberlik\u2019 \u00e7a\u011fr\u0131s\u0131n\u0131n ard\u0131ndan on binler kan ba\u011f\u0131\u015f\u0131 i\u00e7in s\u0131raya girdi. 148 y\u0131ll\u0131k tarihinin en [&hellip;]<\/p>\n","protected":false},"author":1,"featured_media":60690,"comment_status":"open","ping_status":"open","sticky":false,"template":"","format":"standard","meta":[],"categories":[51,53],"tags":[1506,8843,68,61,19638,1451,2873,63,67,1009,2698,165,32699,32698],"views":844,"_links":{"self":[{"href":"https:\/\/www.enerjigazetesi.ist\/en\/wp-json\/wp\/v2\/posts\/60689"}],"collection":[{"href":"https:\/\/www.enerjigazetesi.ist\/en\/wp-json\/wp\/v2\/posts"}],"about":[{"href":"https:\/\/www.enerjigazetesi.ist\/en\/wp-json\/wp\/v2\/types\/post"}],"author":[{"embeddable":true,"href":"https:\/\/www.enerjigazetesi.ist\/en\/wp-json\/wp\/v2\/users\/1"}],"replies":[{"embeddable":true,"href":"https:\/\/www.enerjigazetesi.ist\/en\/wp-json\/wp\/v2\/comments?post=60689"}],"version-history":[{"count":1,"href":"https:\/\/www.enerjigazetesi.ist\/en\/wp-json\/wp\/v2\/posts\/60689\/revisions"}],"predecessor-version":[{"id":60691,"href":"https:\/\/www.enerjigazetesi.ist\/en\/wp-json\/wp\/v2\/posts\/60689\/revisions\/60691"}],"wp:featuredmedia":[{"embeddable":true,"href":"https:\/\/www.enerjigazetesi.ist\/en\/wp-json\/wp\/v2\/media\/60690"}],"wp:attachment":[{"href":"https:\/\/www.enerjigazetesi.ist\/en\/wp-json\/wp\/v2\/media?parent=60689"}],"wp:term":[{"taxonomy":"category","embeddable":true,"href":"https:\/\/www.enerjigazetesi.ist\/en\/wp-json\/wp\/v2\/categories?post=60689"},{"taxonomy":"post_tag","embeddable":true,"href":"https:\/\/www.enerjigazetesi.ist\/en\/wp-json\/wp\/v2\/tags?post=60689"}],"curies":[{"name":"wp","href":"https:\/\/api.w.org\/{rel}","templated":true}]}}