{"id":6067,"date":"2013-02-05T10:20:13","date_gmt":"2013-02-05T07:20:13","guid":{"rendered":"https:\/\/www.enerjigazetesi.ist\/?p=6067"},"modified":"2013-02-05T11:19:36","modified_gmt":"2013-02-05T08:19:36","slug":"gunes-enerjisi-sektorunun-en-buyuk-bulusmasi-icin-geri-sayim-basladi","status":"publish","type":"post","link":"https:\/\/www.enerjigazetesi.ist\/en\/gunes-enerjisi-sektorunun-en-buyuk-bulusmasi-icin-geri-sayim-basladi\/","title":{"rendered":"(Turkish) G\u00fcne\u015f Enerjisi Sekt\u00f6r\u00fcn\u00fcn En B\u00fcy\u00fck Bulu\u015fmas\u0131 \u0130\u00e7in Geri Say\u0131m Ba\u015flad\u0131\u2026"},"content":{"rendered":"<p class=\"qtranxs-available-languages-message qtranxs-available-languages-message-en\">Sorry, this entry is only available in <a href=\"https:\/\/www.enerjigazetesi.ist\/tr\/wp-json\/wp\/v2\/posts\/6067\" class=\"qtranxs-available-language-link qtranxs-available-language-link-tr\" title=\"Turkish\">Turkish<\/a>. For the sake of viewer convenience, the content is shown below in the alternative language. You may click the link to switch the active language.<\/p><p><strong>G\u00fcne\u015f enerjisi sekt\u00f6r\u00fcndeki son geli\u015fmeler, yeni teknolojiler ve \u00fcr\u00fcnler, Solarex \u0130stanbul\u2019da sahne almaya haz\u0131rlan\u0131yor.<\/strong><\/p>\n<p><strong>\u0130hlas Fuarc\u0131l\u0131k taraf\u0131ndan GENSED (G\u00fcne\u015f Enerjisi Sanayicileri ve End\u00fcstrisi Derne\u011fi)\u00a0 i\u015fbirli\u011fi ile d\u00fczenlenen\u00a0SOLAREX \u0130STANBUL 2013, \u201c6. Uluslararas\u0131 G\u00fcne\u015f Enerjisi ve Teknolojileri Fuar\u0131, 11 \u2013 13 Nisan 2013 tarihleri aras\u0131nda \u0130stanbul Fuar Merkezi Ye\u015filk\u00f6y\u2019de ger\u00e7ekle\u015ftirilecek.<\/strong><\/p>\n<p>Ge\u00e7ti\u011fimiz y\u0131llardaki, fuar\u0131n b\u00fcy\u00fck ba\u015far\u0131s\u0131n\u0131n ard\u0131ndan sekt\u00f6rden yo\u011fun ilgi g\u00f6ren Solarex \u0130stanbul Fuar\u0131, \u00e7ok say\u0131da firma ve firma temsilcili\u011finin kat\u0131l\u0131m\u0131yla ger\u00e7ekle\u015fecek. Sekt\u00f6r\u00fcn\u00a0 yerli ve yabanc\u0131 lider firmalar\u0131n\u0131n yan\u0131 s\u0131ra k\u00fc\u00e7\u00fck ve orta \u00f6l\u00e7ekli firmalar da sekt\u00f6r\u00fcn Avrasya b\u00f6lgesindeki en \u00f6nemli ticari etkinli\u011fi olan Solarex \u0130stanbul 2013\u2019de yerlerini al\u0131yorlar.<\/p>\n<p><img loading=\"lazy\" class=\"alignleft size-medium wp-image-6068\" title=\"gunes-enerjisi-fuari-solarex\" src=\"https:\/\/www.enerjigazetesi.ist\/wp-content\/uploads\/2013\/02\/gunes-enerjisi-fuari-solarex-300x200.jpg\" alt=\"\" width=\"300\" height=\"200\" srcset=\"https:\/\/www.enerjigazetesi.ist\/wp-content\/uploads\/2013\/02\/gunes-enerjisi-fuari-solarex-300x200.jpg 300w, https:\/\/www.enerjigazetesi.ist\/wp-content\/uploads\/2013\/02\/gunes-enerjisi-fuari-solarex-1024x682.jpg 1024w, https:\/\/www.enerjigazetesi.ist\/wp-content\/uploads\/2013\/02\/gunes-enerjisi-fuari-solarex-500x333.jpg 500w, https:\/\/www.enerjigazetesi.ist\/wp-content\/uploads\/2013\/02\/gunes-enerjisi-fuari-solarex-75x50.jpg 75w\" sizes=\"(max-width: 300px) 100vw, 300px\" \/>T\u00fcrkiye\u2019nin en h\u0131zl\u0131 ve istikrarl\u0131 b\u00fcy\u00fcyen sekt\u00f6rlerinden biri olan g\u00fcne\u015f enerjisi sekt\u00f6r\u00fc, geni\u015f bir kapsama sahip olan Solarex \u0130stanbul Fuar\u0131\u2019nda t\u00fcm yeniliklerini sergilemeye haz\u0131rlan\u0131yor. Kat\u0131l\u0131mc\u0131 firmalar, g\u00fcne\u015f enerjisi\u00a0 alanlar\u0131nda t\u00fcm \u00fcr\u00fcn ve teknolojilerini fuar\u0131 ziyaret edecek yerli ve yabanc\u0131 uluslararas\u0131 profesyonele sunma f\u0131rsat\u0131 bulacaklar.<\/p>\n<p>G\u00fcne\u015f enerjisi sekt\u00f6r\u00fcn\u00fcn de\u011fi\u015fen d\u00fcnya pazar\u0131na genel bir bak\u0131\u015f sa\u011flayan, sekt\u00f6r\u00fcn uluslararas\u0131 pazarlara eri\u015fimine \u00f6nc\u00fcl\u00fck eden, teknoloji ve \u00fcretim konusundaki yat\u0131r\u0131mlara y\u00f6n veren Solarex \u0130stanbul Fuar\u0131,<strong>\u00a0<\/strong><strong>6<\/strong><strong>.<\/strong> y\u0131l\u0131nda da fark yaratarak, kat\u0131l\u0131mc\u0131 ve ziyaret\u00e7ilerin t\u00fcm beklentilerini kar\u015f\u0131lamay\u0131 hedefliyor.<\/p>\n<p><strong>T\u00fcrkiye, G\u00fcne\u015f Enerjisi Zengini\u2026<\/strong><strong><\/strong><\/p>\n<p>D\u00fcnya \u00fczerinde ya\u015fanan k\u00fcresel \u0131s\u0131nma ve iklim de\u011fi\u015fiklikleri, temiz enerji kaynaklar\u0131na duyulan gereksinimi g\u00fcnden g\u00fcne art\u0131r\u0131rken, ya\u015fanan enerji krizleri de alternatif enerji kaynaklar\u0131na y\u00f6nelime sebep oluyor. Co\u011frafi konumu itibariyle g\u00fcne\u015flenme alan\u0131 ve s\u00fcresi olduk\u00e7a y\u00fcksek olan T\u00fcrkiye ise g\u00fcn ge\u00e7tik\u00e7e G\u00fcne\u015f Enerjisi Teknolojileri konusunda daha duyarl\u0131 hale geliyor. Temiz enerji sekt\u00f6r\u00fcn\u00fcn en \u00f6nemli geli\u015fme potansiyeli en y\u00fcksek olan g\u00fcne\u015f enerjisi sekt\u00f6r\u00fc, d\u00fcnya teknolojilerini T\u00fcrkiye\u2019ye ta\u015f\u0131yor. 1990\u2019l\u0131 y\u0131llardan bu yana y\u0131lda y\u00fczde 30 b\u00fcy\u00fcme ger\u00e7ekle\u015ftiren sekt\u00f6r, g\u00fcn ge\u00e7tik\u00e7e daha yayg\u0131nla\u015f\u0131yor.<\/p>\n<p>G\u00fcne\u015f enerjisi geni\u015f co\u011frafi da\u011f\u0131l\u0131ma sahip bir enerji kayna\u011f\u0131 olup, gelece\u011fin d\u00fcnyas\u0131n\u0131n enerji gereksiniminin kar\u015f\u0131lanmas\u0131nda, geleneksel enerji kaynaklar\u0131n\u0131n yan\u0131nda en \u00f6nemli se\u00e7eneklerden biri olaca\u011f\u0131n\u0131 g\u00f6stermektedir. H\u0131zl\u0131 art\u0131\u015flar yapmaya devam eden g\u00fcne\u015f enerjisi sistemlerinin, \u00f6n\u00fcm\u00fczdeki 25 y\u0131l i\u00e7inde en h\u0131zl\u0131 b\u00fcy\u00fcyecek olan elektrik enerjisi alan\u0131 olmas\u0131 bekleniyor. G\u00fcne\u015f enerjisi yat\u0131r\u0131m\u0131n\u0131n en h\u0131zl\u0131 geri d\u00f6n\u00fc\u015f sa\u011flad\u0131\u011f\u0131 alan olarak bilinen fakat mevcut enerji kaynaklar\u0131n\u0131n h\u0131zla t\u00fckenmesi ve enerji ihtiyac\u0131n\u0131n ayn\u0131 oranda artmas\u0131 insano\u011flunu yenilenebilir enerjiye sevk ediyor.<\/p>\n<p>Solarex \u0130stanbul, konferans, sempozyum, firma seminerleri ve \u00e7e\u015fitli aktiviteleri ile de olduk\u00e7a hareketli ge\u00e7en bir organizasyon olma \u00f6zelli\u011fine sahip.<\/p>\n<p>Son y\u0131llarda yenilenebilen enerji kaynaklar\u0131 i\u00e7inde, \u00fczerinde en \u00e7ok \u00e7al\u0131\u015f\u0131lan\u0131 olan g\u00fcne\u015f enerjisi, d\u00fcnyam\u0131za ve di\u011fer gezegenlere enerji veren b\u00fcy\u00fck bir enerji kayna\u011f\u0131. \u00a0Bitkiler, canl\u0131 doku \u00fcretmek ve besin yapabilmek ( fotosentez) i\u00e7in g\u00fcne\u015f enerjisinden faydalan\u0131rken, r\u00fczgar, g\u00fcne\u015f \u0131\u015f\u0131nlar\u0131n\u0131n s\u0131cakl\u0131k fark\u0131 has\u0131l etmesinden meydana\u00a0 geliyor. K\u00f6m\u00fcr ve bitki art\u0131klar\u0131ndan petrol meydana gelmesi de yine g\u00fcne\u015f enerjisi sayesinde ger\u00e7ekle\u015fiyor.<\/p>\n<p>G\u00fcne\u015f ve \u00e7evresinde dolanan gezegenlerden olu\u015fan g\u00fcne\u015f sistemi d\u00fcnya i\u00e7in, temel bir enerji kayna\u011f\u0131. \u00d6zellikle, d\u00fcnyada ya\u015fayan canl\u0131lar i\u00e7in vazge\u00e7ilmez bir kaynakt\u0131r. Bug\u00fcn kullan\u0131lan \u00e7e\u015fitli enerji kaynaklar\u0131n\u0131n b\u00fcy\u00fck k\u0131sm\u0131, g\u00fcne\u015fin sebep oldu\u011fu olaylar sonucu ortaya \u00e7\u0131kmaktad\u0131r. G\u00fcnl\u00fck g\u00fcne\u015f enerjisi ile d\u00fcnya ayd\u0131nlat\u0131labilmekte, ya\u011f\u0131\u015flar ile su d\u00f6ng\u00fcs\u00fc sa\u011flanabilmekte ve en \u00f6nelisi de, fotosentez ile canl\u0131 ya\u015fam s\u00fcrd\u00fcrebilmektedir. G\u00fcne\u015f yar\u0131\u00e7ap\u0131 700.000 km (d\u00fcnya yar\u0131\u00e7ap\u0131n\u0131n yakla\u015f\u0131k 109 kat\u0131), k\u00fctlesi 2 x 1030 kg (d\u00fcnya k\u00fctlesinin yakla\u015f\u0131k 330.000 kat\u0131) olan bir y\u0131ld\u0131z.<\/p>\n<p>\u0130nsanl\u0131k i\u00e7in t\u00fckenmez bir enerji kayna\u011f\u0131 olan g\u00fcne\u015f, t\u00fcm d\u00fcnya \u00fclkelerinin yararlanabilece\u011fi bir enerji kayna\u011f\u0131d\u0131r. Hi\u00e7bir ula\u015ft\u0131rma harcamas\u0131 olmaks\u0131z\u0131n, her yerde kullan\u0131labilmesi en \u00f6nemli \u00f6zelli\u011fidir.<\/p>\n<p><strong>D\u00fcnyada g\u00fcne\u015f enerjisi\u2026<\/strong><\/p>\n<p>Son y\u0131llarda, g\u00fcne\u015f enerjisinden elektrik \u00fcretiminin h\u0131zla yayg\u0131nla\u015ft\u0131\u011f\u0131 Amerika\u2019da, evin \u00e7at\u0131s\u0131na yerle\u015ftirilen g\u00fcne\u015f enerjisi panelleri ile elde edilen elektrik, evin ihtiya\u00e7lar\u0131 i\u00e7in kullan\u0131l\u0131rken, evin ihtiyac\u0131ndan fazla \u00fcretilen elektrik \u015fehir \u015febekesine aktar\u0131l\u0131yor. \u00c7ift y\u00f6nl\u00fc \u00e7al\u0131\u015fan evdeki elektrik sayac\u0131 sayesinde, ihtiya\u00e7 fazlas\u0131 sat\u0131labiliyor.<\/p>\n<p>Alman bilim adamlar\u0131 taraf\u0131ndan geli\u015ftirilen, g\u00fcne\u015f enerjisiyle \u00e7al\u0131\u015fan kibrit kutusu b\u00fcy\u00fckl\u00fc\u011f\u00fcnde yeni bir cep telefonu, g\u00fcne\u015f enerjisiyle \u00e7al\u0131\u015fan piller sadece cep telefonlar\u0131nda de\u011fil, diz \u00fcst\u00fc bilgisayarlarda da kullan\u0131labilecek.<\/p>\n<p>\u00d6z\u00fcrl\u00fclerin kulland\u0131\u011f\u0131 tekerlekli sandalyeler de art\u0131k g\u00fcne\u015f enerjisi ile \u00e7al\u0131\u015f\u0131yor. Engellileri s\u00fcrekli ak\u00fclerini \u015farj etme zorunlulu\u011fundan kurtaran proje, engellilerin hayat\u0131na b\u00fcy\u00fck bir kolayl\u0131k getirecek.<\/p>\n<p>Almanya\u2019da, ge\u00e7ti\u011fimiz y\u0131l solar sistemlerin kurulmas\u0131nda rekor d\u00fczeye ula\u015f\u0131ld\u0131. Ocak ay\u0131ndan Kas\u0131m ay\u0131na kadar toplam kapasitesi 7 bin 300 megawattan fazla, yeni fotovoltaj sistemler kurularak, elektrik hatlar\u0131na ba\u011fland\u0131. \u015eimdiye kadar 11 ayda hi\u00e7 bu kadar \u00e7ok solar sistem kurulmam\u0131\u015ft\u0131. Bu verilere g\u00f6re Kas\u0131m ay\u0131 sonu itibariyle Almanya&#8217;da elektrik hatlar\u0131na ba\u011flanan solar enerji kapasitesi 32 bin 59 Megawatta ula\u015ft\u0131.<\/p>\n<p>G\u00fcne\u015f santrallerine y\u00fcksek d\u00fczeyde sabit fiyat garantisi vermi\u015f Almanya, \u0130spanya ve \u00c7ek Cumhuriyeti gibi \u00fclkelerde, teknolojinin ucuzlamas\u0131yla bu \u00fclkelerdeki te\u015fvik d\u00fczeyleri de azalmaya ba\u015fl\u0131yor.\u00a0<strong><br \/>\n<\/strong><\/p>\n<p><strong>Yat\u0131r\u0131mc\u0131lara dikkate de\u011fer \u00f6neriler<\/strong><strong><\/strong><\/p>\n<p>G\u00fcne\u015f enerjisi yat\u0131r\u0131mlar\u0131n\u0131n artmas\u0131 amac\u0131yla, EPDK\u2019n\u0131n \u00f6l\u00e7\u00fcm ve fizibilite, proje geli\u015ftirme, in\u015faat ve operasyon alt ba\u015fl\u0131klar\u0131 alt\u0131nda, yat\u0131r\u0131mc\u0131lara s\u00fcre\u00e7ler anlat\u0131l\u0131yor ve \u00f6nerilerde bulunuluyor. Yat\u0131r\u0131mc\u0131lar\u0131n, indirim oranlar\u0131 ve ger\u00e7ek\u00e7i analizler konular\u0131nda dikkatli olmalar\u0131 ve do\u011fru fizibilite \u00e7al\u0131\u015fmas\u0131 yapmalar\u0131 \u00f6neriliyor.<\/p>\n<p>\u0130stanbul Fuar Merkezi Ye\u015filk\u00f6y, \u0130stanbul\u2019da ger\u00e7ekle\u015ftirilecek\u00a0<strong>SOLAREX \u0130STANBUL 2013 Fuar\u0131,<\/strong>\u00a0<strong>11 \u2013 12 Nisan<\/strong><strong> <\/strong>tarihlerinde 10:00-19:00 saatleri aras\u0131nda,\u00a0<strong>13 Nisan<\/strong>\u00a0g\u00fcn\u00fc ise 10:00\u201318:00 saatleri aras\u0131nda ziyaret edilebilecek.<strong><\/strong><\/p>\n<p><strong>Bulu\u015fma Platformu: \u0130stanbul<\/strong><\/p>\n<p>K\u0131talar\u0131 birle\u015ftiren co\u011frafyas\u0131 ve as\u0131rlara tan\u0131kl\u0131k eden tarihi konumu ile \u0130stanbul d\u00fcnya \u00fczerindeki en \u00f6zel \u015fehirlerden biridir. Asya ve Avrupa k\u0131talar\u0131n\u0131 birle\u015ftiren \u0130stanbul, Ortado\u011fu ve Avrupa\u2019ya yak\u0131nl\u0131\u011f\u0131, Rusya ve T\u00fcrk Cumhuriyetleri ile s\u00fcrd\u00fcrd\u00fc\u011f\u00fc s\u0131cak ili\u015fkiler ile ticareti de verimli hale d\u00f6n\u00fc\u015ft\u00fcrmeyi ba\u015far\u0131yor. \u0130stanbul, jeopolitik konumu sayesinde, 6. Uluslararas\u0131 G\u00fcne\u015f Enerjisi ve Teknolojileri Fuar\u0131\u2019n\u0131n ba\u015far\u0131s\u0131na ba\u015far\u0131 katacakt\u0131r.<strong> <\/strong>Alt\u0131nc\u0131s\u0131 11- 13 Nisan 2013 tarihleri aras\u0131nda d\u00fczenlenecek olan fuar\u0131, yurt i\u00e7i ve yurt d\u0131\u015f\u0131ndan \u00e7ok say\u0131da profesyonelin ziyaret etmesi bekleniyor. <strong><\/strong><\/p>\n<p><strong>Ziyaret\u00e7i Profili<\/strong><\/p>\n<p>\u00c7o\u011funlukla \u00f6zel sekt\u00f6r, siyaset, kamu kurulu\u015flar\u0131, akademi ve bas\u0131n, sat\u0131\u015f ve pazarlama y\u00f6neticileri, teknik dan\u0131\u015fmanlar, uzmanlar, m\u00fchendisler, \u00fcst d\u00fczey y\u00f6neticiler, proje ger\u00e7ekle\u015ftirmek isteyen, farkl\u0131 sekt\u00f6rlerden ticari al\u0131c\u0131lar, i\u015f adamlar\u0131, yat\u0131r\u0131mc\u0131lar, sanayi sat\u0131n ala y\u00f6neticileri ve yetkilileri, acente ve distrib\u00fct\u00f6r, distrib\u00fct\u00f6rl\u00fck ve bayilik almak isteyen firmalar, ticaret odalar\u0131 ve sekt\u00f6r kurumlar\u0131<\/p>\n<p><strong>Zengin Kat\u0131l\u0131mc\u0131 Portf\u00f6y\u00fc <\/strong><\/p>\n<p>Fotovolatikler kategorisinde; h\u00fccreler, mod\u00fcller, inverterler (evirici), \u00f6l\u00e7me ve kontrol teknolojileri, \u015farj cihazlar\u0131, piller, kablolar, konekt\u00f6rler, ba\u011flant\u0131 kuular\u0131, g\u00fcne\u015f takip sistemleri, montaj sistemleri, kurulum aparatlar\u0131, bina entegre \u00e7\u00f6z\u00fcmler (BIPV), stand alone sistemler, g\u00fcne\u015f enerji santralleri, enerji depoalam sistemleri, g\u00fcne\u015fle \u00e7al\u0131\u015fan t\u00fcketici \u00fcr\u00fcnleri, waferlar, malzeme ve \u00fcretim ekipmanlar\u0131\u2026<\/p>\n<p>G\u00fcne\u015f Is\u0131 Teknolojileri kategorisinde;<strong> <\/strong>so\u011furucular, kaplamalar, kolekt\u00f6rler, ba\u011flant\u0131 par\u00e7alar\u0131, genle\u015fme tanklar\u0131, degaz\u00f6rler, \u0131s\u0131 transferi, ak\u0131\u015fkanlar\u0131, \u00f6l\u00e7me ve kontrol teknolojisi, montaj sistemleri, depolama tanklar\u0131, \u00fcretim teknolojileri ve ekipmanlar\u0131, havaland\u0131rma, so\u011futma, bina entegre \u00e7\u00f6z\u00fcmleri, \u0131s\u0131l i\u015flem, g\u00fcne\u015f termal enerji santralleri, ara\u015ft\u0131rma ve geli\u015ftirme, test enstit\u00fcleri, sekt\u00f6rel bas\u0131n ve di\u011fer yay\u0131nc\u0131lar, e\u011fitim, finansman, organizasyonlar, dernekler ve dan\u0131\u015fmanlar yer almaktad\u0131r.<strong><\/strong><\/p>\n<p><strong>\u0130hlas Fuarc\u0131l\u0131k Hakk\u0131nda<\/strong><\/p>\n<p>\u0130hlas Fuarc\u0131l\u0131k olarak faaliyetlerini s\u00fcrd\u00fcren \u015firketimiz, i\u015f d\u00fcnyas\u0131na profesyonel \u00e7\u00f6z\u00fcmler sunmas\u0131 sebebiyle, yak\u0131ndan tan\u0131nan bir \u015firkettir. \u0130lk organizasyonunu 1988 y\u0131l\u0131nda Tekstil Makineleri fuar\u0131 ile ger\u00e7ekle\u015ftiren \u015firketimiz, yay\u0131nc\u0131l\u0131ktaki ba\u015far\u0131s\u0131, fuarc\u0131l\u0131ktaki 100\u2019e ula\u015fan profesyonel organizasyonu, uluslararas\u0131 kongre organizasyonu, 30\u2019a yak\u0131n web sitesi ve internet portallar\u0131 ile ekonomi d\u00fcnyas\u0131n\u0131n merkezinde bulunup, yenilik\u00e7i ve \u00e7\u00f6z\u00fcm odakl\u0131 yap\u0131s\u0131 ile m\u00fc\u015fterilerine y\u00f6n vermektedir. \u0130hlas Magazin Grubu ve \u0130hlas Fuarc\u0131l\u0131k olarak iki ana kolda faaliyetlerini y\u00fcr\u00fcten \u015firketimiz, i\u015f d\u00fcnyas\u0131 taraf\u0131ndan yak\u0131ndan tan\u0131nmaktad\u0131r. \u0130hlas Magazin Grubu olarak \u00e7\u0131kard\u0131\u011f\u0131m\u0131z sekt\u00f6rel ve akt\u00fcel yay\u0131nlar ile T\u00fcrkiye\u2019nin en k\u00f6kl\u00fc sekt\u00f6rel yay\u0131nc\u0131s\u0131 konumunday\u0131z. \u0130\u015f d\u00fcnyas\u0131na y\u00f6nelik s\u00fcrekli projeler sunan \u015firketlerimiz, \u00e7al\u0131\u015fmalar\u0131n\u0131 ve ba\u015far\u0131lar\u0131n\u0131 art\u0131rarak yoluna devam etmektedir.<\/p>\n<p><strong>Detayl\u0131 Bilgi \u0130\u00e7in:<\/strong><\/p>\n<p>Solarex \u0130stanbul Fuar\u0131 ile ilgili daha detayl\u0131 bilgi sahibi olmak i\u00e7in <a href=\"http:\/\/www.solarexistanbul.com\">www.solarexistanbul.com<\/a> web sitesini ziyaret edebilir yada a\u015fa\u011f\u0131daki ileti\u015fim adresleri ile ba\u011flant\u0131 kurabilirsiniz.<\/p>\n<p>Ebru PEKEL<\/p>\n<p>Kurumsal \u0130leti\u015fim M\u00fcd\u00fcr\u00fc<\/p>\n<p>29 Ekim Cad. No:23 Yenibosna \u0130stanbul<\/p>\n<p>Tel: 0 212 454 25 03 Faks: 0 212 454 25 06<\/p>\n<p><a href=\"http:\/\/www.ihlasfuar.com\/\">www.ihlasfuar.com<\/a>\u00a0 <a href=\"mailto:ebru.pekel@ihlasfuar.com\">ebru.pekel@ihlasfuar.com<\/a><\/p>\n<p>Kaynak: <a href=\"https:\/\/www.enerjigazetesi.ist\" target=\"_blank\">Enerji Gazetesi<\/a><\/p>","protected":false},"excerpt":{"rendered":"<p>Sorry, this entry is only available in Turkish. For the sake of viewer convenience, the content is shown below in the alternative language. You may click the link to switch the active language.G\u00fcne\u015f enerjisi sekt\u00f6r\u00fcndeki son geli\u015fmeler, yeni teknolojiler ve \u00fcr\u00fcnler, Solarex \u0130stanbul\u2019da sahne almaya haz\u0131rlan\u0131yor. \u0130hlas Fuarc\u0131l\u0131k taraf\u0131ndan GENSED (G\u00fcne\u015f Enerjisi Sanayicileri ve End\u00fcstrisi [&hellip;]<\/p>\n","protected":false},"author":1,"featured_media":6068,"comment_status":"open","ping_status":"open","sticky":false,"template":"","format":"standard","meta":[],"categories":[53,49],"tags":[502,727,13,2206,2208,1967,275,2207],"views":899,"_links":{"self":[{"href":"https:\/\/www.enerjigazetesi.ist\/en\/wp-json\/wp\/v2\/posts\/6067"}],"collection":[{"href":"https:\/\/www.enerjigazetesi.ist\/en\/wp-json\/wp\/v2\/posts"}],"about":[{"href":"https:\/\/www.enerjigazetesi.ist\/en\/wp-json\/wp\/v2\/types\/post"}],"author":[{"embeddable":true,"href":"https:\/\/www.enerjigazetesi.ist\/en\/wp-json\/wp\/v2\/users\/1"}],"replies":[{"embeddable":true,"href":"https:\/\/www.enerjigazetesi.ist\/en\/wp-json\/wp\/v2\/comments?post=6067"}],"version-history":[{"count":3,"href":"https:\/\/www.enerjigazetesi.ist\/en\/wp-json\/wp\/v2\/posts\/6067\/revisions"}],"predecessor-version":[{"id":6100,"href":"https:\/\/www.enerjigazetesi.ist\/en\/wp-json\/wp\/v2\/posts\/6067\/revisions\/6100"}],"wp:featuredmedia":[{"embeddable":true,"href":"https:\/\/www.enerjigazetesi.ist\/en\/wp-json\/wp\/v2\/media\/6068"}],"wp:attachment":[{"href":"https:\/\/www.enerjigazetesi.ist\/en\/wp-json\/wp\/v2\/media?parent=6067"}],"wp:term":[{"taxonomy":"category","embeddable":true,"href":"https:\/\/www.enerjigazetesi.ist\/en\/wp-json\/wp\/v2\/categories?post=6067"},{"taxonomy":"post_tag","embeddable":true,"href":"https:\/\/www.enerjigazetesi.ist\/en\/wp-json\/wp\/v2\/tags?post=6067"}],"curies":[{"name":"wp","href":"https:\/\/api.w.org\/{rel}","templated":true}]}}