{"id":60624,"date":"2017-01-03T10:56:29","date_gmt":"2017-01-03T07:56:29","guid":{"rendered":"https:\/\/www.enerjigazetesi.ist\/?p=60624"},"modified":"2017-01-03T10:57:10","modified_gmt":"2017-01-03T07:57:10","slug":"elektrik-arizalari-giderilerek-tum-osblere-elektrik-verilmeye-baslandi","status":"publish","type":"post","link":"https:\/\/www.enerjigazetesi.ist\/en\/elektrik-arizalari-giderilerek-tum-osblere-elektrik-verilmeye-baslandi\/","title":{"rendered":"(Turkish) Elektrik Ar\u0131zalar\u0131 Giderilerek, T\u00fcm OSB\u2019lere Elektrik Verilmeye Ba\u015fland\u0131"},"content":{"rendered":"<p class=\"qtranxs-available-languages-message qtranxs-available-languages-message-en\">Sorry, this entry is only available in <a href=\"https:\/\/www.enerjigazetesi.ist\/tr\/wp-json\/wp\/v2\/posts\/60624\" class=\"qtranxs-available-language-link qtranxs-available-language-link-tr\" title=\"Turkish\">Turkish<\/a>. For the sake of viewer convenience, the content is shown below in the alternative language. You may click the link to switch the active language.<\/p><p><\/p>\n<p class=\"selectionShareable\" style=\"color: #0a0a0a;\"><strong>Enerji ve Tabii K<img loading=\"lazy\" class=\"alignleft wp-image-35823 size-medium\" src=\"https:\/\/www.enerjigazetesi.ist\/wp-content\/uploads\/2015\/01\/elektrik-hatt\u0131-298233-300x225.jpg\" alt=\"elektrik-hatt\u0131-298233\" width=\"300\" height=\"225\" srcset=\"https:\/\/www.enerjigazetesi.ist\/wp-content\/uploads\/2015\/01\/elektrik-hatt\u0131-298233-300x225.jpg 300w, https:\/\/www.enerjigazetesi.ist\/wp-content\/uploads\/2015\/01\/elektrik-hatt\u0131-298233-500x375.jpg 500w, https:\/\/www.enerjigazetesi.ist\/wp-content\/uploads\/2015\/01\/elektrik-hatt\u0131-298233-66x50.jpg 66w, https:\/\/www.enerjigazetesi.ist\/wp-content\/uploads\/2015\/01\/elektrik-hatt\u0131-298233.jpg 800w\" sizes=\"(max-width: 300px) 100vw, 300px\" \/>aynaklar Bakanl\u0131\u011f\u0131ndan taraf\u0131ndan, yap\u0131lan \u00e7al\u0131\u015fmalar neticesinde iki elektrik hatt\u0131nda ar\u0131zalar\u0131n giderildi\u011fi ve saat 19.05 itibar\u0131 ile t\u00fcm organize sanayi b\u00f6lgelerine elektrik verilmeye ba\u015fland\u0131\u011f\u0131\u00a0a\u00e7\u0131klanm\u0131\u015ft\u0131r.<\/strong><span id=\"more-86755\"><\/span><\/p>\n<p class=\"selectionShareable\" style=\"color: #0a0a0a;\">Yap\u0131lan a\u00e7\u0131klamada, Anadolu\u2019dan gelerek \u0130stanbul\u2019u besleyen ve son g\u00fcnlerde ar\u0131zalar\u0131n meydana geldi\u011fi yedi hattan ikisinde ar\u0131zan\u0131n giderildi\u011fi\u00a0belirtilmi\u015ftir.<\/p>\n<p class=\"selectionShareable\" style=\"color: #0a0a0a;\">\u00c7al\u0131\u015fmalar neticesinde t\u00fcm organize sanayi b\u00f6lgelerine saat 19.05 itibar\u0131yla elektrik verildi\u011finin belirtildi\u011fi\u00a0a\u00e7\u0131klamada, Trakya B\u00f6lgesindeki demir-\u00e7elik fabrikalar\u0131n\u0131n da beslendi\u011fi\u00a0ifade edilmi\u015ftir.<\/p>\n<p><\/p>","protected":false},"excerpt":{"rendered":"<p>Sorry, this entry is only available in Turkish. For the sake of viewer convenience, the content is shown below in the alternative language. You may click the link to switch the active language. Enerji ve Tabii Kaynaklar Bakanl\u0131\u011f\u0131ndan taraf\u0131ndan, yap\u0131lan \u00e7al\u0131\u015fmalar neticesinde iki elektrik hatt\u0131nda ar\u0131zalar\u0131n giderildi\u011fi ve saat 19.05 itibar\u0131 ile t\u00fcm organize sanayi [&hellip;]<\/p>\n","protected":false},"author":1,"featured_media":35823,"comment_status":"open","ping_status":"open","sticky":false,"template":"","format":"standard","meta":[],"categories":[51,53],"tags":[68,61,19638,32673,11276,1451,2873,63,963,67,1009,2698,165,32675,32674],"views":943,"_links":{"self":[{"href":"https:\/\/www.enerjigazetesi.ist\/en\/wp-json\/wp\/v2\/posts\/60624"}],"collection":[{"href":"https:\/\/www.enerjigazetesi.ist\/en\/wp-json\/wp\/v2\/posts"}],"about":[{"href":"https:\/\/www.enerjigazetesi.ist\/en\/wp-json\/wp\/v2\/types\/post"}],"author":[{"embeddable":true,"href":"https:\/\/www.enerjigazetesi.ist\/en\/wp-json\/wp\/v2\/users\/1"}],"replies":[{"embeddable":true,"href":"https:\/\/www.enerjigazetesi.ist\/en\/wp-json\/wp\/v2\/comments?post=60624"}],"version-history":[{"count":3,"href":"https:\/\/www.enerjigazetesi.ist\/en\/wp-json\/wp\/v2\/posts\/60624\/revisions"}],"predecessor-version":[{"id":60627,"href":"https:\/\/www.enerjigazetesi.ist\/en\/wp-json\/wp\/v2\/posts\/60624\/revisions\/60627"}],"wp:featuredmedia":[{"embeddable":true,"href":"https:\/\/www.enerjigazetesi.ist\/en\/wp-json\/wp\/v2\/media\/35823"}],"wp:attachment":[{"href":"https:\/\/www.enerjigazetesi.ist\/en\/wp-json\/wp\/v2\/media?parent=60624"}],"wp:term":[{"taxonomy":"category","embeddable":true,"href":"https:\/\/www.enerjigazetesi.ist\/en\/wp-json\/wp\/v2\/categories?post=60624"},{"taxonomy":"post_tag","embeddable":true,"href":"https:\/\/www.enerjigazetesi.ist\/en\/wp-json\/wp\/v2\/tags?post=60624"}],"curies":[{"name":"wp","href":"https:\/\/api.w.org\/{rel}","templated":true}]}}