{"id":6061,"date":"2013-02-04T17:20:36","date_gmt":"2013-02-04T14:20:36","guid":{"rendered":"https:\/\/www.enerjigazetesi.ist\/?p=6061"},"modified":"2013-02-04T17:22:09","modified_gmt":"2013-02-04T14:22:09","slug":"yesil-hastaneler-geliyor","status":"publish","type":"post","link":"https:\/\/www.enerjigazetesi.ist\/en\/yesil-hastaneler-geliyor\/","title":{"rendered":"(Turkish) LEED Sertifikal\u0131 Ye\u015fil Hastaneler Geliyor&#8230;"},"content":{"rendered":"<p class=\"qtranxs-available-languages-message qtranxs-available-languages-message-en\">Sorry, this entry is only available in <a href=\"https:\/\/www.enerjigazetesi.ist\/tr\/wp-json\/wp\/v2\/posts\/6061\" class=\"qtranxs-available-language-link qtranxs-available-language-link-tr\" title=\"Turkish\">Turkish<\/a>. For the sake of viewer convenience, the content is shown below in the alternative language. You may click the link to switch the active language.<\/p><p><strong>Sa\u011fl\u0131k Bakanl\u0131\u011f\u0131&#8217;n\u0131n LEED&#8217;i zorunlu hale getirmesiyle, ye\u015fil binalar\u0131n kapsam\u0131 geni\u015fliyor.<\/strong><\/p>\n<p><strong>\u00c7evre dostu ye\u015fil binalar\u0131n sadece ofis, AVM ve konut alan\u0131nda kalmamas\u0131 gerekti\u011finin alt\u0131n\u0131 \u00e7izen ALTENS\u0130S firmas\u0131 kurucular\u0131ndan Ye\u015fil Bina uzman\u0131 Berkay Somali; 2012 y\u0131l\u0131n\u0131n son \u00e7eyre\u011finde yay\u0131nlanan Sa\u011fl\u0131k Bakanl\u0131\u011f\u0131 Genelgesiyle bu s\u00fcrecin,ye\u015fil hastanelerin yayg\u0131nla\u015fmas\u0131 ve \u00f6nemlerinin iyice anla\u015f\u0131lmas\u0131na paralel olarak h\u0131zlanaca\u011f\u0131n\u0131 belirtti.<\/strong><br \/>\n<img loading=\"lazy\" class=\"alignleft size-full wp-image-6062\" title=\"yesil-hastaneler-geliyor-leed\" src=\"https:\/\/www.enerjigazetesi.ist\/wp-content\/uploads\/2013\/02\/yesil-hastaneler-geliyor-leed.jpg\" alt=\"\" width=\"272\" height=\"259\" srcset=\"https:\/\/www.enerjigazetesi.ist\/wp-content\/uploads\/2013\/02\/yesil-hastaneler-geliyor-leed.jpg 272w, https:\/\/www.enerjigazetesi.ist\/wp-content\/uploads\/2013\/02\/yesil-hastaneler-geliyor-leed-52x50.jpg 52w\" sizes=\"(max-width: 272px) 100vw, 272px\" \/>Somali; &#8220;T\u00fcrkiye&#8217;de gayrimenkul sekt\u00f6r\u00fcndeki ye\u015fil bina inisiyatifi ile bir miktar fark\u0131ndal\u0131k ve bilin\u00e7 seviyesi artmaya ba\u015flam\u0131\u015ft\u0131r. K\u00fcresel iklim de\u011fi\u015fikli\u011fi a\u00e7\u0131s\u0131ndan de\u011ferlendirildi\u011finde di\u011fer bina tiplerine g\u00f6re hastanelerin enerji ve kaynak harcamalar\u0131 ile at\u0131k seviyelerinin y\u00fcksek de\u011ferlerde seyretti\u011fi g\u00f6r\u00fclmektedir.&#8221; dedi.<br \/>\nSomali; &#8220;Evrensel sa\u011fl\u0131k, konfor ve performans standartlar\u0131n\u0131 yakalama gayreti i\u00e7inde olan devlet hastanelerinin de ye\u015fil binalar olarak in\u015faa edilmesi hususunda Sa\u011fl\u0131k Bakanl\u0131\u011f\u0131 \u00e7\u0131kard\u0131\u011f\u0131 genelge ile somut bir ad\u0131m atm\u0131\u015ft\u0131r. 2011 y\u0131l\u0131 TU\u0130K verilerine g\u00f6re Sa\u011fl\u0131k Bakanl\u0131\u011f\u0131&#8217;na ba\u011fl\u0131 121 bin yatak kapasiteli 840 Devlet Hastanesi bulunuyor. Bu y\u00fczden halk ve \u00e7evre sa\u011fl\u0131\u011f\u0131 i\u00e7in at\u0131lan bu ad\u0131mlar son derece \u00f6nemlidir.&#8221; dedi.<br \/>\nYe\u015fil Bina Uzman\u0131 Somali; &#8220;Altensis olarak yukar\u0131da bahsi ge\u00e7en genelge ile aktif hale gelen T\u00fcrkiye&#8217;nin ilk ye\u015fil hastane projelerini hayata ge\u00e7irmek i\u00e7in bilgi birikimimizi ve enerjimizin \u00f6nemli bir k\u0131sm\u0131n\u0131 bu alana y\u00f6nlendirdik&#8221; diyerek LEED sertifikal\u0131 ye\u015fil hastanelerin \u00f6n plana \u00e7\u0131kan baz\u0131 \u00f6zelliklerini aktard\u0131:<br \/>\n\u00b7 \u00c7evre sa\u011fl\u0131\u011f\u0131 ve ye\u015fil hastane konusunda kurumsal k\u00fclt\u00fcr de\u011fi\u015fimine liderlik yapmak<br \/>\n\u00b7 Zararl\u0131 kimyasallar\u0131 daha g\u00fcvenli ve sa\u011fl\u0131kl\u0131 alternatifleri ile de\u011fi\u015ftirmek<br \/>\n\u00b7 Halk sa\u011fl\u0131\u011f\u0131 i\u00e7in hastane at\u0131klar\u0131n\u0131n toksikli\u011fini ve miktar\u0131n\u0131 azaltmak, \u00e7evredostu at\u0131k y\u00f6netimi uygulamalar\u0131n\u0131 tesis etmek<br \/>\n\u00b7 Enerji verimli hastane binalar\u0131 in\u015faa ederek fosil yak\u0131t kullan\u0131m\u0131n\u0131 azaltmak, sera gaz\u0131 emisyonlar\u0131n\u0131 azaltarak k\u00fcresel iklim de\u011fi\u015fikli\u011fi ile m\u00fccadeleye katk\u0131da bulunmak ve alternatif enerji kaynaklar\u0131ndan ekonomik \u00f6l\u00e7\u00fcde faydalanarak daha temiz bir \u00e7evreye katk\u0131da bulunmak. Ayn\u0131 zamanda, binan\u0131n enerji maliyetlerini d\u00fc\u015f\u00fcrerek i\u015fletme giderlerini minimize ederek sa\u011fl\u0131k sekt\u00f6r\u00fc \u00fczerindeki kar\/zarar bask\u0131s\u0131n\u0131 azaltmak<br \/>\n\u00b7 Su t\u00fcketimini verimli su armat\u00fcrleri ve ya\u011fmur suyu geri kazan\u0131m\u0131 gibi stratejileri uygulayarak azaltmak ve k\u0131s\u0131tl\u0131 olan tatl\u0131 su kaynaklar\u0131 \u00fczerindeki bask\u0131y\u0131 azaltmak<br \/>\n\u00b7 Hem hastalar hem de sa\u011fl\u0131k personeli i\u00e7in ula\u015ft\u0131rma stratejileri geli\u015ftirerek hastanenin karbon ayak izini k\u00fc\u00e7\u00fcltmek ve hava kirlili\u011fine katk\u0131s\u0131n\u0131 azaltmak<br \/>\n\u00b7 S\u00fcrd\u00fcr\u00fclebilir kaynaklardan veya tedarik zincirinden sa\u011flanm\u0131\u015f malzemeleri ve \u00fcr\u00fcnleri kullanmak<br \/>\n\u00b7 Enerji verimli medikal ekipman ve cihazlar\u0131 kullanmak<br \/>\n\u00b7 Hastane i\u00e7indeki i\u00e7 hava kalitesini en y\u00fcksek d\u00fczeyde sa\u011flayarak daha temiz, hijyenik,g\u00fcvenli ,konforlu alanlar yaratarak hastalar\u0131n iyile\u015fme s\u00fcrelerini k\u0131saltmak.<\/p>\n<p>Kaynak: <a href=\"http:\/\/www.energyworld.com.tr\/root.vol?title=yesil-hastaneler-geliyor&amp;exec=page&amp;nid=502092\" target=\"_blank\">Energy World<\/a><\/p>","protected":false},"excerpt":{"rendered":"<p>Sorry, this entry is only available in Turkish. For the sake of viewer convenience, the content is shown below in the alternative language. You may click the link to switch the active language.Sa\u011fl\u0131k Bakanl\u0131\u011f\u0131&#8217;n\u0131n LEED&#8217;i zorunlu hale getirmesiyle, ye\u015fil binalar\u0131n kapsam\u0131 geni\u015fliyor. \u00c7evre dostu ye\u015fil binalar\u0131n sadece ofis, AVM ve konut alan\u0131nda kalmamas\u0131 gerekti\u011finin alt\u0131n\u0131 [&hellip;]<\/p>\n","protected":false},"author":1,"featured_media":6062,"comment_status":"open","ping_status":"open","sticky":false,"template":"","format":"standard","meta":[],"categories":[53,52],"tags":[2203,2205,1100,63,12,790,2204,55],"views":991,"_links":{"self":[{"href":"https:\/\/www.enerjigazetesi.ist\/en\/wp-json\/wp\/v2\/posts\/6061"}],"collection":[{"href":"https:\/\/www.enerjigazetesi.ist\/en\/wp-json\/wp\/v2\/posts"}],"about":[{"href":"https:\/\/www.enerjigazetesi.ist\/en\/wp-json\/wp\/v2\/types\/post"}],"author":[{"embeddable":true,"href":"https:\/\/www.enerjigazetesi.ist\/en\/wp-json\/wp\/v2\/users\/1"}],"replies":[{"embeddable":true,"href":"https:\/\/www.enerjigazetesi.ist\/en\/wp-json\/wp\/v2\/comments?post=6061"}],"version-history":[{"count":4,"href":"https:\/\/www.enerjigazetesi.ist\/en\/wp-json\/wp\/v2\/posts\/6061\/revisions"}],"predecessor-version":[{"id":6066,"href":"https:\/\/www.enerjigazetesi.ist\/en\/wp-json\/wp\/v2\/posts\/6061\/revisions\/6066"}],"wp:featuredmedia":[{"embeddable":true,"href":"https:\/\/www.enerjigazetesi.ist\/en\/wp-json\/wp\/v2\/media\/6062"}],"wp:attachment":[{"href":"https:\/\/www.enerjigazetesi.ist\/en\/wp-json\/wp\/v2\/media?parent=6061"}],"wp:term":[{"taxonomy":"category","embeddable":true,"href":"https:\/\/www.enerjigazetesi.ist\/en\/wp-json\/wp\/v2\/categories?post=6061"},{"taxonomy":"post_tag","embeddable":true,"href":"https:\/\/www.enerjigazetesi.ist\/en\/wp-json\/wp\/v2\/tags?post=6061"}],"curies":[{"name":"wp","href":"https:\/\/api.w.org\/{rel}","templated":true}]}}