{"id":60576,"date":"2017-01-01T14:39:07","date_gmt":"2017-01-01T11:39:07","guid":{"rendered":"https:\/\/www.enerjigazetesi.ist\/?p=60576"},"modified":"2017-01-01T14:39:07","modified_gmt":"2017-01-01T11:39:07","slug":"istanbulu-besleyen-7-omurga-elektrik-hattinda-kopma-meydana-geldi","status":"publish","type":"post","link":"https:\/\/www.enerjigazetesi.ist\/en\/istanbulu-besleyen-7-omurga-elektrik-hattinda-kopma-meydana-geldi\/","title":{"rendered":"(Turkish) \u0130stanbul\u2019u Besleyen 7 Omurga Elektrik Hatt\u0131nda Kopma Meydana Geldi"},"content":{"rendered":"<p class=\"qtranxs-available-languages-message qtranxs-available-languages-message-en\">Sorry, this entry is only available in <a href=\"https:\/\/www.enerjigazetesi.ist\/tr\/wp-json\/wp\/v2\/posts\/60576\" class=\"qtranxs-available-language-link qtranxs-available-language-link-tr\" title=\"Turkish\">Turkish<\/a>. For the sake of viewer convenience, the content is shown below in the alternative language. You may click the link to switch the active language.<\/p><p><\/p>\n<p class=\"selectionShareable\" style=\"color: #0a0a0a;\"><strong>\u00d6zellikle \u0130stanbul, Kocaeli ve Sakarya\u2019da ya\u015fanan elektrik kesintileri hakk\u0131nda Enerji Bakanl\u0131\u011f\u0131 taraf\u0131ndan yeni a\u00e7\u0131klamalar yap\u0131ld\u0131:<\/strong><span id=\"more-86657\"><\/span><\/p>\n<p class=\"selectionShareable\" style=\"color: #0a0a0a;\">\u201cMarmara B\u00f6lgesi\u2019nin kuzeyinde ya\u015fanan yo\u011fun kar ya\u011f\u0131\u015f\u0131 ve f\u0131rt\u0131nan\u0131n, Anadolu\u2019dan gelen ve \u0130stanbul\u2019u bes<a href=\"https:\/\/www.enerjigazetesi.ist\/wp-content\/uploads\/2017\/01\/istanbulu-besleyen-7-omurga-elektrik-hattinda-kopma-meydana-geldi.jpg\"><img loading=\"lazy\" class=\"alignright size-medium wp-image-60577\" src=\"https:\/\/www.enerjigazetesi.ist\/wp-content\/uploads\/2017\/01\/istanbulu-besleyen-7-omurga-elektrik-hattinda-kopma-meydana-geldi-300x168.jpg\" alt=\"istanbulu-besleyen-7-omurga-elektrik-hattinda-kopma-meydana-geldi\" width=\"300\" height=\"168\" srcset=\"https:\/\/www.enerjigazetesi.ist\/wp-content\/uploads\/2017\/01\/istanbulu-besleyen-7-omurga-elektrik-hattinda-kopma-meydana-geldi-300x168.jpg 300w, https:\/\/www.enerjigazetesi.ist\/wp-content\/uploads\/2017\/01\/istanbulu-besleyen-7-omurga-elektrik-hattinda-kopma-meydana-geldi-500x280.jpg 500w, https:\/\/www.enerjigazetesi.ist\/wp-content\/uploads\/2017\/01\/istanbulu-besleyen-7-omurga-elektrik-hattinda-kopma-meydana-geldi-80x44.jpg 80w, https:\/\/www.enerjigazetesi.ist\/wp-content\/uploads\/2017\/01\/istanbulu-besleyen-7-omurga-elektrik-hattinda-kopma-meydana-geldi.jpg 696w\" sizes=\"(max-width: 300px) 100vw, 300px\" \/><\/a>leyen iletim hatlar\u0131nda meydana getirdi\u011fi ar\u0131zalar\u0131n giderilmesine y\u00f6nelik \u00e7al\u0131\u015fmalar t\u00fcm h\u0131z\u0131 ile s\u00fcrd\u00fcr\u00fclmektedir\u201d denilen a\u00e7\u0131klamada hasar tespitleri i\u00e7in Emniyet ekipleriyle birlikte inceleme ba\u015flat\u0131ld\u0131\u011f\u0131 da ifade edildi.<\/p>\n<div class=\"lead\" style=\"color: #0a0a0a;\">\n<p class=\"selectionShareable\">Enerji ve Tabii Kaynaklar Bakan\u0131 Albayrak&#8217;\u0131n yapt\u0131\u011f\u0131 a\u00e7\u0131klamada, \u201c\u0130stanbul\u2019u besleyen 7 tane 380 kw\u2019lik ana omurga hatt\u0131m\u0131z, 20 kilometrelik de bir geni\u015fli\u011fin i\u00e7erisinde yakla\u015f\u0131k bin kilometrekarelik bir alanda tamam\u0131 per\u015fembe g\u00fcn\u00fc itibari ile kopmu\u015ftur.\u201d denildi.<\/p>\n<\/div>\n<p class=\"selectionShareable\" style=\"color: #0a0a0a;\"><strong>20Mx80M BOYUTUNDAK\u0130 D\u0130RE\u011e\u0130N TAMAMI YIKILMI\u015eTIR<\/strong><\/p>\n<p class=\"selectionShareable\" style=\"color: #0a0a0a;\">\u201cEkipler taraf\u0131ndan 4 grup halinde toplam 164 ki\u015fi ile ar\u0131zalar\u0131n onar\u0131m\u0131 i\u00e7in aral\u0131ks\u0131z \u00e7al\u0131\u015fmalar s\u00fcrd\u00fcr\u00fclmektedir. Hava ko\u015fullar\u0131n\u0131n normale d\u00f6nmesi ile 7 hat boyunca 4 adet 20mx80m boyutundaki dire\u011fin tamamen y\u0131k\u0131ld\u0131\u011f\u0131, 69 adet direk \u00fcst\u00fc kulenin k\u0131r\u0131ld\u0131\u011f\u0131 ve koptu\u011fu tespit edilmi\u015ftir.<\/p>\n<p class=\"selectionShareable\" style=\"color: #0a0a0a;\"><strong>HASARIN NEDEN\u0130 \u0130\u00c7\u0130N \u00c7ALI\u015eMALATIMIZ S\u00dcRMEKTED\u0130R<\/strong><br \/>\nBu boyutlarda bir hasar\u0131n neden kaynakland\u0131\u011f\u0131na ili\u015fkin de ara\u015ft\u0131rma \u00e7al\u0131\u015fmalar\u0131 ba\u015flat\u0131lm\u0131\u015ft\u0131r. D\u00fczenli bak\u0131mlar\u0131 yap\u0131lan ve baz\u0131lar\u0131 \u00e7ok yak\u0131n zamanda yenilenen hatlarda, bu boyutlarda bir hasar\u0131n nas\u0131l olu\u015ftu\u011fu ile ilgili t\u00fcm ihtimaller de\u011ferlendirilmekte ve \u00fczerinde durulmaktad\u0131r.<\/p>\n<p class=\"selectionShareable\" style=\"color: #0a0a0a;\">Kaynak: <a href=\"http:\/\/enerjienstitusu.com\/2016\/12\/31\/firtina-istanbula-anadoludan-elektrik-saglayan-7-diregi-yikti\/\" target=\"_blank\" rel=\"nofollow\">Enerji Enstit\u00fcs\u00fc<\/a><\/p>\n<p><\/p>","protected":false},"excerpt":{"rendered":"<p>Sorry, this entry is only available in Turkish. For the sake of viewer convenience, the content is shown below in the alternative language. You may click the link to switch the active language. \u00d6zellikle \u0130stanbul, Kocaeli ve Sakarya\u2019da ya\u015fanan elektrik kesintileri hakk\u0131nda Enerji Bakanl\u0131\u011f\u0131 taraf\u0131ndan yeni a\u00e7\u0131klamalar yap\u0131ld\u0131: \u201cMarmara B\u00f6lgesi\u2019nin kuzeyinde ya\u015fanan yo\u011fun kar ya\u011f\u0131\u015f\u0131 [&hellip;]<\/p>\n","protected":false},"author":1,"featured_media":60577,"comment_status":"open","ping_status":"open","sticky":false,"template":"","format":"standard","meta":[],"categories":[51,53],"tags":[68,61,19638,140,1451,2873,63,67,1009,32645,2698,165,15746,32646],"views":852,"_links":{"self":[{"href":"https:\/\/www.enerjigazetesi.ist\/en\/wp-json\/wp\/v2\/posts\/60576"}],"collection":[{"href":"https:\/\/www.enerjigazetesi.ist\/en\/wp-json\/wp\/v2\/posts"}],"about":[{"href":"https:\/\/www.enerjigazetesi.ist\/en\/wp-json\/wp\/v2\/types\/post"}],"author":[{"embeddable":true,"href":"https:\/\/www.enerjigazetesi.ist\/en\/wp-json\/wp\/v2\/users\/1"}],"replies":[{"embeddable":true,"href":"https:\/\/www.enerjigazetesi.ist\/en\/wp-json\/wp\/v2\/comments?post=60576"}],"version-history":[{"count":1,"href":"https:\/\/www.enerjigazetesi.ist\/en\/wp-json\/wp\/v2\/posts\/60576\/revisions"}],"predecessor-version":[{"id":60578,"href":"https:\/\/www.enerjigazetesi.ist\/en\/wp-json\/wp\/v2\/posts\/60576\/revisions\/60578"}],"wp:featuredmedia":[{"embeddable":true,"href":"https:\/\/www.enerjigazetesi.ist\/en\/wp-json\/wp\/v2\/media\/60577"}],"wp:attachment":[{"href":"https:\/\/www.enerjigazetesi.ist\/en\/wp-json\/wp\/v2\/media?parent=60576"}],"wp:term":[{"taxonomy":"category","embeddable":true,"href":"https:\/\/www.enerjigazetesi.ist\/en\/wp-json\/wp\/v2\/categories?post=60576"},{"taxonomy":"post_tag","embeddable":true,"href":"https:\/\/www.enerjigazetesi.ist\/en\/wp-json\/wp\/v2\/tags?post=60576"}],"curies":[{"name":"wp","href":"https:\/\/api.w.org\/{rel}","templated":true}]}}