{"id":60511,"date":"2016-12-30T12:58:43","date_gmt":"2016-12-30T09:58:43","guid":{"rendered":"https:\/\/www.enerjigazetesi.ist\/?p=60511"},"modified":"2016-12-30T12:59:52","modified_gmt":"2016-12-30T09:59:52","slug":"bedastan-elektrik-kesintilerine-yonelik-aciklama-yapildi","status":"publish","type":"post","link":"https:\/\/www.enerjigazetesi.ist\/en\/bedastan-elektrik-kesintilerine-yonelik-aciklama-yapildi\/","title":{"rendered":"(Turkish) Beda\u015f&#8217;tan Elektrik Kesintilerine Y\u00f6nelik A\u00e7\u0131klama Yap\u0131ld\u0131"},"content":{"rendered":"<p class=\"qtranxs-available-languages-message qtranxs-available-languages-message-en\">Sorry, this entry is only available in <a href=\"https:\/\/www.enerjigazetesi.ist\/tr\/wp-json\/wp\/v2\/posts\/60511\" class=\"qtranxs-available-language-link qtranxs-available-language-link-tr\" title=\"Turkish\">Turkish<\/a>. For the sake of viewer convenience, the content is shown below in the alternative language. You may click the link to switch the active language.<\/p><p><strong>Beda\u015f taraf\u0131ndan elektrik Kesintilerine Y\u00f6nelik Bas\u0131n A\u00e7\u0131klamas\u0131 Yap\u0131ld\u0131.<a href=\"https:\/\/www.enerjigazetesi.ist\/wp-content\/uploads\/2015\/03\/enerji-bakanligindan-elektrik-kesintisi-aciklamasi.jpg\"><img loading=\"lazy\" class=\"alignright size-medium wp-image-37744\" src=\"https:\/\/www.enerjigazetesi.ist\/wp-content\/uploads\/2015\/03\/enerji-bakanligindan-elektrik-kesintisi-aciklamasi-300x200.jpg\" alt=\"enerji-bakanligindan-elektrik-kesintisi-aciklamasi\" width=\"300\" height=\"200\" srcset=\"https:\/\/www.enerjigazetesi.ist\/wp-content\/uploads\/2015\/03\/enerji-bakanligindan-elektrik-kesintisi-aciklamasi-300x200.jpg 300w, https:\/\/www.enerjigazetesi.ist\/wp-content\/uploads\/2015\/03\/enerji-bakanligindan-elektrik-kesintisi-aciklamasi-500x333.jpg 500w, https:\/\/www.enerjigazetesi.ist\/wp-content\/uploads\/2015\/03\/enerji-bakanligindan-elektrik-kesintisi-aciklamasi-75x50.jpg 75w, https:\/\/www.enerjigazetesi.ist\/wp-content\/uploads\/2015\/03\/enerji-bakanligindan-elektrik-kesintisi-aciklamasi.jpg 870w\" sizes=\"(max-width: 300px) 100vw, 300px\" \/><\/a><\/strong><\/p>\n<p>Yurt genelinde meydana gelen olumsuz hava \u015fartlar\u0131 nedeniyle Ulusal Elektrik \u015eebekesi\u2019nden yeteri kadar elektrik al\u0131namad\u0131\u011f\u0131 belirtilmi\u015ftir.<\/p>\n<p>Kesintiden Gaziosmanpa\u015fa, Bayrampa\u015fa, Fatih, Ba\u011fc\u0131lar, Sultangazi, G\u00fcng\u00f6ren, B\u00fcy\u00fck\u00e7ekmece, \u00c7atalca, Esenyurt, Beylikd\u00fcz\u00fc, K\u00fc\u00e7\u00fck\u00e7ekmece, Bak\u0131rk\u00f6y ve Ey\u00fcp il\u00e7eleri etkilenmektedir.<\/p>\n<p>Ulusal Elektrik \u015eebekesi\u2019nden enerji gelene kadar kesintiden etkilenen b\u00f6lgelerin ma\u011fdur olmamas\u0131 i\u00e7in BEDA\u015e t\u00fcm kaynaklar\u0131 seferber ederek \u00e7e\u015fitli b\u00f6lgelerden aktarmak suretiyle kademeli olarak elektrik sa\u011flayacakt\u0131r.<\/p>","protected":false},"excerpt":{"rendered":"<p>Sorry, this entry is only available in Turkish. For the sake of viewer convenience, the content is shown below in the alternative language. You may click the link to switch the active language.Beda\u015f taraf\u0131ndan elektrik Kesintilerine Y\u00f6nelik Bas\u0131n A\u00e7\u0131klamas\u0131 Yap\u0131ld\u0131. Yurt genelinde meydana gelen olumsuz hava \u015fartlar\u0131 nedeniyle Ulusal Elektrik \u015eebekesi\u2019nden yeteri kadar elektrik al\u0131namad\u0131\u011f\u0131 [&hellip;]<\/p>\n","protected":false},"author":1,"featured_media":37744,"comment_status":"open","ping_status":"open","sticky":false,"template":"","format":"standard","meta":[],"categories":[51,53],"tags":[1506,68,28000,61,19638,140,1451,2873,63,67,1009,2698,165],"views":651,"_links":{"self":[{"href":"https:\/\/www.enerjigazetesi.ist\/en\/wp-json\/wp\/v2\/posts\/60511"}],"collection":[{"href":"https:\/\/www.enerjigazetesi.ist\/en\/wp-json\/wp\/v2\/posts"}],"about":[{"href":"https:\/\/www.enerjigazetesi.ist\/en\/wp-json\/wp\/v2\/types\/post"}],"author":[{"embeddable":true,"href":"https:\/\/www.enerjigazetesi.ist\/en\/wp-json\/wp\/v2\/users\/1"}],"replies":[{"embeddable":true,"href":"https:\/\/www.enerjigazetesi.ist\/en\/wp-json\/wp\/v2\/comments?post=60511"}],"version-history":[{"count":2,"href":"https:\/\/www.enerjigazetesi.ist\/en\/wp-json\/wp\/v2\/posts\/60511\/revisions"}],"predecessor-version":[{"id":60513,"href":"https:\/\/www.enerjigazetesi.ist\/en\/wp-json\/wp\/v2\/posts\/60511\/revisions\/60513"}],"wp:featuredmedia":[{"embeddable":true,"href":"https:\/\/www.enerjigazetesi.ist\/en\/wp-json\/wp\/v2\/media\/37744"}],"wp:attachment":[{"href":"https:\/\/www.enerjigazetesi.ist\/en\/wp-json\/wp\/v2\/media?parent=60511"}],"wp:term":[{"taxonomy":"category","embeddable":true,"href":"https:\/\/www.enerjigazetesi.ist\/en\/wp-json\/wp\/v2\/categories?post=60511"},{"taxonomy":"post_tag","embeddable":true,"href":"https:\/\/www.enerjigazetesi.ist\/en\/wp-json\/wp\/v2\/tags?post=60511"}],"curies":[{"name":"wp","href":"https:\/\/api.w.org\/{rel}","templated":true}]}}