{"id":60499,"date":"2016-12-29T14:11:51","date_gmt":"2016-12-29T11:11:51","guid":{"rendered":"https:\/\/www.enerjigazetesi.ist\/?p=60499"},"modified":"2016-12-29T14:11:51","modified_gmt":"2016-12-29T11:11:51","slug":"tureb-baskani-ataseven-ruzgar-icin-gelecek-yil-onemlidir","status":"publish","type":"post","link":"https:\/\/www.enerjigazetesi.ist\/en\/tureb-baskani-ataseven-ruzgar-icin-gelecek-yil-onemlidir\/","title":{"rendered":"(Turkish) T\u00dcREB Ba\u015fkan\u0131 Ataseven, \u201cR\u00fczgar \u0130\u00e7in Gelecek Y\u0131l \u00d6nemlidir\u201d"},"content":{"rendered":"<p class=\"qtranxs-available-languages-message qtranxs-available-languages-message-en\">Sorry, this entry is only available in <a href=\"https:\/\/www.enerjigazetesi.ist\/tr\/wp-json\/wp\/v2\/posts\/60499\" class=\"qtranxs-available-language-link qtranxs-available-language-link-tr\" title=\"Turkish\">Turkish<\/a>. For the sake of viewer convenience, the content is shown below in the alternative language. You may click the link to switch the active language.<\/p><p><\/p>\n<p class=\"selectionShareable\" style=\"color: #0a0a0a;\"><strong>T\u00dcREB Ba\u015fkan\u0131 Ataseven taraf\u0131ndan gelecek y\u0131ldan itibaren r\u00fczgar enerjisinde y\u0131ll\u0131k bin megavatl\u0131k kurulu g\u00fc\u00e7 art\u0131\u015f\u0131 sa\u011flanabilece\u011fi ifade edildi.<\/strong><\/p>\n<p class=\"selectionShareable\" style=\"color: #0a0a0a;\">T\u00fcrkiye R\u00fczgar En<a href=\"https:\/\/www.enerjigazetesi.ist\/wp-content\/uploads\/2015\/10\/ruzgar-kongresi-ankarada-yapiliyor.jpg\"><img loading=\"lazy\" class=\"alignleft  wp-image-45830\" src=\"https:\/\/www.enerjigazetesi.ist\/wp-content\/uploads\/2015\/10\/ruzgar-kongresi-ankarada-yapiliyor.jpg\" alt=\"ruzgar-kongresi-ankarada-yapiliyor\" width=\"300\" height=\"221\" \/><\/a>erjisi Birli\u011fi (T\u00dcREB) Y\u00f6netim Kurulu Ba\u015fkan\u0131 Mustafa Serdar Ataseven, r\u00fczgar enerjisi kurulu g\u00fcc\u00fcn\u00fcn bu y\u0131l 5 bin 500 megavata ula\u015ft\u0131\u011f\u0131n\u0131 belirterek, \u201c2017 y\u0131l\u0131n\u0131n ilk \u00e7eyre\u011finde, 2015 y\u0131l\u0131 ba\u015fvurular\u0131 yar\u0131\u015fma sonu\u00e7lar\u0131n\u0131 ve ertelenen 2 bin megavatl\u0131k yeni ba\u015fvurular\u0131n al\u0131nmas\u0131n\u0131 beklemekteyiz. Gelecek y\u0131ldan itibaren r\u00fczgar enerjisinde y\u0131ll\u0131k bin megavatl\u0131k kurulu g\u00fc\u00e7 art\u0131\u015f\u0131 sa\u011flanabilecektir.\u201d\u00a0dedi.<\/p>\n<p class=\"selectionShareable\" style=\"color: #0a0a0a;\">Ataseven, \u201cR\u00fczgar sekt\u00f6r\u00fc tam ivme kazanm\u0131\u015fken bunu daha da h\u0131zland\u0131rmak ve geli\u015ftirmek bizim elimizde, 2016 y\u0131l\u0131nda biraz yava\u015flad\u0131k ve eksiklerimizi gidermeye \u00e7al\u0131\u015ft\u0131k. De\u011fi\u015fen piyasa ko\u015fullar\u0131na g\u00f6re haritalar\u0131m\u0131z\u0131 yeniledik. 2017 y\u0131l\u0131 eriyen stoklar\u0131m\u0131z\u0131 doldurma, tohum ekme zaman\u0131d\u0131r.\u201d ifadelerine yer verdi.<\/p>\n<p class=\"selectionShareable\" style=\"color: #0a0a0a;\">T\u00fcrkiye Elektrik \u0130letim A\u015e verilerine g\u00f6re ise T\u00fcrkiye\u2019nin toplam kurulu g\u00fcc\u00fc kas\u0131m 2016 sonu itibariyle 78 bin 591 megavata ula\u015ft\u0131. Bunun 5 bin 376 megavat\u0131 ise r\u00fczgar enerjisinden olu\u015fmaktad\u0131r.<\/p>\n<p class=\"selectionShareable\" style=\"color: #0a0a0a;\">Kaynak: <a href=\"http:\/\/enerjienstitusu.com\/2016\/12\/29\/tureb-baskani-ataseven-gelecek-yil-ruzgar-icin-onemli\/\" target=\"_blank\" rel=\"nofollow\">Enerji Enstit\u00fcs\u00fc<\/a><\/p>\n<p><\/p>","protected":false},"excerpt":{"rendered":"<p>Sorry, this entry is only available in Turkish. For the sake of viewer convenience, the content is shown below in the alternative language. You may click the link to switch the active language. T\u00dcREB Ba\u015fkan\u0131 Ataseven taraf\u0131ndan gelecek y\u0131ldan itibaren r\u00fczgar enerjisinde y\u0131ll\u0131k bin megavatl\u0131k kurulu g\u00fc\u00e7 art\u0131\u015f\u0131 sa\u011flanabilece\u011fi ifade edildi. T\u00fcrkiye R\u00fczgar Enerjisi Birli\u011fi [&hellip;]<\/p>\n","protected":false},"author":1,"featured_media":45830,"comment_status":"open","ping_status":"open","sticky":false,"template":"","format":"standard","meta":[],"categories":[53,50],"tags":[17882,32632,63,67,1009,2698,165,10057,474,69,16,231,23318,22615,4784,1682,846],"views":886,"_links":{"self":[{"href":"https:\/\/www.enerjigazetesi.ist\/en\/wp-json\/wp\/v2\/posts\/60499"}],"collection":[{"href":"https:\/\/www.enerjigazetesi.ist\/en\/wp-json\/wp\/v2\/posts"}],"about":[{"href":"https:\/\/www.enerjigazetesi.ist\/en\/wp-json\/wp\/v2\/types\/post"}],"author":[{"embeddable":true,"href":"https:\/\/www.enerjigazetesi.ist\/en\/wp-json\/wp\/v2\/users\/1"}],"replies":[{"embeddable":true,"href":"https:\/\/www.enerjigazetesi.ist\/en\/wp-json\/wp\/v2\/comments?post=60499"}],"version-history":[{"count":1,"href":"https:\/\/www.enerjigazetesi.ist\/en\/wp-json\/wp\/v2\/posts\/60499\/revisions"}],"predecessor-version":[{"id":60500,"href":"https:\/\/www.enerjigazetesi.ist\/en\/wp-json\/wp\/v2\/posts\/60499\/revisions\/60500"}],"wp:featuredmedia":[{"embeddable":true,"href":"https:\/\/www.enerjigazetesi.ist\/en\/wp-json\/wp\/v2\/media\/45830"}],"wp:attachment":[{"href":"https:\/\/www.enerjigazetesi.ist\/en\/wp-json\/wp\/v2\/media?parent=60499"}],"wp:term":[{"taxonomy":"category","embeddable":true,"href":"https:\/\/www.enerjigazetesi.ist\/en\/wp-json\/wp\/v2\/categories?post=60499"},{"taxonomy":"post_tag","embeddable":true,"href":"https:\/\/www.enerjigazetesi.ist\/en\/wp-json\/wp\/v2\/tags?post=60499"}],"curies":[{"name":"wp","href":"https:\/\/api.w.org\/{rel}","templated":true}]}}