{"id":60486,"date":"2016-12-29T11:38:33","date_gmt":"2016-12-29T08:38:33","guid":{"rendered":"https:\/\/www.enerjigazetesi.ist\/?p=60486"},"modified":"2016-12-29T11:38:33","modified_gmt":"2016-12-29T08:38:33","slug":"canakkaleden-karamenderes-hidroelektrik-santrali-hes-doguyor","status":"publish","type":"post","link":"https:\/\/www.enerjigazetesi.ist\/en\/canakkaleden-karamenderes-hidroelektrik-santrali-hes-doguyor\/","title":{"rendered":"(Turkish) \u00c7anakkale\u2019den Karamenderes Hidroelektrik Santrali ( HES ) Do\u011fuyor"},"content":{"rendered":"<p class=\"qtranxs-available-languages-message qtranxs-available-languages-message-en\">Sorry, this entry is only available in <a href=\"https:\/\/www.enerjigazetesi.ist\/tr\/wp-json\/wp\/v2\/posts\/60486\" class=\"qtranxs-available-language-link qtranxs-available-language-link-tr\" title=\"Turkish\">Turkish<\/a>. For the sake of viewer convenience, the content is shown below in the alternative language. You may click the link to switch the active language.<\/p><p><\/p>\n<p class=\"selectionShareable\" style=\"color: #0a0a0a;\"><strong>\u00c7anakkale\u2019nin Bayrami\u00e7 \u0130l\u00e7esi\u2019nde, Kazda\u011flar\u0131 p\u0131nar\u0131n\u0131n akt\u0131\u011f\u0131 Karamenderes \u00c7ay\u0131\u2019ndan beslenen Bayrami\u00e7 Baraj\u0131\u2019n\u0131n suyundan faydalanarak enerji \u00fcretecek hidroelektrik santralinin HES&#8217;in in\u015faas\u0131 s\u00fcrd\u00fcr\u00fclmektektedir.<\/strong><span id=\"more-86516\"><\/span><\/p>\n<p class=\"selectionShareable\" style=\"color: #0a0a0a;\">Bayrami\u00e7\u2019e 2 kilometre mesafede\u00a0bulunan ve Ezine Ovas\u0131\u2019na kadar uzanan tar\u0131m alanlar\u0131n\u0131 sulayan Bayrami\u00e7 Bar<a href=\"https:\/\/www.enerjigazetesi.ist\/wp-content\/uploads\/2016\/12\/canakkalenin-ilk-hesi.jpg\"><img loading=\"lazy\" class=\"alignright size-medium wp-image-60487\" src=\"https:\/\/www.enerjigazetesi.ist\/wp-content\/uploads\/2016\/12\/canakkalenin-ilk-hesi-300x168.jpg\" alt=\"canakkalenin-ilk-hesi\" width=\"300\" height=\"168\" srcset=\"https:\/\/www.enerjigazetesi.ist\/wp-content\/uploads\/2016\/12\/canakkalenin-ilk-hesi-300x168.jpg 300w, https:\/\/www.enerjigazetesi.ist\/wp-content\/uploads\/2016\/12\/canakkalenin-ilk-hesi-500x281.jpg 500w, https:\/\/www.enerjigazetesi.ist\/wp-content\/uploads\/2016\/12\/canakkalenin-ilk-hesi-80x45.jpg 80w, https:\/\/www.enerjigazetesi.ist\/wp-content\/uploads\/2016\/12\/canakkalenin-ilk-hesi.jpg 590w\" sizes=\"(max-width: 300px) 100vw, 300px\" \/><\/a>aj\u0131\u2019n\u0131n suyundan faydalanarak enerji \u00fcretecek olan Berak Su \u015firketince yap\u0131lan HES, ola\u011fan\u00fcst\u00fc bir durum ya\u015fanmad\u0131\u011f\u0131 takdirde nisan ay\u0131nda bitirilecektir. \u00c7anakkale\u2019de ilk kez kurulacak HES\u2019in, 2.5 megavat g\u00fcc\u00fcnde, Bayrami\u00e7\u2019in ise 3\u2019te 1\u2019lik enerjisini sa\u011flayacak g\u00fc\u00e7te oldu\u011fu ifade edilmektedir.<\/p>\n<p class=\"selectionShareable\" style=\"color: #0a0a0a;\">HES\u2019in, il\u00e7ede elektrik kesilmelerine kar\u015f\u0131 enerji besleme hatt\u0131 ve yeni da\u011f\u0131t\u0131m merkeziyle buradaki enerji arz g\u00fcvenli\u011fini sa\u011flayaca\u011f\u0131 ifade edilmektedir. Bu sayede b\u00f6lgedeki elektrik kesintilerinin Bayrami\u00e7\u2019i etkilemeyece\u011fi bildirildi. Bayrami\u00e7 Baraj\u0131\u2019n\u0131n dip sava\u011f\u0131ndan faydalanarak enerji \u00fcretecek santralin yat\u0131r\u0131m maliyetinin 10 milyon lira oldu\u011fu\u00a0belirtilmi\u015ftir.<\/p>\n<p><\/p>","protected":false},"excerpt":{"rendered":"<p>Sorry, this entry is only available in Turkish. For the sake of viewer convenience, the content is shown below in the alternative language. You may click the link to switch the active language. \u00c7anakkale\u2019nin Bayrami\u00e7 \u0130l\u00e7esi\u2019nde, Kazda\u011flar\u0131 p\u0131nar\u0131n\u0131n akt\u0131\u011f\u0131 Karamenderes \u00c7ay\u0131\u2019ndan beslenen Bayrami\u00e7 Baraj\u0131\u2019n\u0131n suyundan faydalanarak enerji \u00fcretecek hidroelektrik santralinin HES&#8217;in in\u015faas\u0131 s\u00fcrd\u00fcr\u00fclmektektedir. Bayrami\u00e7\u2019e 2 [&hellip;]<\/p>\n","protected":false},"author":1,"featured_media":60487,"comment_status":"open","ping_status":"open","sticky":false,"template":"","format":"standard","meta":[],"categories":[53,47],"tags":[32630,4427,68,63,67,1009,2698,165,35370,70,1090],"views":1228,"_links":{"self":[{"href":"https:\/\/www.enerjigazetesi.ist\/en\/wp-json\/wp\/v2\/posts\/60486"}],"collection":[{"href":"https:\/\/www.enerjigazetesi.ist\/en\/wp-json\/wp\/v2\/posts"}],"about":[{"href":"https:\/\/www.enerjigazetesi.ist\/en\/wp-json\/wp\/v2\/types\/post"}],"author":[{"embeddable":true,"href":"https:\/\/www.enerjigazetesi.ist\/en\/wp-json\/wp\/v2\/users\/1"}],"replies":[{"embeddable":true,"href":"https:\/\/www.enerjigazetesi.ist\/en\/wp-json\/wp\/v2\/comments?post=60486"}],"version-history":[{"count":1,"href":"https:\/\/www.enerjigazetesi.ist\/en\/wp-json\/wp\/v2\/posts\/60486\/revisions"}],"predecessor-version":[{"id":60488,"href":"https:\/\/www.enerjigazetesi.ist\/en\/wp-json\/wp\/v2\/posts\/60486\/revisions\/60488"}],"wp:featuredmedia":[{"embeddable":true,"href":"https:\/\/www.enerjigazetesi.ist\/en\/wp-json\/wp\/v2\/media\/60487"}],"wp:attachment":[{"href":"https:\/\/www.enerjigazetesi.ist\/en\/wp-json\/wp\/v2\/media?parent=60486"}],"wp:term":[{"taxonomy":"category","embeddable":true,"href":"https:\/\/www.enerjigazetesi.ist\/en\/wp-json\/wp\/v2\/categories?post=60486"},{"taxonomy":"post_tag","embeddable":true,"href":"https:\/\/www.enerjigazetesi.ist\/en\/wp-json\/wp\/v2\/tags?post=60486"}],"curies":[{"name":"wp","href":"https:\/\/api.w.org\/{rel}","templated":true}]}}