{"id":60444,"date":"2016-12-27T14:02:44","date_gmt":"2016-12-27T11:02:44","guid":{"rendered":"https:\/\/www.enerjigazetesi.ist\/?p=60444"},"modified":"2016-12-27T14:06:50","modified_gmt":"2016-12-27T11:06:50","slug":"almanya-nukleer-santral-faaliyetlerine-son-verecek","status":"publish","type":"post","link":"https:\/\/www.enerjigazetesi.ist\/en\/almanya-nukleer-santral-faaliyetlerine-son-verecek\/","title":{"rendered":"(Turkish) Almanya N\u00fckleer Santral Faaliyetlerine Son Verecek"},"content":{"rendered":"<p class=\"qtranxs-available-languages-message qtranxs-available-languages-message-en\">Sorry, this entry is only available in <a href=\"https:\/\/www.enerjigazetesi.ist\/tr\/wp-json\/wp\/v2\/posts\/60444\" class=\"qtranxs-available-language-link qtranxs-available-language-link-tr\" title=\"Turkish\">Turkish<\/a>. For the sake of viewer convenience, the content is shown below in the alternative language. You may click the link to switch the active language.<\/p><p><\/p>\n<p class=\"selectionShareable\" style=\"color: #0a0a0a;\"><strong>Almanya\u2019da faaliyette olan son n\u00fckleer santrallerin tamam\u0131 alt\u0131 y\u0131l i\u00e7inde faaliyetlerini <a href=\"https:\/\/www.enerjigazetesi.ist\/wp-content\/uploads\/2016\/12\/almanyada-nukleer-santraller-faaliyetlerine-son-verecek.jpg\"><img loading=\"lazy\" class=\"alignright size-medium wp-image-60445\" src=\"https:\/\/www.enerjigazetesi.ist\/wp-content\/uploads\/2016\/12\/almanyada-nukleer-santraller-faaliyetlerine-son-verecek-300x199.jpg\" alt=\"Vues a\u00e9riennes et au sol du CNPE de Chooz\" width=\"300\" height=\"199\" srcset=\"https:\/\/www.enerjigazetesi.ist\/wp-content\/uploads\/2016\/12\/almanyada-nukleer-santraller-faaliyetlerine-son-verecek-300x199.jpg 300w, https:\/\/www.enerjigazetesi.ist\/wp-content\/uploads\/2016\/12\/almanyada-nukleer-santraller-faaliyetlerine-son-verecek-500x332.jpg 500w, https:\/\/www.enerjigazetesi.ist\/wp-content\/uploads\/2016\/12\/almanyada-nukleer-santraller-faaliyetlerine-son-verecek-75x50.jpg 75w, https:\/\/www.enerjigazetesi.ist\/wp-content\/uploads\/2016\/12\/almanyada-nukleer-santraller-faaliyetlerine-son-verecek.jpg 696w\" sizes=\"(max-width: 300px) 100vw, 300px\" \/><\/a>bitirecektir. Almanya&#8217;daki n\u00fckleer santrallerin son bulmas\u0131na \u00e7ok az bir s\u00fcre kalm\u0131\u015ft\u0131r.<\/strong><\/p>\n<p class=\"selectionShareable\" style=\"color: #0a0a0a;\">Faaliyet g\u00f6steren son n\u00fckleer santraller en ge\u00e7 alt\u0131 y\u0131l i\u00e7inde kapat\u0131lacakt\u0131r. Almanya Federal Radyasyondan Koruma Dairesi\u2019nden yap\u0131lan a\u00e7\u0131klamaya g\u00f6re, A\u015fa\u011f\u0131 Saksonya eyaletindeki Emsland, Bavyera\u2019daki Isar 2 ve Baden W\u00fcrttemberg\u2019deki Neckarwestheim 2 n\u00fckleer santrallerinin \u00e7al\u0131\u015fma ruhsatlar\u0131 31 Aral\u0131k 2022\u2019de son bulacakt\u0131r.<\/p>\n<p class=\"selectionShareable\" style=\"color: #0a0a0a;\">Bu tarihten bir y\u0131l \u00f6nce ise A\u015fa\u011f\u0131 Saksonya\u2019da faaliyette olan Grohnde, Bavyera eyaletindeki Gundremmingen C ve Schleswig Holstein s\u0131n\u0131rlar\u0131 i\u00e7inde yer alan Brokdorf n\u00fckleer santrallerinin kap\u0131s\u0131na kilit vurulacakt\u0131r.<\/p>\n<p class=\"selectionShareable\" style=\"color: #0a0a0a;\">Kaynak: <a href=\"http:\/\/enerjienstitusu.com\/2016\/12\/27\/almanyada-nukleer-santraller-son-buluyor\/\" target=\"_blank\" rel=\"nofollow\">Enerji Enstit\u00fcs\u00fc<\/a><\/p>\n<p><\/p>","protected":false},"excerpt":{"rendered":"<p>Sorry, this entry is only available in Turkish. For the sake of viewer convenience, the content is shown below in the alternative language. You may click the link to switch the active language. Almanya\u2019da faaliyette olan son n\u00fckleer santrallerin tamam\u0131 alt\u0131 y\u0131l i\u00e7inde faaliyetlerini bitirecektir. Almanya&#8217;daki n\u00fckleer santrallerin son bulmas\u0131na \u00e7ok az bir s\u00fcre kalm\u0131\u015ft\u0131r. [&hellip;]<\/p>\n","protected":false},"author":1,"featured_media":60445,"comment_status":"open","ping_status":"open","sticky":false,"template":"","format":"standard","meta":[],"categories":[53,43],"tags":[929,63,67,1009,2698,165,1133,71,21,1134,25480,23614,88,2973],"views":1603,"_links":{"self":[{"href":"https:\/\/www.enerjigazetesi.ist\/en\/wp-json\/wp\/v2\/posts\/60444"}],"collection":[{"href":"https:\/\/www.enerjigazetesi.ist\/en\/wp-json\/wp\/v2\/posts"}],"about":[{"href":"https:\/\/www.enerjigazetesi.ist\/en\/wp-json\/wp\/v2\/types\/post"}],"author":[{"embeddable":true,"href":"https:\/\/www.enerjigazetesi.ist\/en\/wp-json\/wp\/v2\/users\/1"}],"replies":[{"embeddable":true,"href":"https:\/\/www.enerjigazetesi.ist\/en\/wp-json\/wp\/v2\/comments?post=60444"}],"version-history":[{"count":4,"href":"https:\/\/www.enerjigazetesi.ist\/en\/wp-json\/wp\/v2\/posts\/60444\/revisions"}],"predecessor-version":[{"id":60449,"href":"https:\/\/www.enerjigazetesi.ist\/en\/wp-json\/wp\/v2\/posts\/60444\/revisions\/60449"}],"wp:featuredmedia":[{"embeddable":true,"href":"https:\/\/www.enerjigazetesi.ist\/en\/wp-json\/wp\/v2\/media\/60445"}],"wp:attachment":[{"href":"https:\/\/www.enerjigazetesi.ist\/en\/wp-json\/wp\/v2\/media?parent=60444"}],"wp:term":[{"taxonomy":"category","embeddable":true,"href":"https:\/\/www.enerjigazetesi.ist\/en\/wp-json\/wp\/v2\/categories?post=60444"},{"taxonomy":"post_tag","embeddable":true,"href":"https:\/\/www.enerjigazetesi.ist\/en\/wp-json\/wp\/v2\/tags?post=60444"}],"curies":[{"name":"wp","href":"https:\/\/api.w.org\/{rel}","templated":true}]}}