{"id":60407,"date":"2016-12-26T10:25:33","date_gmt":"2016-12-26T07:25:33","guid":{"rendered":"https:\/\/www.enerjigazetesi.ist\/?p=60407"},"modified":"2016-12-25T21:56:24","modified_gmt":"2016-12-25T18:56:24","slug":"enerji-sektorunun-devleri-power-gen-fuarinda-biraraya-geldi","status":"publish","type":"post","link":"https:\/\/www.enerjigazetesi.ist\/en\/enerji-sektorunun-devleri-power-gen-fuarinda-biraraya-geldi\/","title":{"rendered":"(Turkish) Enerji Sekt\u00f6r\u00fcn\u00fcn Devleri Power-Gen Fuar\u0131&#8217;nda Biraraya Geldi"},"content":{"rendered":"<p class=\"qtranxs-available-languages-message qtranxs-available-languages-message-en\">Sorry, this entry is only available in <a href=\"https:\/\/www.enerjigazetesi.ist\/tr\/wp-json\/wp\/v2\/posts\/60407\" class=\"qtranxs-available-language-link qtranxs-available-language-link-tr\" title=\"Turkish\">Turkish<\/a>. For the sake of viewer convenience, the content is shown below in the alternative language. You may click the link to switch the active language.<\/p><p><strong>Enerji ve elektrik alan\u0131nda en b\u00fcy\u00fck etkinliklerden biri olan Power-Gen International 2016 Fuar\u0131 Orlando\u2019da ger\u00e7ekle\u015fti. D\u00fcnya enerji sekt\u00f6r\u00fcn\u00fcn en \u00f6nemli bulu\u015fma noktalar\u0131ndan biri olan fuar sekt\u00f6r\u00fcn devlerini bir araya getirdi. S\u00fcrd\u00fcr\u00fclebilir ve yenilik\u00e7i \u00fcr\u00fcnleri ile dikkat \u00e7eken Teksan Jenerat\u00f6r\u2019\u00fcn Power-Gen\u2019de sergiledi\u011fi s\u00fcper sessiz kabinli \u00fcr\u00fcn\u00fc ve hibrit jenerat\u00f6r\u00fc fuar ziyaret\u00e7ileri taraf\u0131ndan yo\u011fun ilgi g\u00f6rd\u00fc.<\/strong><\/p>\n<p>Enerji sekt\u00f6r\u00fcn\u00fcn yak\u0131ndan takip etti\u011fi Power-Gen International 2016 Fuar\u0131 bu y\u0131l da firmalar\u0131n yeni \u00fcr\u00fcnlerini tan\u0131tt\u0131\u011f\u0131 bir platforma d\u00f6n\u00fc\u015ft\u00fc. Pek \u00e7ok b\u00f6lgeden binlerce kat\u0131l\u0131mc\u0131 ve ziyaret\u00e7iyi bulu\u015fturan fuarda T\u00fcrk enerji sekt\u00f6r\u00fc<a href=\"https:\/\/www.enerjigazetesi.ist\/wp-content\/uploads\/2016\/12\/enerji-sektorunun-devleri-power-gen-fuarinda-biraraya-geldi.jpg\"><img loading=\"lazy\" class=\"alignright size-medium wp-image-60408\" src=\"https:\/\/www.enerjigazetesi.ist\/wp-content\/uploads\/2016\/12\/enerji-sektorunun-devleri-power-gen-fuarinda-biraraya-geldi-300x185.jpg\" alt=\"enerji-sektorunun-devleri-power-gen-fuarinda-biraraya-geldi\" width=\"300\" height=\"185\" srcset=\"https:\/\/www.enerjigazetesi.ist\/wp-content\/uploads\/2016\/12\/enerji-sektorunun-devleri-power-gen-fuarinda-biraraya-geldi-300x185.jpg 300w, https:\/\/www.enerjigazetesi.ist\/wp-content\/uploads\/2016\/12\/enerji-sektorunun-devleri-power-gen-fuarinda-biraraya-geldi-1024x634.jpg 1024w, https:\/\/www.enerjigazetesi.ist\/wp-content\/uploads\/2016\/12\/enerji-sektorunun-devleri-power-gen-fuarinda-biraraya-geldi-500x309.jpg 500w, https:\/\/www.enerjigazetesi.ist\/wp-content\/uploads\/2016\/12\/enerji-sektorunun-devleri-power-gen-fuarinda-biraraya-geldi-80x50.jpg 80w, https:\/\/www.enerjigazetesi.ist\/wp-content\/uploads\/2016\/12\/enerji-sektorunun-devleri-power-gen-fuarinda-biraraya-geldi.jpg 1200w\" sizes=\"(max-width: 300px) 100vw, 300px\" \/><\/a>nde yenilik\u00e7i ve \u00f6nc\u00fc kimli\u011fi ile 22 y\u0131ld\u0131r hizmet veren Teksan Jenerat\u00f6r, geli\u015ftirdi\u011fi s\u00fcper sessiz kabin, hibrit jenerat\u00f6r ve dizel \u00e7\u00f6z\u00fcmleri ile yer ald\u0131.<\/p>\n<p>Fuarlar sayesinde bir yandan sekt\u00f6r\u00fcn nabz\u0131n\u0131 tutarken di\u011fer yandan \u00fcr\u00fcnlerini d\u00fcnyan\u0131n farkl\u0131 k\u00f6\u015felerinden gelen binlerce ki\u015fiye ayn\u0131 anda tan\u0131tma f\u0131rsat\u0131 yakalad\u0131klar\u0131n\u0131 belirten<strong> Teksan Jenerat\u00f6r Sat\u0131\u015f ve Pazarlamadan Sorumlu Y\u00f6netim Kurulu \u00dcyesi Burak Ba\u015fe\u011fmezler <\/strong>\u015funlar\u0131 belirtti: \u201cG\u00fcn\u00fcm\u00fczde enerji ihtiyac\u0131n\u0131 kar\u015f\u0131lamada s\u00fcrd\u00fcr\u00fclebilir \u00e7\u00f6z\u00fcmler giderek daha fazla \u00f6nem kazanmaktad\u0131r. Ar-Ge ve teknolojiye yat\u0131r\u0131m yapan bir \u015firket olarak s\u00fcrd\u00fcr\u00fclebilir enerji \u00e7\u00f6z\u00fcmleri geli\u015ftirmek, \u00fczerinde en \u00e7ok durdu\u011fumuz konulardan biri. Power-Gen Fuar\u0131\u2019nda s\u00fcrd\u00fcr\u00fclebilir \u00fcr\u00fcnlerimiz ziyaret\u00e7ilerden yo\u011fun ilgi g\u00f6rm\u00fc\u015ft\u00fcr. T\u00fcrkiye\u2019de ilk kez \u00fcretti\u011fimiz yak\u0131t t\u00fcketimini y\u00fczde 65 oran\u0131nda d\u00fc\u015f\u00fcren ve dizel jenerat\u00f6rle koordineli \u00e7al\u0131\u015fan g\u00fcne\u015f ve r\u00fczgar gibi yenilenebilir enerji kaynaklar\u0131n\u0131 kullanan hibrit jenerat\u00f6r, markam\u0131z\u0131n Ar-Ge\u2019de ula\u015ft\u0131\u011f\u0131 noktay\u0131 g\u00f6stermesi a\u00e7\u0131s\u0131ndan \u00f6nem ta\u015f\u0131maktad\u0131r.\u201d<\/p>\n<p>Dizel jenerat\u00f6rlerde en \u00f6nemli konulardan biri olan sessiz \u00e7al\u0131\u015fma noktas\u0131nda beklentilere cevap verecek s\u00fcper sessiz kabinlerinin de fuar ziyaret\u00e7ilerinden tam not ald\u0131\u011f\u0131n\u0131 s\u00f6yleyen <strong>Burak Ba\u015fe\u011fmezler, <\/strong>\u201cTelekom projelerinde kullan\u0131lan benzer dizel jenerat\u00f6rlerde ses seviyesi 1 metrede 70 ile 72 dB(A) iken, m\u00fchendislerimizin geli\u015ftirdi\u011fi \u201cs\u00fcper sessiz\u201d jenerat\u00f6r setlerindeki \u00f6zel yal\u0131t\u0131m teknolojisi ve yaz\u0131l\u0131mlar sayesinde bu seviye 1 metrede 60 dB(A)\u2019ya d\u00fc\u015f\u00fcr\u00fclm\u00fc\u015ft\u00fcr. \u00dcr\u00fcn tasar\u0131mlar\u0131nda kullan\u0131lan Uzaktan \u0130zleme ve Kontrol Mod\u00fcl\u00fc sayesinde sahadaki cihazlar\u0131n verilerini uzaktan izlemek ve gerekli durumlarda m\u00fcdahale etmek olanakl\u0131 hale gelmi\u015ftir. B\u00f6ylece operasyonel maliyetler d\u00fc\u015ferken verilen hizmetin kesintiye u\u011framamas\u0131 s\u00fcper sessiz kabinin bir di\u011fer art\u0131s\u0131 olarak dikkat \u00e7ekmektedir. Jenerat\u00f6r kabinlerimiz uluslararas\u0131 akredite SZUTEST Ara\u015ft\u0131rma Merkezi taraf\u0131ndan yap\u0131lan testler sonras\u0131nda verilen \u201cSes Emisyon Sertifikas\u0131\u201dna sahip ve 2000\/14\/EC standartlar\u0131na uygun olarak \u00fcretilmektedir\u201d dedi.<\/p>","protected":false},"excerpt":{"rendered":"<p>Sorry, this entry is only available in Turkish. For the sake of viewer convenience, the content is shown below in the alternative language. You may click the link to switch the active language.Enerji ve elektrik alan\u0131nda en b\u00fcy\u00fck etkinliklerden biri olan Power-Gen International 2016 Fuar\u0131 Orlando\u2019da ger\u00e7ekle\u015fti. D\u00fcnya enerji sekt\u00f6r\u00fcn\u00fcn en \u00f6nemli bulu\u015fma noktalar\u0131ndan biri [&hellip;]<\/p>\n","protected":false},"author":1,"featured_media":60408,"comment_status":"open","ping_status":"open","sticky":false,"template":"","format":"standard","meta":[],"categories":[51,53],"tags":[2059,25925,32609,61,19638,2873,63,67,1009,93,2698,165,227,13,27516,32611,32608,69,16,32610,25924,32612,105],"views":1338,"_links":{"self":[{"href":"https:\/\/www.enerjigazetesi.ist\/en\/wp-json\/wp\/v2\/posts\/60407"}],"collection":[{"href":"https:\/\/www.enerjigazetesi.ist\/en\/wp-json\/wp\/v2\/posts"}],"about":[{"href":"https:\/\/www.enerjigazetesi.ist\/en\/wp-json\/wp\/v2\/types\/post"}],"author":[{"embeddable":true,"href":"https:\/\/www.enerjigazetesi.ist\/en\/wp-json\/wp\/v2\/users\/1"}],"replies":[{"embeddable":true,"href":"https:\/\/www.enerjigazetesi.ist\/en\/wp-json\/wp\/v2\/comments?post=60407"}],"version-history":[{"count":4,"href":"https:\/\/www.enerjigazetesi.ist\/en\/wp-json\/wp\/v2\/posts\/60407\/revisions"}],"predecessor-version":[{"id":60412,"href":"https:\/\/www.enerjigazetesi.ist\/en\/wp-json\/wp\/v2\/posts\/60407\/revisions\/60412"}],"wp:featuredmedia":[{"embeddable":true,"href":"https:\/\/www.enerjigazetesi.ist\/en\/wp-json\/wp\/v2\/media\/60408"}],"wp:attachment":[{"href":"https:\/\/www.enerjigazetesi.ist\/en\/wp-json\/wp\/v2\/media?parent=60407"}],"wp:term":[{"taxonomy":"category","embeddable":true,"href":"https:\/\/www.enerjigazetesi.ist\/en\/wp-json\/wp\/v2\/categories?post=60407"},{"taxonomy":"post_tag","embeddable":true,"href":"https:\/\/www.enerjigazetesi.ist\/en\/wp-json\/wp\/v2\/tags?post=60407"}],"curies":[{"name":"wp","href":"https:\/\/api.w.org\/{rel}","templated":true}]}}