{"id":60394,"date":"2016-12-26T10:05:58","date_gmt":"2016-12-26T07:05:58","guid":{"rendered":"https:\/\/www.enerjigazetesi.ist\/?p=60394"},"modified":"2016-12-25T21:33:13","modified_gmt":"2016-12-25T18:33:13","slug":"serbest-piyasa-yapisina-gecisi-hizlandiracak-adimlari-desteklemekteyiz","status":"publish","type":"post","link":"https:\/\/www.enerjigazetesi.ist\/en\/serbest-piyasa-yapisina-gecisi-hizlandiracak-adimlari-desteklemekteyiz\/","title":{"rendered":"(Turkish) Serbest Piyasa Yap\u0131s\u0131na Ge\u00e7i\u015fi H\u0131zland\u0131racak Ad\u0131mlar\u0131 Desteklemekteyiz"},"content":{"rendered":"<p class=\"qtranxs-available-languages-message qtranxs-available-languages-message-en\">Sorry, this entry is only available in <a href=\"https:\/\/www.enerjigazetesi.ist\/tr\/wp-json\/wp\/v2\/posts\/60394\" class=\"qtranxs-available-language-link qtranxs-available-language-link-tr\" title=\"Turkish\">Turkish<\/a>. For the sake of viewer convenience, the content is shown below in the alternative language. You may click the link to switch the active language.<\/p><p><strong>Enerjisa CEO\u2019su K\u0131van\u00e7 Zaimler, EPDK\u2019n\u0131n serbest t\u00fcketici limitini a\u015fa\u011f\u0131 \u00e7ekmesiyle ilgili olarak, \u201cTam serbest ve rekabet\u00e7i bir piyasa hem sekt\u00f6re hem de elektrik kullan\u0131c\u0131lar\u0131na \u00e7ok b\u00fcy\u00fck f\u0131rsatlar sa\u011flayacakt\u0131r\u201d dedi.<\/strong><\/p>\n<p>Enerji Piyasas\u0131 D\u00fczenleme Kurumu (EPDK) 2017 y\u0131l\u0131 i\u00e7in serbest t\u00fcketici limitini 2 bin 400 kilovat saate \u00e7ek<a href=\"https:\/\/www.enerjigazetesi.ist\/wp-content\/uploads\/2016\/12\/serbest-piyasa-yapisina-gecisi-hizlandiracak-adimlari-desteklemekteyiz.jpg\"><img loading=\"lazy\" class=\"alignright size-medium wp-image-60395\" src=\"https:\/\/www.enerjigazetesi.ist\/wp-content\/uploads\/2016\/12\/serbest-piyasa-yapisina-gecisi-hizlandiracak-adimlari-desteklemekteyiz-300x200.jpg\" alt=\"serbest-piyasa-yapisina-gecisi-hizlandiracak-adimlari-desteklemekteyiz\" width=\"300\" height=\"200\" srcset=\"https:\/\/www.enerjigazetesi.ist\/wp-content\/uploads\/2016\/12\/serbest-piyasa-yapisina-gecisi-hizlandiracak-adimlari-desteklemekteyiz-300x200.jpg 300w, https:\/\/www.enerjigazetesi.ist\/wp-content\/uploads\/2016\/12\/serbest-piyasa-yapisina-gecisi-hizlandiracak-adimlari-desteklemekteyiz-1024x682.jpg 1024w, https:\/\/www.enerjigazetesi.ist\/wp-content\/uploads\/2016\/12\/serbest-piyasa-yapisina-gecisi-hizlandiracak-adimlari-desteklemekteyiz-500x333.jpg 500w, https:\/\/www.enerjigazetesi.ist\/wp-content\/uploads\/2016\/12\/serbest-piyasa-yapisina-gecisi-hizlandiracak-adimlari-desteklemekteyiz-75x50.jpg 75w, https:\/\/www.enerjigazetesi.ist\/wp-content\/uploads\/2016\/12\/serbest-piyasa-yapisina-gecisi-hizlandiracak-adimlari-desteklemekteyiz.jpg 1200w\" sizes=\"(max-width: 300px) 100vw, 300px\" \/><\/a>mi\u015ftir. Daha \u00f6nce 3 bin 600 kilovat saat olan limitin d\u00fc\u015f\u00fcr\u00fclmesiyle daha \u00f6nce 2.6 milyon olan serbest t\u00fcketici say\u0131s\u0131, 8.4 milyona \u00e7\u0131kacakt\u0131r. Elektrik faturas\u0131 82 liran\u0131n \u00fczerinde gelen aboneler, serbest t\u00fcketici olabilecektir.<\/p>\n<p>EPDK\u2019n\u0131n yeni d\u00fczenlemesini de\u011ferlendiren <strong>Enerjisa CEO\u2019su K\u0131van\u00e7 Zaimler<\/strong>, enerji sekt\u00f6r\u00fcn\u00fcn \u00f6ncelikli g\u00fcndem maddelerinden biri olan liberalizasyon konusunda at\u0131lm\u0131\u015f bu ad\u0131m\u0131n \u00f6nemine dikkat \u00e7ekti. Zaimler, \u201c\u00d6ncelikle piyasan\u0131n serbestle\u015fmesinin en \u00f6nemli g\u00f6stergelerinden biri olan serbest t\u00fcketici limitinde EPDK\u2019n\u0131n ald\u0131\u011f\u0131 bu karar\u0131 \u00e7ok olumlu bulmaktay\u0131z. Bundan sonras\u0131 i\u00e7in de sekt\u00f6r\u00fcm\u00fcz\u00fcn t\u00fcm payda\u015flar\u0131n\u0131n tam serbest piyasaya ge\u00e7i\u015f i\u00e7in at\u0131lmas\u0131 gereken ad\u0131mlar\u0131 desteklemesi ve elektrik tedarik \u015firketleri olarak bizlerin de \u00fczerimize d\u00fc\u015fen sorumlulu\u011fu \u00fcstlenmemiz gerekti\u011fine inanmaktay\u0131z.\u201d dedi.<\/p>\n<p><strong>\u2018REKABET\u00c7\u0130 YAPIYA HAZIRIZ\u2019<\/strong><\/p>\n<p>Enerjisa olarak serbest piyasan\u0131n getirece\u011fi rekabet\u00e7i yap\u0131ya haz\u0131r olduklar\u0131n\u0131 dile getiren Zaimler, s\u00f6zlerini \u015f\u00f6yle s\u00fcrd\u00fcrd\u00fc: \u201cElektrik enerjisi sekt\u00f6r\u00fcn\u00fcn lider ve \u00f6nc\u00fc markas\u0131 olarak yeni d\u00f6nemde serbest t\u00fcketici niteli\u011findeki t\u00fcm m\u00fc\u015fterilerimize ihtiya\u00e7lar\u0131na \u00f6zel tarifeler sunman\u0131n yan\u0131 s\u0131ra, onlar\u0131n hayatlar\u0131n\u0131 kolayla\u015ft\u0131racak ve katma de\u011fer yaratacak \u00fcr\u00fcn ve \u00e7\u00f6z\u00fcmleri de sa\u011flayaca\u011f\u0131z. Tam serbest ve rekabet\u00e7i bir piyasa olu\u015fumunun sekt\u00f6r\u00fcn geneline, ancak en \u00e7ok da m\u00fc\u015fterilere fayda sa\u011flayaca\u011f\u0131na inanmaktay\u0131z, \u00fclkemize ve sekt\u00f6r\u00fcm\u00fcze hay\u0131rl\u0131 olmas\u0131n\u0131 diliyoruz.\u201d<\/p>","protected":false},"excerpt":{"rendered":"<p>Sorry, this entry is only available in Turkish. For the sake of viewer convenience, the content is shown below in the alternative language. You may click the link to switch the active language.Enerjisa CEO\u2019su K\u0131van\u00e7 Zaimler, EPDK\u2019n\u0131n serbest t\u00fcketici limitini a\u015fa\u011f\u0131 \u00e7ekmesiyle ilgili olarak, \u201cTam serbest ve rekabet\u00e7i bir piyasa hem sekt\u00f6re hem de elektrik [&hellip;]<\/p>\n","protected":false},"author":1,"featured_media":60395,"comment_status":"open","ping_status":"open","sticky":false,"template":"","format":"standard","meta":[],"categories":[51,53],"tags":[68,61,1229,19638,1451,2873,32603,63,67,1009,2698,165,422,750,21689,28146,32604,32602,4907,2263],"views":783,"_links":{"self":[{"href":"https:\/\/www.enerjigazetesi.ist\/en\/wp-json\/wp\/v2\/posts\/60394"}],"collection":[{"href":"https:\/\/www.enerjigazetesi.ist\/en\/wp-json\/wp\/v2\/posts"}],"about":[{"href":"https:\/\/www.enerjigazetesi.ist\/en\/wp-json\/wp\/v2\/types\/post"}],"author":[{"embeddable":true,"href":"https:\/\/www.enerjigazetesi.ist\/en\/wp-json\/wp\/v2\/users\/1"}],"replies":[{"embeddable":true,"href":"https:\/\/www.enerjigazetesi.ist\/en\/wp-json\/wp\/v2\/comments?post=60394"}],"version-history":[{"count":1,"href":"https:\/\/www.enerjigazetesi.ist\/en\/wp-json\/wp\/v2\/posts\/60394\/revisions"}],"predecessor-version":[{"id":60396,"href":"https:\/\/www.enerjigazetesi.ist\/en\/wp-json\/wp\/v2\/posts\/60394\/revisions\/60396"}],"wp:featuredmedia":[{"embeddable":true,"href":"https:\/\/www.enerjigazetesi.ist\/en\/wp-json\/wp\/v2\/media\/60395"}],"wp:attachment":[{"href":"https:\/\/www.enerjigazetesi.ist\/en\/wp-json\/wp\/v2\/media?parent=60394"}],"wp:term":[{"taxonomy":"category","embeddable":true,"href":"https:\/\/www.enerjigazetesi.ist\/en\/wp-json\/wp\/v2\/categories?post=60394"},{"taxonomy":"post_tag","embeddable":true,"href":"https:\/\/www.enerjigazetesi.ist\/en\/wp-json\/wp\/v2\/tags?post=60394"}],"curies":[{"name":"wp","href":"https:\/\/api.w.org\/{rel}","templated":true}]}}