{"id":60389,"date":"2016-12-26T10:10:43","date_gmt":"2016-12-26T07:10:43","guid":{"rendered":"https:\/\/www.enerjigazetesi.ist\/?p=60389"},"modified":"2016-12-25T21:33:20","modified_gmt":"2016-12-25T18:33:20","slug":"enerjimizi-yeni-yila-hazirlik-icin-30-aralik-gunu-harcamaktayiz","status":"publish","type":"post","link":"https:\/\/www.enerjigazetesi.ist\/en\/enerjimizi-yeni-yila-hazirlik-icin-30-aralik-gunu-harcamaktayiz\/","title":{"rendered":"(Turkish) Enerjimizi &#8216;Yeni Y\u0131la Haz\u0131rl\u0131k&#8217; \u0130\u00e7in 30 Aral\u0131k G\u00fcn\u00fc Harcamaktay\u0131z"},"content":{"rendered":"<p class=\"qtranxs-available-languages-message qtranxs-available-languages-message-en\">Sorry, this entry is only available in <a href=\"https:\/\/www.enerjigazetesi.ist\/tr\/wp-json\/wp\/v2\/posts\/60389\" class=\"qtranxs-available-language-link qtranxs-available-language-link-tr\" title=\"Turkish\">Turkish<\/a>. For the sake of viewer convenience, the content is shown below in the alternative language. You may click the link to switch the active language.<\/p><p><strong>Yeni y\u0131la say\u0131l\u0131 g\u00fcnler kala, Bo\u011fazi\u00e7i Elektrik Da\u011f\u0131t\u0131m A.\u015e. (BEDA\u015e) abonelerinin elektrik t\u00fcketimi ile ilgili \u00f6zel bir \u00e7al\u0131\u015fma yapt\u0131. \u0130stanbul Avrupa Yakas\u0131\u2019nda 4.7 milyon aboneye elektrik da\u011f\u0131t\u0131m hizmeti veren BEDA\u015e\u2019\u0131n verilerine g\u00f6re \u0130stanbullu yeni y\u0131la girerken \u2018enerjisini\u2019 30 Aral\u0131k tarihinde harcamaktad\u0131r.<\/strong><\/p>\n<p>Mart 2013\u2019te yap\u0131lan ihale ile \u00f6zel sekt\u00f6re ge\u00e7en ve bug\u00fcn Cengiz ve Kolin \u015eirketler Grubu\u2019nun \u00e7at\u0131s\u0131 alt\u0131nda faaliyet g\u00f6steren BEDA\u015e, 2013\u2019ten sonra y\u0131lba\u015f\u0131 <a href=\"https:\/\/www.enerjigazetesi.ist\/wp-content\/uploads\/2016\/12\/enerjimizi-yeni-yila-hazirlik-icin-30-aralik-gunu-harciyoruz.jpg\"><img loading=\"lazy\" class=\"alignleft size-medium wp-image-60390\" src=\"https:\/\/www.enerjigazetesi.ist\/wp-content\/uploads\/2016\/12\/enerjimizi-yeni-yila-hazirlik-icin-30-aralik-gunu-harciyoruz-300x266.jpg\" alt=\"enerjimizi-yeni-yila-hazirlik-icin-30-aralik-gunu-harciyoruz\" width=\"300\" height=\"266\" srcset=\"https:\/\/www.enerjigazetesi.ist\/wp-content\/uploads\/2016\/12\/enerjimizi-yeni-yila-hazirlik-icin-30-aralik-gunu-harciyoruz-300x266.jpg 300w, https:\/\/www.enerjigazetesi.ist\/wp-content\/uploads\/2016\/12\/enerjimizi-yeni-yila-hazirlik-icin-30-aralik-gunu-harciyoruz-1024x908.jpg 1024w, https:\/\/www.enerjigazetesi.ist\/wp-content\/uploads\/2016\/12\/enerjimizi-yeni-yila-hazirlik-icin-30-aralik-gunu-harciyoruz-450x400.jpg 450w, https:\/\/www.enerjigazetesi.ist\/wp-content\/uploads\/2016\/12\/enerjimizi-yeni-yila-hazirlik-icin-30-aralik-gunu-harciyoruz-56x50.jpg 56w\" sizes=\"(max-width: 300px) 100vw, 300px\" \/><\/a>ve bayram gibi \u00f6zel d\u00f6nemlerde \u0130stanbul Avrupa Yakas\u0131\u2019n\u0131n elektrik t\u00fcketim rakamlar\u0131n\u0131 masaya yat\u0131rd\u0131. T\u00fcketicilerin al\u0131\u015fkanlar\u0131n\u0131 do\u011fru analiz etmek, kaliteli ve kesintisiz hizmet i\u00e7in yat\u0131r\u0131mlar\u0131na devam eden BEDA\u015e\u2019\u0131n \u00e7al\u0131\u015fmas\u0131 as\u0131l enerji t\u00fcketiminin haz\u0131rl\u0131k d\u00f6nemlerinde ya\u015fand\u0131\u011f\u0131n\u0131 rakamlarla ortaya koydu. Buna g\u00f6re y\u0131lba\u015f\u0131 haftalar\u0131nda elektrik t\u00fcketim rekoru 31 Aral\u0131k gecesi de\u011fil, ondan bir g\u00fcn \u00f6nce 30 Aral\u0131k\u2019ta ya\u015fan\u0131yor. Y\u0131lba\u015f\u0131 gecesinin bir g\u00fcn \u00f6ncesinde yap\u0131lan haz\u0131rl\u0131klar, elektrikli ev aletleri kullan\u0131m\u0131n\u0131n yo\u011fun olmas\u0131 t\u00fcketime art\u0131\u015f olarak yans\u0131maktad\u0131r.<\/p>\n<p><strong>HAZIRLIK SIRASINDA Y\u00dcZDE 6-7 ARTI\u015e YA\u015eANIYOR<\/strong><\/p>\n<p>26 Aral\u0131k 2015-1 Ocak 2016 tarihlerindeki elektrik t\u00fcketimi incelendi\u011finde en y\u00fcksek t\u00fcketimin o hafta i\u00e7inde 86 milyon 617 bin kwh ile 30 Aral\u0131k \u00c7ar\u015famba g\u00fcn\u00fc ger\u00e7ekle\u015fti\u011fi g\u00f6r\u00fcl\u00fcyor. Bu y\u0131lba\u015f\u0131 gecesine g\u00f6re y\u00fczde 7.9, 29 Aral\u0131k tarihine g\u00f6re ise y\u00fczde 4.1 daha y\u00fcksek bir t\u00fcketim demektir.<\/p>\n<p>2014 y\u0131l\u0131nda da benzer bir tablo g\u00f6zleniyor. 26 Aral\u0131k 2014- 1 Ocak 2015 tarihlerinde bak\u0131ld\u0131\u011f\u0131nda hafta i\u00e7inde en y\u00fcksek t\u00fcketim yine 30 Aral\u0131k g\u00fcn\u00fc ya\u015fanm\u0131\u015f durumda. 30 Aral\u0131k\u2019ta, y\u0131lba\u015f\u0131 gecesine g\u00f6re y\u00fczde 6.6 fazla elektrik t\u00fcketimi ya\u015fan\u0131rken, 29 Aral\u0131k\u2019a g\u00f6re de 8.9 y\u00fczde fazla t\u00fcketim g\u00f6ze \u00e7arp\u0131yor. Yani y\u0131lba\u015f\u0131 haftas\u0131n\u0131n rekorunu 30 Aral\u0131k g\u00fcnleri elinde tutmaktad\u0131r.<\/p>\n<p><strong>YEN\u0130 YIL SABAHI 13.00\u2019TE UYANIYORUZ, T\u00dcKET\u0130M Y\u00dcZDE 20 D\u00dc\u015e\u00dcYOR<\/strong><\/p>\n<p>Yine elektrik t\u00fcketim rakamlar\u0131 g\u00f6steriyor ki, yeni y\u0131l\u0131n ilk g\u00fcn\u00fc elektrik t\u00fcketimindeki art\u0131\u015f g\u00fcnd\u00fcz saat 13.00\u2019ten sonra ba\u015fl\u0131yor. Yeni y\u0131l sabah\u0131na ge\u00e7 ba\u015flaman\u0131n yan\u0131 s\u0131ra sanayi ve ticarethanelerin b\u00fcy\u00fck \u00e7o\u011funlu\u011funun yeni y\u0131lda tatil olmas\u0131n\u0131n etkisi ile t\u00fcketim 1 Ocak g\u00fcn\u00fc d\u00fc\u015f\u00fcyor. Rakamlara bak\u0131ld\u0131\u011f\u0131nda 31 Aral\u0131k 2015 tarihinde g\u00fcnl\u00fck elektrik t\u00fcketimi 80.229.665 kWh iken 1 Ocak 2016\u2019da t\u00fcketim y\u00fczde 20.4 gerileyerek 63.805.094 kWh\u2019a kadar d\u00fc\u015ft\u00fc\u011f\u00fc g\u00f6r\u00fcl\u00fcyor. Yine, 31 Aral\u0131k 2014\u2019te 80.078.189 kWh olan t\u00fcketimin 1 Ocak 2015 g\u00fcn\u00fc y\u00fczde 21.2\u2019l\u00fck bir kay\u0131pla 62.989.395 kWh\u2019ya gerilemesi y\u0131lba\u015f\u0131 g\u00fcnleri elektrik t\u00fcketiminde ortalama y\u00fczde 20\u2019lere varan bir d\u00fc\u015f\u00fc\u015f oldu\u011funu g\u00f6zler \u00f6n\u00fcne sermektedir.<\/p>\n<p><strong>AREFE G\u00dcNLER\u0130 DE T\u00dcKET\u0130M ARTIYOR<\/strong><\/p>\n<p>BEDA\u015e\u2018\u0131n verilerine g\u00f6re Ramazan ve Kurban bayramlar\u0131nda da elektrik t\u00fcketiminin azald\u0131\u011f\u0131 g\u00f6r\u00fcl\u00fcyor. \u0130\u015f yerlerinin kapal\u0131 oldu\u011fu bayram d\u00f6nemlerinde t\u00fcketiciler bayram ziyaretleri sebebiyle evde bulunmuyor. Bayram\u0131n yaz ya da k\u0131\u015f aylar\u0131na denk gelmesi t\u00fcketim trendi \u00fczerinde etki sahibi olsa da uzun bayram tatillerinde t\u00fcketiciler \u00e7o\u011funlukla \u015fehir d\u0131\u015f\u0131na \u00e7\u0131kt\u0131\u011f\u0131ndan t\u00fcketimde yine d\u00fc\u015f\u00fc\u015f ya\u015fan\u0131yor. Bayram temizli\u011fi ve haz\u0131rl\u0131klar\u0131n\u0131n yap\u0131ld\u0131\u011f\u0131 Arefe G\u00fcn\u00fc ise y\u0131l i\u00e7inde en fazla t\u00fcketimin g\u00f6r\u00fcld\u00fc\u011f\u00fc zamanlardan birisidir.<\/p>\n<p><strong>BEDA\u015e Genel M\u00fcd\u00fcr\u00fc Mehmet \u0130slamo\u011flu,<\/strong> \u201cY\u0131l\u0131n belirli d\u00f6nemlerinde elektrik t\u00fcketiminde art\u0131\u015flar g\u00f6r\u00fcyoruz. Hava ko\u015fullar\u0131nda radikal de\u011fi\u015fikliklerin ya\u015fand\u0131\u011f\u0131 g\u00fcnler ve y\u0131lba\u015f\u0131 gecesi gibi \u00f6zel g\u00fcnler t\u00fcketimde art\u0131\u015f\u0131n oldu\u011fu zamanlar aras\u0131nda. Bayram g\u00fcnlerinde ise t\u00fcketimde azalma oluyor. Arefe g\u00fcnleri de y\u0131l i\u00e7inde en fazla t\u00fcketimin g\u00f6r\u00fcld\u00fc\u011f\u00fc zamanlardan biri. Y\u0131lba\u015f\u0131 gecesinden bir \u00f6nceki ak\u015fam, yeni y\u0131l haz\u0131rl\u0131klar\u0131 s\u0131ras\u0131nda yo\u011fun olarak elektrikli ev aletleri kullan\u0131lmas\u0131 t\u00fcketime art\u0131\u015f olarak yans\u0131yor. Yeni y\u0131l d\u00f6neminde t\u00fcketimde art\u0131\u015f olmas\u0131n\u0131n bir di\u011fer sebebi de sert hava ko\u015fullar\u0131.\u201d\u00a0ifadelerine yer verdi.<\/p>\n<p><strong>KI\u015e AYLARINDA T\u00dcKET\u0130M Y\u00dcZDE 26 ARTIYOR<\/strong><\/p>\n<p>K\u0131\u015f aylar\u0131nda ilkbahara k\u0131yasla y\u00fczde 26\u2019l\u0131k y\u00fck art\u0131\u015f\u0131 ya\u015fand\u0131\u011f\u0131na dikkat \u00e7eken BEDA\u015e Genel M\u00fcd\u00fcr\u00fc Mehmet \u0130slamo\u011flu, \u201cHava ko\u015fullar\u0131 nedeniyle ya\u015fanabilecek ar\u0131zalara kar\u015f\u0131 ekiplerimiz aral\u0131ks\u0131z g\u00f6rev yap\u0131yor. K\u0131\u015f \u015fartlar\u0131na kar\u015f\u0131 ald\u0131\u011f\u0131m\u0131z \u00f6nlemlerin yan\u0131 s\u0131ra t\u00fcketicilerimize kesintisiz da\u011f\u0131t\u0131m hizmeti vermek i\u00e7in planl\u0131 bak\u0131m \u00e7al\u0131\u015fmalar\u0131m\u0131z ve yat\u0131r\u0131mlar\u0131m\u0131z da s\u00fcr\u00fcyor\u201d dedi.<\/p>\n<p>Bu arada BEDA\u015e yeni y\u0131l yakla\u015f\u0131rken hava \u015fartlar\u0131n\u0131n da etkisiyle artan y\u00fck ve olas\u0131 ar\u0131zalara kar\u015f\u0131 tedbirini de ald\u0131. BEDA\u015e, 1.289 \u00e7al\u0131\u015fan\u0131n\u0131 ar\u0131zalara an\u0131nda m\u00fcdahale etmek \u00fczere 7\/24 \u00e7al\u0131\u015fma prensibi ile sahada g\u00f6revlendirirken, k\u0131\u015f \u015fartlar\u0131na \u00f6zel koruyucu malzemeleri art\u0131rd\u0131. K\u0131\u015f haz\u0131rl\u0131klar\u0131 kapsam\u0131nda yer alt\u0131 ve yer\u00fcst\u00fc hatlar\u0131n y\u00fczde 76\u2019s\u0131n\u0131n taramas\u0131 tamamlan\u0131rken, \u00f6nleyici bak\u0131m \u00e7al\u0131\u015fmalar\u0131 kapsam\u0131nda 13 bin 319 trafo merkezinde de termal kamera ve k\u0131sm\u0131 de\u015farj cihazlar ile rutin taramalar\u0131n yap\u0131lmas\u0131na devam ediliyor. BEDA\u015e, tarama i\u015flemlerine paralel olarak da\u011f\u0131t\u0131m \u015febekesinin y\u00fczde 70\u2019inde de bak\u0131m \u00e7al\u0131\u015fmalar\u0131n\u0131 tamamlad\u0131. Yap\u0131lan bak\u0131m \u00e7al\u0131\u015fmalar\u0131 ile 2016 y\u0131l\u0131 ba\u015f\u0131ndan itibaren trafo ar\u0131zalar\u0131nda y\u00fczde 75 iyile\u015fme sa\u011flanm\u0131\u015ft\u0131r.<\/p>","protected":false},"excerpt":{"rendered":"<p>Sorry, this entry is only available in Turkish. For the sake of viewer convenience, the content is shown below in the alternative language. You may click the link to switch the active language.Yeni y\u0131la say\u0131l\u0131 g\u00fcnler kala, Bo\u011fazi\u00e7i Elektrik Da\u011f\u0131t\u0131m A.\u015e. (BEDA\u015e) abonelerinin elektrik t\u00fcketimi ile ilgili \u00f6zel bir \u00e7al\u0131\u015fma yapt\u0131. \u0130stanbul Avrupa Yakas\u0131\u2019nda 4.7 [&hellip;]<\/p>\n","protected":false},"author":1,"featured_media":60390,"comment_status":"open","ping_status":"open","sticky":false,"template":"","format":"standard","meta":[],"categories":[51,53],"tags":[1506,8058,68,61,19638,1451,2873,63,67,1009,2698,165],"views":638,"_links":{"self":[{"href":"https:\/\/www.enerjigazetesi.ist\/en\/wp-json\/wp\/v2\/posts\/60389"}],"collection":[{"href":"https:\/\/www.enerjigazetesi.ist\/en\/wp-json\/wp\/v2\/posts"}],"about":[{"href":"https:\/\/www.enerjigazetesi.ist\/en\/wp-json\/wp\/v2\/types\/post"}],"author":[{"embeddable":true,"href":"https:\/\/www.enerjigazetesi.ist\/en\/wp-json\/wp\/v2\/users\/1"}],"replies":[{"embeddable":true,"href":"https:\/\/www.enerjigazetesi.ist\/en\/wp-json\/wp\/v2\/comments?post=60389"}],"version-history":[{"count":3,"href":"https:\/\/www.enerjigazetesi.ist\/en\/wp-json\/wp\/v2\/posts\/60389\/revisions"}],"predecessor-version":[{"id":60393,"href":"https:\/\/www.enerjigazetesi.ist\/en\/wp-json\/wp\/v2\/posts\/60389\/revisions\/60393"}],"wp:featuredmedia":[{"embeddable":true,"href":"https:\/\/www.enerjigazetesi.ist\/en\/wp-json\/wp\/v2\/media\/60390"}],"wp:attachment":[{"href":"https:\/\/www.enerjigazetesi.ist\/en\/wp-json\/wp\/v2\/media?parent=60389"}],"wp:term":[{"taxonomy":"category","embeddable":true,"href":"https:\/\/www.enerjigazetesi.ist\/en\/wp-json\/wp\/v2\/categories?post=60389"},{"taxonomy":"post_tag","embeddable":true,"href":"https:\/\/www.enerjigazetesi.ist\/en\/wp-json\/wp\/v2\/tags?post=60389"}],"curies":[{"name":"wp","href":"https:\/\/api.w.org\/{rel}","templated":true}]}}