{"id":60378,"date":"2016-12-25T17:17:07","date_gmt":"2016-12-25T14:17:07","guid":{"rendered":"https:\/\/www.enerjigazetesi.ist\/?p=60378"},"modified":"2016-12-25T17:19:12","modified_gmt":"2016-12-25T14:19:12","slug":"dicle-elektrigin-en-fazla-is-kazasi-darp-sonucu-olustu","status":"publish","type":"post","link":"https:\/\/www.enerjigazetesi.ist\/en\/dicle-elektrigin-en-fazla-is-kazasi-darp-sonucu-olustu\/","title":{"rendered":"(Turkish) Dicle Elektri\u011fin En Fazla \u0130\u015f Kazas\u0131 Darp Sonucu Olu\u015ftu"},"content":{"rendered":"<p class=\"qtranxs-available-languages-message qtranxs-available-languages-message-en\">Sorry, this entry is only available in <a href=\"https:\/\/www.enerjigazetesi.ist\/tr\/wp-json\/wp\/v2\/posts\/60378\" class=\"qtranxs-available-language-link qtranxs-available-language-link-tr\" title=\"Turkish\">Turkish<\/a>. For the sake of viewer convenience, the content is shown below in the alternative language. You may click the link to switch the active language.<\/p><p><strong>Kay\u0131p ka\u00e7ak oran\u0131n\u0131n y\u00fczde 70\u2019in \u00fczerinde oldu\u011fu, ka\u00e7ak kontrol\u00fcne \u00e7\u0131kan \u00e7al\u0131\u015fanlar\u0131, i\u015fletme binalar\u0131 ve ara\u00e7lar\u0131 s\u0131k s\u0131k sald\u0131r\u0131lara u\u011frayan Dicle Elektri\u011fin di\u011fer enerji da\u011f\u0131t\u0131m \u015firketlerinin aksine meydana gelen\u00a0i\u015f kazalar\u0131n\u0131n darp ve trafik kazas\u0131 sonucu ya\u015fand\u0131\u011f\u0131 ortaya \u00e7\u0131km\u0131\u015ft\u0131r.<\/strong><\/p>\n<p class=\"selectionShareable\" style=\"color: #0a0a0a;\">2 g\u00fcn s\u00fcren\u00a0\u00e7al\u0131\u015ftayda a\u00e7\u0131klamalarda bulunan\u00a0Dicle Elektrik Da\u011f\u0131t\u0131m \u0130dari \u0130\u015fler M\u00fcd\u00fcr\u00fc Haydar \u00d6zmen, di\u011fer enerji \u015firketlerinde en fazla i\u015f <a href=\"https:\/\/www.enerjigazetesi.ist\/wp-content\/uploads\/2015\/09\/olumlu-is-kazasi-yasanmayan-sirketlerin-tarifelerine-ilave-bonus.jpg\"><img loading=\"lazy\" class=\"alignright  wp-image-44632\" src=\"https:\/\/www.enerjigazetesi.ist\/wp-content\/uploads\/2015\/09\/olumlu-is-kazasi-yasanmayan-sirketlerin-tarifelerine-ilave-bonus-300x165.jpg\" alt=\"olumlu-is-kazasi-yasanmayan-sirketler\" width=\"300\" height=\"183\" \/><\/a>kazas\u0131n\u0131n elektrik \u00e7arpmas\u0131 veya y\u00fcksekten d\u00fc\u015fme sonucu meydana geldi\u011fini ifade etti. Kay\u0131p ka\u00e7ak ile m\u00fccadelenin yo\u011fun bi\u00e7imde yap\u0131lmas\u0131 sebebiyle bu t\u00fcr kazalar\u0131n say\u0131ca elektrik \u00e7arpmas\u0131 veya y\u00fcksekten d\u00fc\u015fme sonucu ya\u015fanan i\u015f kazalar\u0131ndan y\u00fcksek oldu\u011funu anlatan \u00d6zmen, \u201cDicle Elektrik\u2019te ise en fazla i\u015f kazas\u0131 darp ve trafik kazas\u0131 sonucu ya\u015fanm\u0131\u015ft\u0131r\u201d dedi.<\/p>\n<p class=\"selectionShareable\" style=\"color: #0a0a0a;\"><strong>\u201c3 y\u0131l i\u00e7erisinde 284 i\u015f kazas\u0131 ya\u015fanm\u0131\u015ft\u0131r\u201d<\/strong><\/p>\n<p class=\"selectionShareable\" style=\"color: #0a0a0a;\">Daha sonra s\u00f6z alan \u015firketin \u0130SG Koordinat\u00f6r\u00fc Dr. Mesut Karabulut ise, Dicle Elektrik Da\u011f\u0131t\u0131m B\u00f6lgesi\u2019ndeki Diyarbak\u0131r, \u015eanl\u0131urfa, Mardin, Batman, Siirt ve \u015e\u0131rnak\u2019ta yap\u0131lan \u00e7al\u0131\u015fmalar sonucunda 2014 y\u0131l\u0131nda 105, 2015 y\u0131l\u0131nda 103 ve 2016 y\u0131l\u0131nda ise 76 i\u015f kazas\u0131 ya\u015fand\u0131\u011f\u0131n\u0131 belirtti. \u00dc\u00e7 y\u0131lda toplam 284 i\u015f kazas\u0131 ya\u015fand\u0131\u011f\u0131n\u0131 ve her y\u0131l kaza say\u0131s\u0131n\u0131n biraz daha azald\u0131\u011f\u0131n\u0131 da a\u00e7\u0131klayan\u00a0Dr. Karabulut, en fazla i\u015f kazas\u0131n\u0131n darp ve trafik kazas\u0131 sonucu ger\u00e7ekle\u015fti\u011fini belirtirken, 3 y\u0131l i\u00e7erisinde en \u00e7ok i\u015f kazas\u0131n\u0131n Diyarbak\u0131r\u2019da ya\u015fand\u0131\u011f\u0131n\u0131, buray\u0131 s\u0131ras\u0131 ile \u015eanl\u0131urfa, Batman, Siirt, Mardin ve \u015e\u0131rnak\u2019\u0131n izledi\u011fini dile getirdi.<\/p>\n<p><\/p>","protected":false},"excerpt":{"rendered":"<p>Sorry, this entry is only available in Turkish. For the sake of viewer convenience, the content is shown below in the alternative language. You may click the link to switch the active language.Kay\u0131p ka\u00e7ak oran\u0131n\u0131n y\u00fczde 70\u2019in \u00fczerinde oldu\u011fu, ka\u00e7ak kontrol\u00fcne \u00e7\u0131kan \u00e7al\u0131\u015fanlar\u0131, i\u015fletme binalar\u0131 ve ara\u00e7lar\u0131 s\u0131k s\u0131k sald\u0131r\u0131lara u\u011frayan Dicle Elektri\u011fin di\u011fer enerji [&hellip;]<\/p>\n","protected":false},"author":1,"featured_media":44632,"comment_status":"open","ping_status":"open","sticky":false,"template":"","format":"standard","meta":[],"categories":[51,53],"tags":[32595,12240,4684,68,32596,61,19638,1451,2873,63,67,1009,2698,165,32597,2069,25913,30601,32598],"views":829,"_links":{"self":[{"href":"https:\/\/www.enerjigazetesi.ist\/en\/wp-json\/wp\/v2\/posts\/60378"}],"collection":[{"href":"https:\/\/www.enerjigazetesi.ist\/en\/wp-json\/wp\/v2\/posts"}],"about":[{"href":"https:\/\/www.enerjigazetesi.ist\/en\/wp-json\/wp\/v2\/types\/post"}],"author":[{"embeddable":true,"href":"https:\/\/www.enerjigazetesi.ist\/en\/wp-json\/wp\/v2\/users\/1"}],"replies":[{"embeddable":true,"href":"https:\/\/www.enerjigazetesi.ist\/en\/wp-json\/wp\/v2\/comments?post=60378"}],"version-history":[{"count":5,"href":"https:\/\/www.enerjigazetesi.ist\/en\/wp-json\/wp\/v2\/posts\/60378\/revisions"}],"predecessor-version":[{"id":60383,"href":"https:\/\/www.enerjigazetesi.ist\/en\/wp-json\/wp\/v2\/posts\/60378\/revisions\/60383"}],"wp:featuredmedia":[{"embeddable":true,"href":"https:\/\/www.enerjigazetesi.ist\/en\/wp-json\/wp\/v2\/media\/44632"}],"wp:attachment":[{"href":"https:\/\/www.enerjigazetesi.ist\/en\/wp-json\/wp\/v2\/media?parent=60378"}],"wp:term":[{"taxonomy":"category","embeddable":true,"href":"https:\/\/www.enerjigazetesi.ist\/en\/wp-json\/wp\/v2\/categories?post=60378"},{"taxonomy":"post_tag","embeddable":true,"href":"https:\/\/www.enerjigazetesi.ist\/en\/wp-json\/wp\/v2\/tags?post=60378"}],"curies":[{"name":"wp","href":"https:\/\/api.w.org\/{rel}","templated":true}]}}