{"id":6035,"date":"2013-02-04T11:22:44","date_gmt":"2013-02-04T08:22:44","guid":{"rendered":"https:\/\/www.enerjigazetesi.ist\/?p=6035"},"modified":"2013-02-04T11:22:44","modified_gmt":"2013-02-04T08:22:44","slug":"egenin-yenilenebilir-enerji-kaynaklari-tam-degerlendirilemiyor","status":"publish","type":"post","link":"https:\/\/www.enerjigazetesi.ist\/en\/egenin-yenilenebilir-enerji-kaynaklari-tam-degerlendirilemiyor\/","title":{"rendered":"(Turkish) Ege&#8217;nin Yenilenebilir Enerji Kaynaklar\u0131 Tam De\u011ferlendirilemiyor&#8230;"},"content":{"rendered":"<p class=\"qtranxs-available-languages-message qtranxs-available-languages-message-en\">Sorry, this entry is only available in <a href=\"https:\/\/www.enerjigazetesi.ist\/tr\/wp-json\/wp\/v2\/posts\/6035\" class=\"qtranxs-available-language-link qtranxs-available-language-link-tr\" title=\"Turkish\">Turkish<\/a>. For the sake of viewer convenience, the content is shown below in the alternative language. You may click the link to switch the active language.<\/p><p><strong>AK Parti \u0130zmir Milletvekili Hamza Da\u011f, Ege B\u00f6lgesi&#8217;nin yenilenebilir enerji kaynaklar\u0131ndaki avantajlar\u0131na dikkat \u00e7ekerek, belediyelerin bu konuda yeterli ad\u0131m atmad\u0131\u011f\u0131n\u0131 savundu.<\/strong><\/p>\n<div>\n<p>Gelece\u011fin yenilenebilir enerjide \u015fekillendi\u011fini s\u00f6yleyen Da\u011f, &#8220;\u0130zmir&#8217;de giderek yay\u0131lan r\u00fczg\u00e2r enerji santralleri, jeotermal enerji kaynaklar\u0131 ve g\u00fcne\u015f enerjisi gelece\u011fimizin garantisidir. Teknik, yasal, toplumsal ve ekonomik anlamda ger\u00e7ekle\u015ftirilecek k\u00fcresel d\u00f6n\u00fc\u015f\u00fcmlerle \u00f6n\u00fcm\u00fczdeki 40 y\u0131l i\u00e7erisinde artan enerji gereksiniminin tamam\u0131n\u0131n yenilenebilir enerjiden kar\u015f\u0131lanmas\u0131 m\u00fcmk\u00fcnd\u00fcr&#8221; dedi.<br \/>\n<img loading=\"lazy\" class=\"alignright size-medium wp-image-6036\" title=\"010220131420278639274_2\" src=\"https:\/\/www.enerjigazetesi.ist\/wp-content\/uploads\/2013\/02\/010220131420278639274_2-300x205.jpg\" alt=\"\" width=\"300\" height=\"205\" srcset=\"https:\/\/www.enerjigazetesi.ist\/wp-content\/uploads\/2013\/02\/010220131420278639274_2-300x205.jpg 300w, https:\/\/www.enerjigazetesi.ist\/wp-content\/uploads\/2013\/02\/010220131420278639274_2-72x50.jpg 72w, https:\/\/www.enerjigazetesi.ist\/wp-content\/uploads\/2013\/02\/010220131420278639274_2.jpg 481w\" sizes=\"(max-width: 300px) 100vw, 300px\" \/>T\u00fcrkiye&#8217;nin g\u00fcne\u015f, r\u00fczg\u00e2r, hidrog\u00fc\u00e7, biyok\u00fctle ve jeotermal kaynaklardan elde edilen elektrik ve \u0131s\u0131, yenilenebilir kaynaklardan elde edilen biyoyak\u0131tlar ve hidrojen gibi zengin do\u011fal kaynaklara sahip oldu\u011funu vurgulayan Milletvekili Da\u011f, \u00f6zellikle Ege B\u00f6lgesi&#8217;nin bu a\u00e7\u0131dan g\u00fc\u00e7l\u00fc bir potansiyeli oldu\u011funu s\u00f6yledi. Da\u011f, &#8220;R\u00fczg\u00e2r ve jeotermal kaynaklar\u0131 g\u00f6z \u00f6n\u00fcne al\u0131nd\u0131\u011f\u0131nda \u0130zmir&#8217;in \u00f6zellikle yenilenebilir enerji sekt\u00f6r\u00fcndeki potansiyeli dikkat \u00e7ekicidir. \u00dclkemizde r\u00fczg\u00e2r santrallerinden lisanss\u0131z elektrik \u00fcretim izni 500 KW&#8217;t\u0131r. Bunun 1000 KW&#8217;a \u00e7\u0131kar\u0131lmas\u0131 konusunda gerekli giri\u015fimleri yaparak, b\u00fct\u00fcn kurum ve kurulu\u015flar\u0131n kendi elektri\u011fini \u00fcretmesini sa\u011flayaca\u011f\u0131z.<\/p>\n<p>\u0130zmir&#8217;in potansiyeli, Ege B\u00f6lgesi&#8217;nin toplam elektrik ihtiyac\u0131ndan daha b\u00fcy\u00fckt\u00fcr. Altyap\u0131s\u0131, olanaklar\u0131, \u00fcniversitelerindeki bilgi birikimi ve geli\u015fmi\u015f sanayisiyle s\u00fcrd\u00fcr\u00fclebilir kalk\u0131nma modeline ge\u00e7i\u015f i\u00e7in \u00f6nemli bir potansiyel bar\u0131nd\u0131rmaktad\u0131r. Bunu de\u011ferlendirip \u00fcr\u00fcne d\u00f6n\u00fc\u015ft\u00fcrmede, kent y\u00f6netimlerine b\u00fcy\u00fck g\u00f6revler d\u00fc\u015fmektedir ama belediyelerin bu konuda bir niyeti ve \u00e7al\u0131\u015fmas\u0131 bulunmamaktad\u0131r. A\u00e7\u0131lan yeni ihalelerin de y\u0131llar s\u00fcrece\u011fini ve ihale \u00e7\u00f6pl\u00fc\u011f\u00fcne girece\u011fini herkes bilmektedir&#8221; \u015feklinde konu\u015ftu.<\/p>\n<p>Kaynak: <a href=\"http:\/\/haber.stargazete.com\/ege\/egenin-yenilenebilir-enerji-kaynaklari-tam-degerlendirilemiyor\/haber-724251\" target=\"_blank\">Star<\/a><\/p>\n<\/div>\n<p><\/p>","protected":false},"excerpt":{"rendered":"<p>Sorry, this entry is only available in Turkish. For the sake of viewer convenience, the content is shown below in the alternative language. You may click the link to switch the active language.AK Parti \u0130zmir Milletvekili Hamza Da\u011f, Ege B\u00f6lgesi&#8217;nin yenilenebilir enerji kaynaklar\u0131ndaki avantajlar\u0131na dikkat \u00e7ekerek, belediyelerin bu konuda yeterli ad\u0131m atmad\u0131\u011f\u0131n\u0131 savundu. Gelece\u011fin yenilenebilir [&hellip;]<\/p>\n","protected":false},"author":1,"featured_media":6036,"comment_status":"open","ping_status":"open","sticky":false,"template":"","format":"standard","meta":[],"categories":[53,49,47,48,50],"tags":[2180,2182,68,67,227,35370,2181,2183,58,69,105],"views":715,"_links":{"self":[{"href":"https:\/\/www.enerjigazetesi.ist\/en\/wp-json\/wp\/v2\/posts\/6035"}],"collection":[{"href":"https:\/\/www.enerjigazetesi.ist\/en\/wp-json\/wp\/v2\/posts"}],"about":[{"href":"https:\/\/www.enerjigazetesi.ist\/en\/wp-json\/wp\/v2\/types\/post"}],"author":[{"embeddable":true,"href":"https:\/\/www.enerjigazetesi.ist\/en\/wp-json\/wp\/v2\/users\/1"}],"replies":[{"embeddable":true,"href":"https:\/\/www.enerjigazetesi.ist\/en\/wp-json\/wp\/v2\/comments?post=6035"}],"version-history":[{"count":1,"href":"https:\/\/www.enerjigazetesi.ist\/en\/wp-json\/wp\/v2\/posts\/6035\/revisions"}],"predecessor-version":[{"id":6037,"href":"https:\/\/www.enerjigazetesi.ist\/en\/wp-json\/wp\/v2\/posts\/6035\/revisions\/6037"}],"wp:featuredmedia":[{"embeddable":true,"href":"https:\/\/www.enerjigazetesi.ist\/en\/wp-json\/wp\/v2\/media\/6036"}],"wp:attachment":[{"href":"https:\/\/www.enerjigazetesi.ist\/en\/wp-json\/wp\/v2\/media?parent=6035"}],"wp:term":[{"taxonomy":"category","embeddable":true,"href":"https:\/\/www.enerjigazetesi.ist\/en\/wp-json\/wp\/v2\/categories?post=6035"},{"taxonomy":"post_tag","embeddable":true,"href":"https:\/\/www.enerjigazetesi.ist\/en\/wp-json\/wp\/v2\/tags?post=6035"}],"curies":[{"name":"wp","href":"https:\/\/api.w.org\/{rel}","templated":true}]}}