{"id":60330,"date":"2016-12-24T14:47:36","date_gmt":"2016-12-24T11:47:36","guid":{"rendered":"https:\/\/www.enerjigazetesi.ist\/?p=60330"},"modified":"2016-12-24T14:52:49","modified_gmt":"2016-12-24T11:52:49","slug":"tolga-salli-yenilenebilir-enerjinin-kalbi-izmirde-atiyor","status":"publish","type":"post","link":"https:\/\/www.enerjigazetesi.ist\/en\/tolga-salli-yenilenebilir-enerjinin-kalbi-izmirde-atiyor\/","title":{"rendered":"(Turkish) R\u00f6portaj | Tolga \u015eall\u0131:\u201c Yenilenebilir Enerjinin Kalbi \u0130zmir&#8217;de At\u0131yor&#8230; \u201d"},"content":{"rendered":"<p class=\"qtranxs-available-languages-message qtranxs-available-languages-message-en\">Sorry, this entry is only available in <a href=\"https:\/\/www.enerjigazetesi.ist\/tr\/wp-json\/wp\/v2\/posts\/60330\" class=\"qtranxs-available-language-link qtranxs-available-language-link-tr\" title=\"Turkish\">Turkish<\/a>. For the sake of viewer convenience, the content is shown below in the alternative language. You may click the link to switch the active language.<\/p><p><strong>\u0130\u015f ya\u015fam\u0131n\u0131n d\u0131\u015f\u0131nda s\u0131k\u0131 bir sivil toplum g\u00f6n\u00fcll\u00fcs\u00fcs\u00fcn\u00fcz ve \u00c7evreci Enerji Derne\u011fi&#8217;nin Ba\u015fkanl\u0131\u011f\u0131n\u0131 y\u00fcr\u00fct\u00fcyorsunuz. Sivil toplum \u00e7al\u0131\u015fmalar\u0131na ne zaman ba\u015flad\u0131n\u0131z ve sizi buna hangi fakt\u00f6rler y\u00f6nlendirdi?<\/strong><\/p>\n<p>Sivil toplum \u00e7al\u0131\u015fmalar\u0131na y\u00f6nelmem yakla\u015f\u0131k bir y\u0131l\u0131 biraz ge\u00e7ti. 2015 y\u0131l\u0131n\u0131n sonlar\u0131nda \u00c7evreci En<a href=\"https:\/\/www.enerjigazetesi.ist\/wp-content\/uploads\/2016\/11\/veriler-enerjisini-yenilenebilir-enerjiden-sagliyor.jpg\"><img loading=\"lazy\" class=\"alignright wp-image-58974 size-medium\" src=\"https:\/\/www.enerjigazetesi.ist\/wp-content\/uploads\/2016\/11\/veriler-enerjisini-yenilenebilir-enerjiden-sagliyor-300x200.jpg\" alt=\"veriler-enerjisini-yenilenebilir-enerjiden-sagliyor\" width=\"300\" height=\"200\" srcset=\"https:\/\/www.enerjigazetesi.ist\/wp-content\/uploads\/2016\/11\/veriler-enerjisini-yenilenebilir-enerjiden-sagliyor-300x200.jpg 300w, https:\/\/www.enerjigazetesi.ist\/wp-content\/uploads\/2016\/11\/veriler-enerjisini-yenilenebilir-enerjiden-sagliyor-500x333.jpg 500w, https:\/\/www.enerjigazetesi.ist\/wp-content\/uploads\/2016\/11\/veriler-enerjisini-yenilenebilir-enerjiden-sagliyor-75x50.jpg 75w, https:\/\/www.enerjigazetesi.ist\/wp-content\/uploads\/2016\/11\/veriler-enerjisini-yenilenebilir-enerjiden-sagliyor.jpg 696w\" sizes=\"(max-width: 300px) 100vw, 300px\" \/><\/a>erji Derne\u011fi ile sivil toplum faaliyetlerine ad\u0131m att\u0131m. Bu y\u00f6ne kanalize olmam\u0131n en b\u00fcy\u00fck nedeni ise d\u00fcnyam\u0131zda ya\u015fanan iklim de\u011fi\u015fikli\u011fi ve yol a\u00e7t\u0131\u011f\u0131 sonu\u00e7lard\u0131. Her ne kadar \u00fclkemizde kamuoyu, sonu\u00e7lar\u0131n \u00e7ok fark\u0131nda olmasa da ve yo\u011fun g\u00fcndem i\u00e7inde g\u00f6z\u00fcm\u00fcze \u00e7ok \u00e7arpmasa da d\u00fcnyam\u0131z\u0131n en b\u00fcy\u00fck sorunu iklim de\u011fi\u015fikli\u011fi. Bu sorun \u00f6n\u00fcm\u00fczdeki 10 &#8211; 15 y\u0131l i\u00e7inde \u00e7ok daha ciddi hissedilir duruma gelecek. Tahrip olan do\u011fa, t\u00fckenen su kaynaklar\u0131 gibi etkenler ciddi kitlesel g\u00f6\u00e7leri tetikleyecek. Bu da, hem \u00fclkemiz hem de d\u00fcnyam\u0131z a\u00e7\u0131s\u0131ndan ciddi problemler do\u011furacak. Ben de bu soruna kar\u015f\u0131 nas\u0131l m\u00fccade edebilirim ve \u00e7ocuklar\u0131m\u0131za daha g\u00fczel bir d\u00fcnya nas\u0131l b\u0131rakabilirim diye d\u00fc\u015f\u00fcn\u00fcnce kendimi m\u00fccadele i\u00e7inde buldum. Ayr\u0131ca bildi\u011finiz gibi temiz bir \u00e7evrede ya\u015famak ayn\u0131 zamanda anayasal bir hak. Di\u011fer bir taraftan ise \u00fclkemizin elinde \u00e7ok ciddi yenilenebilir enerji kaynaklar\u0131 olmas\u0131na ra\u011fmen hala geli\u015fmi\u015f \u00fclkelerin \u00e7ok gerisindeyiz. Bu yenilenebilir enerji kaynaklar\u0131n\u0131 kullanarak hem \u00e7ocuklar\u0131m\u0131za daha g\u00fczel bir d\u00fcnya b\u0131rakaca\u011f\u0131m\u0131z gibi hem de en \u00f6nemli cari a\u00e7\u0131k nedenimiz olan enerji ithalat\u0131n\u0131 b\u00fcy\u00fck \u00f6l\u00e7\u00fcde minimize edebiliriz. K\u0131saca hem enerjide milli ba\u011f\u0131ms\u0131zl\u0131\u011f\u0131m\u0131z\u0131 kazan\u0131r\u0131z hem de sa\u011fl\u0131kl\u0131 ve temiz bir do\u011fada ya\u015far\u0131z.<\/p>\n<p><strong>\u00dclkemizde yenilenebilir enerjiye \u00e7ok yo\u011fun bir talep olmas\u0131na ra\u011fmen, belli b\u00f6lgelerde bir tak\u0131m direni\u015flerle de kar\u015f\u0131la\u015f\u0131l\u0131yor? \u00d6zellikle r\u00fczgar enerjisine kar\u015f\u0131 \u0130zmir&#8217;de belli \u00e7evrelerin muhalefeti var. Bunun nedeni nedir?<\/strong><\/p>\n<p>\u00d6zelikle fuel-oil ve termikten \u00fcretilen enerji kar\u015f\u0131s\u0131nda yenilenebilir enerjiye ciddi bir talep var. Ancak do\u011fru bilinen yanl\u0131\u015flar \u00fczerinden y\u00fcr\u00fct\u00fclen bir muahalefet de s\u00f6z konusu. R\u00fczgar t\u00fcrbinlerinin tetikledi\u011fi varsay\u0131lan hastal\u0131klar oldu\u011fu iddia ediliyor; ancak bu varsay\u0131mlar d\u00fcnyadaki bilim \u00e7evreleri taraf\u0131ndan kabul g\u00f6rm\u00fcyor. Tabii bir de yenilenebilir enerjiye kar\u015f\u0131 art niyetli y\u00fcr\u00fct\u00fclen kampanyalar da mevcut. Bunun nedeni ise r\u00fczgar havzas\u0131 \u00fczerinde bulunan arazilerin y\u00fcksek rant getirisine sahip olmas\u0131 ve belli s\u0131n\u0131flar\u0131n bundan faydalanmak istemesi. Bilim \u00e7evrelerince kabul g\u00f6rmemi\u015f t\u00fcrl\u00fc bahanelerin arkas\u0131na s\u0131\u011f\u0131n\u0131larak muhalefet olu\u015fturuluyor ve ger\u00e7ek niyetler gizlenmeye \u00e7al\u0131\u015f\u0131yor. Elbette \u00c7evreci Enerji Derne\u011fi olarak biz bu tip kara propagandalarla da m\u00fccadelemizi s\u00fcrd\u00fcr\u00fcyoruz. \u00c7\u00fcnk\u00fc normal vatanda\u015fa, neden yenilenebilir enerji kaynaklar\u0131na destek verdi\u011fimizi anlatt\u0131\u011f\u0131m\u0131zda bizi anl\u0131yorlar ve yanl\u0131\u015f bildikleri do\u011frular\u0131n\u0131 de\u011fi\u015ftiriyorlar ancak art niyetli ki\u015filer yine ve yeniden \u00e7\u00fcr\u00fct\u00fclm\u00fc\u015f tezlerini ya \u0131srarla s\u00fcrd\u00fcrmeye devam ediyorlar ya da yeni bir bahane bulup muhalefete devam etmek istiyorlar.<\/p>\n<p><strong>Peki T\u00fcrkiye olarak yenilenebilir enerjiyi geli\u015ftirmek anlam\u0131nda ne yap\u0131yoruz?<\/strong><\/p>\n<p>Yenilenebilir enerjiyi geli\u015ftirmek i\u00e7in devletimizin verdi\u011fi \u00e7ok olumlu te\u015fvikler var. Tabii ki, yeterli de\u011filler ama yine de \u00f6nemli geli\u015fmeler. Mesela Yekden mekanizmas\u0131 var. A\u00e7mak gerekirse yenilenebilir enerjiyi kaynaklar\u0131 destekleme mekanizmas\u0131. Yekden kapsam\u0131nda siz \u00fcretti\u011finiz elektri\u011fi on y\u0131l boyunca devlete satabiliyorsunuz. R\u00fczgar enerjisi santrallerinde bu oran kw ba\u015f\u0131na 0.073 dolar\/cent. Al\u0131m garantisi olmas\u0131 yat\u0131r\u0131mc\u0131y\u0131 bir nebze rahatlat\u0131yor. Ortalama 20 mw&#8217;l\u0131k bir r\u00fczgar enerjisinin maliyeti 85 &#8211; 90 milyon TL. Bu ciddi bir rakam ve genelde kredi kullan\u0131l\u0131yor. Bunun geri d\u00f6n\u00fc\u015f\u00fc ise 7 &#8211; 8 y\u0131l. Bu da yat\u0131r\u0131m\u0131n 10 y\u0131l sonra kar etmesi anlam\u0131na geliyor. 10 y\u0131l sonunda ne olaca\u011f\u0131 belli de\u011fil. Belki bu konuda serbest piyasaya ge\u00e7ip devlet yerine di\u011fer \u015firketlere elektrik sat\u0131lmas\u0131n\u0131n \u00f6n\u00fcn\u00fcn a\u00e7\u0131lmas\u0131 gerekiyor. Bunun d\u0131\u015f\u0131nda destekleme anlam\u0131nda k\u00f6yl\u00fclere tar\u0131msal kalk\u0131nmay\u0131 geli\u015ftirme ve g\u00fc\u00e7lendirme te\u015fvikleri var. Kalk\u0131nma ajanslar\u0131n\u0131n sundu\u011fu f\u0131rsatlar var. Kalk\u0131nma ajanslar\u0131n\u0131n ge\u00e7en sene \u00e7ok say\u0131da yenilenebilir enerji projesine y\u00fczde 60 &#8211; 70 civar\u0131nda deste\u011fi bulundu. Enerji kooperatifleri art\u0131k kurulabiliyor. Bunun geli\u015ftirilmesi laz\u0131m. Bug\u00fcn Avrupa ve Amerika&#8217;ya bakt\u0131\u011f\u0131m\u0131zda yaln\u0131z enerji de\u011fil, tar\u0131m \u00fczerinden de m\u00fcthi\u015f bir kooperatifle\u015fme var. Bizim de bir an \u00f6nce birlikte \u00fcretip birlikte para kazanma k\u00fclt\u00fcr\u00fcn\u00fc geli\u015ftirmemiz laz\u0131m.<\/p>\n<p><strong>\u0130zmir \u00e7ok \u00f6nemli r\u00fczgar havzalar\u0131na sahip ve ciddi bir g\u00fcne\u015f enerjisi potansiyeli mevcut. \u0130zmir&#8217;in yenilenebilir enerji alan\u0131nda \u00fclkemiz a\u00e7\u0131s\u0131ndan nas\u0131l bir rol\u00fc var?<\/strong><\/p>\n<p>\u0130zmir yenilenebilir enerjideki rol almaktan \u00f6te senaryoyu yazan konumda ve bu senaryo i\u00e7indeki rolleri da\u011f\u0131t\u0131yor. Ni\u00e7in senaryo yaz\u0131yor? \u00dclkemizde bir\u00e7ok yenilenebilir enerji ba\u015fkenti olu\u015fmaya ba\u015flad\u0131. Bu da \u00e7ok g\u00fczel. Konya&#8217;ya g\u00fcne\u015f enerjisinin ba\u015fkenti diyoruz. \u0130zmir&#8217;e r\u00fczgar enerjisinin ba\u015fkenti diyoruz. Ancak \u0130zmir&#8217;de r\u00fczgar da, g\u00fcne\u015f de, jeotermal de olduk\u00e7a y\u00fcksek potansiyele sahip. Asl\u0131nda \u0130zmir T\u00fcrkiye&#8217;de yenilenebilir enerjinin kalbi. Ayr\u0131ca \u0130zmir T\u00fcrkiye&#8217;nin \u00e7a\u011fda\u015f y\u00fcz\u00fc. Kitap okuma oran\u0131, e\u011fitim seviyesi, kat\u0131l\u0131mc\u0131 demokrasiye olan inanc\u0131yla \u00e7ok farkl\u0131 bir noktada. Bu do\u011frultuda potansiyelini ve kaynaklar\u0131n\u0131 do\u011fru y\u00f6nde iyi kullanmas\u0131 gerekiyor. Burada eksikliklerimiz var. \u0130zmir&#8217;de 12 bin mw r\u00fczgar potansiyeli olmas\u0131na ra\u011fmen hala sadece bin mw elektrik \u00fcretiyoruz. Ancak insanlar\u0131m\u0131z bilin\u00e7lendik\u00e7e, enerji kooperatifleri kurulduk\u00e7a, yat\u0131r\u0131mlar artt\u0131k\u00e7a ve daha \u00e7evreci yat\u0131r\u0131mlar geldik\u00e7e potansiyelimizden de daha fazla yararlanabiliriz.<\/p>\n<p><strong>Art\u0131k d\u00fcnyada \u00fclkeler gibi kentler de kendi markalar\u0131yla \u00f6n plana \u00e7\u0131k\u0131yor. \u0130zmir&#8217;in d\u00fcnyada hat\u0131r\u0131 say\u0131l\u0131r marka kentler aras\u0131na girmesi m\u00fcmk\u00fcn m\u00fc? Bu y\u00f6nde nas\u0131l \u00e7al\u0131\u015fmalarda bulunmas\u0131 ve hangi \u00f6zelliklerini \u00f6n plana \u00e7\u0131karmas\u0131 gerekiyor?<\/strong><\/p>\n<p>\u0130zmir&#8217;in markala\u015fmas\u0131nda yenilenebilir enerji \u00e7ok \u00e7ok \u00f6nemli. Belediyemiz de bu y\u00f6nde \u00e7al\u0131\u015fmalar ger\u00e7ekle\u015ftiriyor ancak yeterli de\u011fil. Toplu ula\u015f\u0131m\u0131n daha da yayg\u0131nla\u015ft\u0131r\u0131lmas\u0131 gerekiyor, bisikletin \u00f6zendirilmesi gerekiyor. \u00c7\u00fcnk\u00fc hem co\u011frafyam\u0131z hem de iklimimiz buna imkan tan\u0131yor. \u0130klim de\u011fi\u015fikli\u011fiyle m\u00fccadeleye \u00f6nce kendimizden ba\u015flamam\u0131z gerekiyor. \u0130zmir bunu bir par\u00e7a sa\u011fl\u0131yor ama daha fazla \u00e7al\u0131\u015fmam\u0131z laz\u0131m \u00e7\u00fcnk\u00fc potansiyelimiz \u00e7ok y\u00fcksek. \u0130zmir kendisini d\u00fcnyaya \u015f\u00f6yle tan\u0131tabilir: \u00dc\u00e7 tane r\u00fczgar t\u00fcrbini kanat \u00fcreticisi ayn\u0131 \u015fehirde. Bu belki de d\u00fcnyada tek. \u0130ZKA&#8217;n\u0131n bu konuda \u00e7ok g\u00fczel bir sitesi var. Yenilenebilir enerjide marka olabiliriz ama do\u011fru ad\u0131mlar\u0131 atmam\u0131z gerekiyor.\u00a0 Genel olarak \u0130zmir&#8217;in markala\u015fmas\u0131na bakt\u0131\u011f\u0131m\u0131zda sadece turizmin, tar\u0131m\u0131n, yenilenebilir enerjinin ya da sanayinin de\u011fil, hepsini entegre edecek bir yap\u0131n\u0131n olu\u015fmas\u0131 laz\u0131m. \u00c7\u00fcnk\u00fc hepsi \u0130zmir&#8217;de var. mesela bir ile bak\u0131yorsunuz sadece turizm odakl\u0131. Bir di\u011feri tar\u0131m ya da sanayi odakl\u0131. \u0130zmir&#8217;de bunlar\u0131n hepsi var. \u00dcstelik Anadolu&#8217;ya ve Orta Asya&#8217;ya a\u00e7\u0131lan m\u00fcthi\u015f bir hinterlanda sahip. \u0130zmir ve Alia\u011fa limanlar\u0131 verimli kullan\u0131ld\u0131\u011f\u0131 takdirde \u0130zmir&#8217;den d\u00fcnyaya a\u00e7\u0131lan \u00f6nemli kap\u0131lar olabilir. Bunun i\u00e7in de vizyonu geli\u015ftirmek ve uzun vadeli d\u00fc\u015f\u00fcnmek laz\u0131m. Ama \u0130zmir bunu ba\u015faracak g\u00fc\u00e7te \u00e7\u00fcnk\u00fc elimizde muhte\u015fem bir insan kayna\u011f\u0131 var.<\/p>\n<p><strong>Son olarak gen\u00e7lere tavsiyeleriniz nelerdir?<\/strong><\/p>\n<p>Mustafa Kemal Atat\u00fcrk&#8217;\u00fcn \u00e7ok g\u00fczel bir laf\u0131 var: \u201cTek ihtiyac\u0131m\u0131z olan \u015fey \u00e7al\u0131\u015fmak\u201d Ne i\u015f yaparsak yapal\u0131m; e\u011fer sorgularsak ve sorgulad\u0131ktan sonra iyi tezler yaratabilirsek, kar\u015f\u0131 tezlere sayg\u0131l\u0131 olabilirsek iyi sentezler yaratabiliriz. Bu da kat\u0131l\u0131mc\u0131 demokrasiyle olabilir. Demokrasiye, \u00fcretmeye, ba\u011f\u0131ms\u0131zl\u0131\u011fa odakland\u0131ktan sonra birlik olarak yapamayaca\u011f\u0131m\u0131z hi\u00e7bir \u015fey yok. Bu y\u00fczden gen\u00e7lere tavsiyem; politikayla ilgilensinler, tar\u0131mla ilgilensinler, turizmle ilgilensinler. Kendilerine bir odak nokta se\u00e7sinler ve o odak noktas\u0131 i\u00e7inde de beraber hareket edecekleri insanlarla i\u015fbirli\u011fi yaps\u0131nlar. Birlik olmaktan hi\u00e7bir zarar gelmez. \u00dclkenin gelece\u011finde gen\u00e7lere \u00e7ok b\u00fcy\u00fck ihtiyac\u0131m\u0131z var.<\/p>\n<p><strong>Tolga \u015eall\u0131 kimdir?<\/strong><\/p>\n<p>1977 Antalya do\u011fumlu. \u0130lk, orta, lise e\u011fitimini Antalya&#8217;da tamamlad\u0131ktan sonra, Dumlup\u0131nar \u00dcniversitesi&#8217;nde \u0130ktisadi ve \u0130dari Bilimler Fak\u00fcltesi&#8217;nde \u0130\u015fletme B\u00f6l\u00fcm\u00fcn\u00fc bitirdi. \u0130zmir&#8217;e yerle\u015fti ve \u0130zmir maceras\u0131 b\u00f6ylece ba\u015flad\u0131. Ard\u0131ndan Menkul K\u0131ymetler ve Sermaye Piyasas\u0131 \u00fczerine e\u011fitim ald\u0131. \u015eimdi de bir hukuk g\u00f6n\u00fcll\u00fcs\u00fc olarak Adalet okuyor. \u0130lerleyen s\u00fcre\u00e7te de bir hukuk fak\u00fcltesine ge\u00e7ip hukuk bilimini daha iyi \u00f6\u011frenmeye \u00e7al\u0131\u015fmay\u0131 hedefliyor. \u201cHukuk, herkesin bilmesi gereken bir bilim dal\u0131. Sosyal bilimlerin en y\u00fcksek seviyesinde duruyor. Bundan dolay\u0131 akademik hayat\u0131ma hukuku da ekleyebilirim\u201d diyor. Bunun d\u0131\u015f\u0131nda iyi bir Fenerbah\u00e7eli. Deniz ad\u0131nda bir o\u011flu var. E\u015fi i\u00e7in,\u00a0 \u201cOnun deste\u011fi sayesinde \u00e7ok \u00e7al\u0131\u015fabiliyorum\u201d ifadesini kullan\u0131yor.<\/p>\n<p>Haz\u0131rlayan: Arda K\u00fc\u00e7\u00fckerciyes<\/p>","protected":false},"excerpt":{"rendered":"<p>Sorry, this entry is only available in Turkish. For the sake of viewer convenience, the content is shown below in the alternative language. You may click the link to switch the active language.\u0130\u015f ya\u015fam\u0131n\u0131n d\u0131\u015f\u0131nda s\u0131k\u0131 bir sivil toplum g\u00f6n\u00fcll\u00fcs\u00fcs\u00fcn\u00fcz ve \u00c7evreci Enerji Derne\u011fi&#8217;nin Ba\u015fkanl\u0131\u011f\u0131n\u0131 y\u00fcr\u00fct\u00fcyorsunuz. Sivil toplum \u00e7al\u0131\u015fmalar\u0131na ne zaman ba\u015flad\u0131n\u0131z ve sizi buna [&hellip;]<\/p>\n","protected":false},"author":1,"featured_media":58974,"comment_status":"open","ping_status":"open","sticky":false,"template":"","format":"standard","meta":[],"categories":[53,49,50],"tags":[29150,63,67,1009,2698,165,2326,227,13,474,69,16,31254,105],"views":1499,"_links":{"self":[{"href":"https:\/\/www.enerjigazetesi.ist\/en\/wp-json\/wp\/v2\/posts\/60330"}],"collection":[{"href":"https:\/\/www.enerjigazetesi.ist\/en\/wp-json\/wp\/v2\/posts"}],"about":[{"href":"https:\/\/www.enerjigazetesi.ist\/en\/wp-json\/wp\/v2\/types\/post"}],"author":[{"embeddable":true,"href":"https:\/\/www.enerjigazetesi.ist\/en\/wp-json\/wp\/v2\/users\/1"}],"replies":[{"embeddable":true,"href":"https:\/\/www.enerjigazetesi.ist\/en\/wp-json\/wp\/v2\/comments?post=60330"}],"version-history":[{"count":6,"href":"https:\/\/www.enerjigazetesi.ist\/en\/wp-json\/wp\/v2\/posts\/60330\/revisions"}],"predecessor-version":[{"id":60336,"href":"https:\/\/www.enerjigazetesi.ist\/en\/wp-json\/wp\/v2\/posts\/60330\/revisions\/60336"}],"wp:featuredmedia":[{"embeddable":true,"href":"https:\/\/www.enerjigazetesi.ist\/en\/wp-json\/wp\/v2\/media\/58974"}],"wp:attachment":[{"href":"https:\/\/www.enerjigazetesi.ist\/en\/wp-json\/wp\/v2\/media?parent=60330"}],"wp:term":[{"taxonomy":"category","embeddable":true,"href":"https:\/\/www.enerjigazetesi.ist\/en\/wp-json\/wp\/v2\/categories?post=60330"},{"taxonomy":"post_tag","embeddable":true,"href":"https:\/\/www.enerjigazetesi.ist\/en\/wp-json\/wp\/v2\/tags?post=60330"}],"curies":[{"name":"wp","href":"https:\/\/api.w.org\/{rel}","templated":true}]}}