{"id":60302,"date":"2016-12-23T13:30:57","date_gmt":"2016-12-23T10:30:57","guid":{"rendered":"https:\/\/www.enerjigazetesi.ist\/?p=60302"},"modified":"2016-12-23T13:35:03","modified_gmt":"2016-12-23T10:35:03","slug":"dunyanin-ilk-elektrik-uretimi-yapan-yolu-fransada-hizmete-girdi","status":"publish","type":"post","link":"https:\/\/www.enerjigazetesi.ist\/en\/dunyanin-ilk-elektrik-uretimi-yapan-yolu-fransada-hizmete-girdi\/","title":{"rendered":"(Turkish) D\u00fcnyan\u0131n \u0130lk Elektrik \u00dcretimi Yapan Yolu Fransa\u2019da Hizmete Girdi"},"content":{"rendered":"<p class=\"qtranxs-available-languages-message qtranxs-available-languages-message-en\">Sorry, this entry is only available in <a href=\"https:\/\/www.enerjigazetesi.ist\/tr\/wp-json\/wp\/v2\/posts\/60302\" class=\"qtranxs-available-language-link qtranxs-available-language-link-tr\" title=\"Turkish\">Turkish<\/a>. For the sake of viewer convenience, the content is shown below in the alternative language. You may click the link to switch the active language.<\/p><p><\/p>\n<p class=\"selectionShareable\" style=\"color: #0a0a0a;\"><strong>Fransa\u2019n\u0131n Normandiya b\u00f6lges<img loading=\"lazy\" class=\"alignleft size-medium wp-image-60303\" src=\"https:\/\/www.enerjigazetesi.ist\/wp-content\/uploads\/2016\/12\/elektrik-\u00fcreten-yol-g\u00fcne\u015f-enerjisi-323-696x376-300x162.jpg\" alt=\"elektrik-\u00fcreten-yol-g\u00fcne\u015f-enerjisi-323-696x376\" width=\"300\" height=\"162\" srcset=\"https:\/\/www.enerjigazetesi.ist\/wp-content\/uploads\/2016\/12\/elektrik-\u00fcreten-yol-g\u00fcne\u015f-enerjisi-323-696x376-300x162.jpg 300w, https:\/\/www.enerjigazetesi.ist\/wp-content\/uploads\/2016\/12\/elektrik-\u00fcreten-yol-g\u00fcne\u015f-enerjisi-323-696x376-500x270.jpg 500w, https:\/\/www.enerjigazetesi.ist\/wp-content\/uploads\/2016\/12\/elektrik-\u00fcreten-yol-g\u00fcne\u015f-enerjisi-323-696x376-80x43.jpg 80w, https:\/\/www.enerjigazetesi.ist\/wp-content\/uploads\/2016\/12\/elektrik-\u00fcreten-yol-g\u00fcne\u015f-enerjisi-323-696x376.jpg 696w\" sizes=\"(max-width: 300px) 100vw, 300px\" \/>inde \u2018elektrik \u00fcreten yolun\u2019 ilk kilometresi hizmete girdi.\u00a0<span id=\"more-86325\"><\/span>Deneme ama\u00e7l\u0131 yap\u0131lan, fotovoltaik kapt\u00f6rl\u00fc bloklardan \u00fcretilen ve d\u00fcnyada bir ilki olu\u015fturan 1 kilometrelik yol, Fransa \u00c7evre ve Tabi Kaynaklar Bakan\u0131 Segolene Royal taraf\u0131ndan hizmete\u00a0girdi.<\/strong><\/p>\n<p class=\"selectionShareable\" style=\"color: #0a0a0a;\">Bu t\u00fcr \u2018\u00e7evre dostu\u2019 yollar\u0131n Fransa genelinde \u00e7o\u011falt\u0131lmas\u0131n\u0131 arzulad\u0131\u011f\u0131n\u0131 s\u00f6yleyen Frans\u0131z bakan d\u00fcnyada bir ilk olan bu bir kilometrelik yolun \u2018\u00e7ok umut verici\u2019 oldu\u011fu belirtildi. G\u00fcne\u015f enerjisiyle elektrik \u00fcreten yolun ilk kilometresinin 5 milyon euroya m\u00e2l oldu\u011fu\u00a0ifade edildi.<\/p>\n<p class=\"selectionShareable\" style=\"color: #0a0a0a;\">Kaynak: <a href=\"http:\/\/enerjienstitusu.com\/2016\/12\/23\/dunyanin-ilk-elektrik-ureten-yolu-fransada-hizmete-girdi\/\" target=\"_blank\" rel=\"nofollow\">Enerji Enstit\u00fcs\u00fc<\/a><\/p>\n<p><\/p>","protected":false},"excerpt":{"rendered":"<p>Sorry, this entry is only available in Turkish. For the sake of viewer convenience, the content is shown below in the alternative language. You may click the link to switch the active language. Fransa\u2019n\u0131n Normandiya b\u00f6lgesinde \u2018elektrik \u00fcreten yolun\u2019 ilk kilometresi hizmete girdi.\u00a0Deneme ama\u00e7l\u0131 yap\u0131lan, fotovoltaik kapt\u00f6rl\u00fc bloklardan \u00fcretilen ve d\u00fcnyada bir ilki olu\u015fturan 1 [&hellip;]<\/p>\n","protected":false},"author":1,"featured_media":60303,"comment_status":"open","ping_status":"open","sticky":false,"template":"","format":"standard","meta":[],"categories":[51,53],"tags":[32570,63,67,1009,2698,165,32571,1346,227,13,23133,4269,32572],"views":790,"_links":{"self":[{"href":"https:\/\/www.enerjigazetesi.ist\/en\/wp-json\/wp\/v2\/posts\/60302"}],"collection":[{"href":"https:\/\/www.enerjigazetesi.ist\/en\/wp-json\/wp\/v2\/posts"}],"about":[{"href":"https:\/\/www.enerjigazetesi.ist\/en\/wp-json\/wp\/v2\/types\/post"}],"author":[{"embeddable":true,"href":"https:\/\/www.enerjigazetesi.ist\/en\/wp-json\/wp\/v2\/users\/1"}],"replies":[{"embeddable":true,"href":"https:\/\/www.enerjigazetesi.ist\/en\/wp-json\/wp\/v2\/comments?post=60302"}],"version-history":[{"count":2,"href":"https:\/\/www.enerjigazetesi.ist\/en\/wp-json\/wp\/v2\/posts\/60302\/revisions"}],"predecessor-version":[{"id":60305,"href":"https:\/\/www.enerjigazetesi.ist\/en\/wp-json\/wp\/v2\/posts\/60302\/revisions\/60305"}],"wp:featuredmedia":[{"embeddable":true,"href":"https:\/\/www.enerjigazetesi.ist\/en\/wp-json\/wp\/v2\/media\/60303"}],"wp:attachment":[{"href":"https:\/\/www.enerjigazetesi.ist\/en\/wp-json\/wp\/v2\/media?parent=60302"}],"wp:term":[{"taxonomy":"category","embeddable":true,"href":"https:\/\/www.enerjigazetesi.ist\/en\/wp-json\/wp\/v2\/categories?post=60302"},{"taxonomy":"post_tag","embeddable":true,"href":"https:\/\/www.enerjigazetesi.ist\/en\/wp-json\/wp\/v2\/tags?post=60302"}],"curies":[{"name":"wp","href":"https:\/\/api.w.org\/{rel}","templated":true}]}}