{"id":60247,"date":"2016-12-21T11:04:43","date_gmt":"2016-12-21T08:04:43","guid":{"rendered":"https:\/\/www.enerjigazetesi.ist\/?p=60247"},"modified":"2016-12-21T11:07:23","modified_gmt":"2016-12-21T08:07:23","slug":"guler-sabanci-en-buyuk-buyume-yenilenebilir-enerjide-olacaktir","status":"publish","type":"post","link":"https:\/\/www.enerjigazetesi.ist\/en\/guler-sabanci-en-buyuk-buyume-yenilenebilir-enerjide-olacaktir\/","title":{"rendered":"(Turkish) G\u00fcler Sabanc\u0131: \u201cEn B\u00fcy\u00fck B\u00fcy\u00fcme Yenilenebilir Enerjide Olacakt\u0131r\u201d"},"content":{"rendered":"<p class=\"qtranxs-available-languages-message qtranxs-available-languages-message-en\">Sorry, this entry is only available in <a href=\"https:\/\/www.enerjigazetesi.ist\/tr\/wp-json\/wp\/v2\/posts\/60247\" class=\"qtranxs-available-language-link qtranxs-available-language-link-tr\" title=\"Turkish\">Turkish<\/a>. For the sake of viewer convenience, the content is shown below in the alternative language. You may click the link to switch the active language.<\/p><p><strong><span style=\"color: #0a0a0a;\">Sabanc\u0131 Holding Y\u00f6netim Kurulu Ba\u015fkan\u0131 G\u00fcler Sabanc\u0131, World Enerji Outlook 2016 tan\u0131t\u0131m toplant\u0131s\u0131nda konu\u015fma ger\u00e7ekle\u015ftirdi. Sabanc\u0131, 2040 y\u0131l\u0131na kadar d\u00fcnyada, enerji talebinin y\u00fczde 30 art\u0131\u015f g\u00f6stermesinin beklendi\u011fini\u00a0belirtti.<\/span><\/strong><\/p>\n<p>\u2018World Enerji Outlook 2016\u2019 T\u00fcrkiye tan\u0131t\u0131m toplant\u0131s\u0131 Sabanc\u0131 Holding Y\u00f6netim Kurulu Ba\u015fkan\u0131 G\u00fcler Sabanc\u0131\u2019n\u0131n kat\u0131l\u0131m\u0131yla ger\u00e7ekle\u015ftirildi. Enerji kaynakl<a href=\"https:\/\/www.enerjigazetesi.ist\/wp-content\/uploads\/2015\/10\/yilin-surdurulebilir-is-lideri-odulu-guler-sabanciya-verildi.jpg\"><img loading=\"lazy\" class=\"alignleft size-medium wp-image-45366\" src=\"https:\/\/www.enerjigazetesi.ist\/wp-content\/uploads\/2015\/10\/yilin-surdurulebilir-is-lideri-odulu-guler-sabanciya-verildi-300x168.jpg\" alt=\"guler-sabanci\" width=\"300\" height=\"168\" srcset=\"https:\/\/www.enerjigazetesi.ist\/wp-content\/uploads\/2015\/10\/yilin-surdurulebilir-is-lideri-odulu-guler-sabanciya-verildi-300x168.jpg 300w, https:\/\/www.enerjigazetesi.ist\/wp-content\/uploads\/2015\/10\/yilin-surdurulebilir-is-lideri-odulu-guler-sabanciya-verildi-500x280.jpg 500w, https:\/\/www.enerjigazetesi.ist\/wp-content\/uploads\/2015\/10\/yilin-surdurulebilir-is-lideri-odulu-guler-sabanciya-verildi-80x44.jpg 80w, https:\/\/www.enerjigazetesi.ist\/wp-content\/uploads\/2015\/10\/yilin-surdurulebilir-is-lideri-odulu-guler-sabanciya-verildi.jpg 660w\" sizes=\"(max-width: 300px) 100vw, 300px\" \/><\/a>ar\u0131na bak\u0131ld\u0131\u011f\u0131nda en y\u00fcksek \u00f6l\u00e7ekli b\u00fcy\u00fcmenin yenilenebilir enerjide olaca\u011f\u0131n\u0131 s\u00f6yleyen Sabanc\u0131,\u201dBug\u00fcn\u00fcn d\u00fcnyas\u0131nda \u00e7ok \u00e7arp\u0131c\u0131 k\u00fcresel trendlere tan\u0131kl\u0131k ediyoruz. H\u0131zl\u0131 bir kentle\u015fme, dijitalle\u015fme ve elektrikasyon enerjinin ya\u015famsal \u00f6nemini daha da art\u0131rmaktad\u0131r. Enerji kaynaklar\u0131na bakt\u0131\u011f\u0131m\u0131zda da en y\u00fcksek \u00f6l\u00e7ekli b\u00fcy\u00fcmenin yenilenebilir enerjiden gelece\u011fi g\u00f6z\u00fckmektedir. Yenilenebilir enerjin elektrik \u00fcretimindeki pay\u0131n\u0131n y\u00fczde 23\u2019den y\u00fczde 37\u2019ye \u00e7\u0131kmas\u0131 bekleniyor. 2040 y\u0131l\u0131na kadar mevcut fiyatlarla toplam 44 trilyon dolarl\u0131k enerji yat\u0131r\u0131m\u0131 olaca\u011f\u0131 hesaplanmaktad\u0131r. Buna ilave olarak enerji verimlili\u011finde iyile\u015ftirme i\u00e7in 23 trilyon dolarl\u0131k yat\u0131r\u0131m yap\u0131laca\u011f\u0131 da tahmin edilmektedir. Yani zorlu bir enerji gelece\u011fi f\u0131rsatlar\u0131yla birlikte bizi beklemektedir\u201d a\u00e7\u0131klamalar\u0131na yer verdi.<\/p>\n<p><strong style=\"color: #0a0a0a;\">\u201cSon on y\u0131lda enerji talebimiz y\u0131ll\u0131k y\u00fczde 4 b\u00fcy\u00fcd\u00fc\u201d<\/strong><\/p>\n<p>Enerji \u00fclkemiz i\u00e7in \u00e7ok \u00f6nemli bir sekt\u00f6r son on y\u0131lda birincil enerji talebimiz d\u00fcnya ortalamas\u0131n\u0131n \u00e7ok \u00fczerinde y\u0131ll\u0131k ortalama y\u00fczde 4\u2019\u00fcn \u00fczerinde b\u00fcy\u00fcme sa\u011flam\u0131\u015ft\u0131r. \u00c7arp\u0131c\u0131 b\u00fcy\u00fcmeye kar\u015f\u0131 ki\u015fi ba\u015f\u0131na enerji t\u00fcketimimiz hala OECD ortalamas\u0131n\u0131n y\u00fczde 40\u2019\u0131 d\u00fczeyinde ger\u00e7ekle\u015fmektedir. Bu oran enerji talebimizdeki \u00f6nemli b\u00fcy\u00fcme potansiyelimize i\u015faret etmektedir\u201d dedi.<\/p>\n<p><strong style=\"color: #0a0a0a;\">\u201cT\u00fcrkiye, on y\u0131lda elektrik sekt\u00f6r\u00fcne 75 milyar dolar yat\u0131r\u0131m yapt\u0131\u201d<\/strong><br \/>\nSon yol y\u0131lda T\u00fcrkiye elektrik sekt\u00f6r\u00fcnde 75 milyar dolar yat\u0131r\u0131m yapm\u0131\u015ft\u0131r. Bu yat\u0131r\u0131mlar\u0131n \u00e7ok b\u00fcy\u00fck k\u0131sm\u0131 \u00f6zel sekt\u00f6r taraf\u0131ndan T\u00fcrkiye enerji sekt\u00f6r\u00fcn\u00fcn b\u00fcy\u00fcmesine ve rekabet\u00e7i serbest bir piyasan\u0131n geli\u015fmesine duyulan g\u00fcven ile ger\u00e7ekle\u015fmi\u015ftir. T\u00fcrkiye\u2019de elektrik ve do\u011falgaz sekt\u00f6rleri toplamda 100 milyar TL\u2019ye ula\u015fan pazar b\u00fcy\u00fckl\u00fc\u011f\u00fcyle pek \u00e7ok kritik sekt\u00f6rden daha \u00f6nde bir konuma gelmi\u015ftir\u201d\u00a0ifadelerine yer verildi.<\/p>","protected":false},"excerpt":{"rendered":"<p>Sorry, this entry is only available in Turkish. For the sake of viewer convenience, the content is shown below in the alternative language. You may click the link to switch the active language.Sabanc\u0131 Holding Y\u00f6netim Kurulu Ba\u015fkan\u0131 G\u00fcler Sabanc\u0131, World Enerji Outlook 2016 tan\u0131t\u0131m toplant\u0131s\u0131nda konu\u015fma ger\u00e7ekle\u015ftirdi. Sabanc\u0131, 2040 y\u0131l\u0131na kadar d\u00fcnyada, enerji talebinin y\u00fczde [&hellip;]<\/p>\n","protected":false},"author":1,"featured_media":45366,"comment_status":"open","ping_status":"open","sticky":false,"template":"","format":"standard","meta":[],"categories":[22893,51,53,49,47,48,50],"tags":[63,112,67,1009,2698,165,1010,1049,27427,1048,32550,32551,105],"views":975,"_links":{"self":[{"href":"https:\/\/www.enerjigazetesi.ist\/en\/wp-json\/wp\/v2\/posts\/60247"}],"collection":[{"href":"https:\/\/www.enerjigazetesi.ist\/en\/wp-json\/wp\/v2\/posts"}],"about":[{"href":"https:\/\/www.enerjigazetesi.ist\/en\/wp-json\/wp\/v2\/types\/post"}],"author":[{"embeddable":true,"href":"https:\/\/www.enerjigazetesi.ist\/en\/wp-json\/wp\/v2\/users\/1"}],"replies":[{"embeddable":true,"href":"https:\/\/www.enerjigazetesi.ist\/en\/wp-json\/wp\/v2\/comments?post=60247"}],"version-history":[{"count":2,"href":"https:\/\/www.enerjigazetesi.ist\/en\/wp-json\/wp\/v2\/posts\/60247\/revisions"}],"predecessor-version":[{"id":60249,"href":"https:\/\/www.enerjigazetesi.ist\/en\/wp-json\/wp\/v2\/posts\/60247\/revisions\/60249"}],"wp:featuredmedia":[{"embeddable":true,"href":"https:\/\/www.enerjigazetesi.ist\/en\/wp-json\/wp\/v2\/media\/45366"}],"wp:attachment":[{"href":"https:\/\/www.enerjigazetesi.ist\/en\/wp-json\/wp\/v2\/media?parent=60247"}],"wp:term":[{"taxonomy":"category","embeddable":true,"href":"https:\/\/www.enerjigazetesi.ist\/en\/wp-json\/wp\/v2\/categories?post=60247"},{"taxonomy":"post_tag","embeddable":true,"href":"https:\/\/www.enerjigazetesi.ist\/en\/wp-json\/wp\/v2\/tags?post=60247"}],"curies":[{"name":"wp","href":"https:\/\/api.w.org\/{rel}","templated":true}]}}