{"id":60202,"date":"2016-12-19T13:14:26","date_gmt":"2016-12-19T10:14:26","guid":{"rendered":"https:\/\/www.enerjigazetesi.ist\/?p=60202"},"modified":"2016-12-19T13:15:11","modified_gmt":"2016-12-19T10:15:11","slug":"turkiye-kibrista-cozum-olmadan-israilden-gaz-alimi-yapmayacak","status":"publish","type":"post","link":"https:\/\/www.enerjigazetesi.ist\/en\/turkiye-kibrista-cozum-olmadan-israilden-gaz-alimi-yapmayacak\/","title":{"rendered":"(Turkish) \u201cT\u00fcrkiye K\u0131br\u0131s\u2019ta \u00c7\u00f6z\u00fcm Olmadan \u0130srail\u2019den Gaz Al\u0131m\u0131 Yapmayacak\u201d"},"content":{"rendered":"<p class=\"qtranxs-available-languages-message qtranxs-available-languages-message-en\">Sorry, this entry is only available in <a href=\"https:\/\/www.enerjigazetesi.ist\/tr\/wp-json\/wp\/v2\/posts\/60202\" class=\"qtranxs-available-language-link qtranxs-available-language-link-tr\" title=\"Turkish\">Turkish<\/a>. For the sake of viewer convenience, the content is shown below in the alternative language. You may click the link to switch the active language.<\/p><p><\/p>\n<p class=\"selectionShareable\" style=\"color: #0a0a0a;\"><strong>ABD D\u0131\u015fi\u015fleri Bakanl\u0131\u011f\u0131n\u0131n Uluslararas\u0131 Enerji Konular\u0131ndan Sorumlu Koordinat\u00f6r\u00fc ve \u00d6zel Temsilcisi Amos Hochstein taraf\u0131ndan<a href=\"https:\/\/www.enerjigazetesi.ist\/wp-content\/uploads\/2016\/01\/israil-dogalgazi-turkiye-uzerinden-ihrac-etmek-cok-daha-ucuz.jpg\"><img loading=\"lazy\" class=\"alignleft size-medium wp-image-49730\" src=\"https:\/\/www.enerjigazetesi.ist\/wp-content\/uploads\/2016\/01\/israil-dogalgazi-turkiye-uzerinden-ihrac-etmek-cok-daha-ucuz-300x165.jpg\" alt=\"israil-dogalgazi-turkiye-uzerinden-ihrac-etmek-cok-daha-ucuz\" width=\"300\" height=\"165\" srcset=\"https:\/\/www.enerjigazetesi.ist\/wp-content\/uploads\/2016\/01\/israil-dogalgazi-turkiye-uzerinden-ihrac-etmek-cok-daha-ucuz-300x165.jpg 300w, https:\/\/www.enerjigazetesi.ist\/wp-content\/uploads\/2016\/01\/israil-dogalgazi-turkiye-uzerinden-ihrac-etmek-cok-daha-ucuz-500x276.jpg 500w, https:\/\/www.enerjigazetesi.ist\/wp-content\/uploads\/2016\/01\/israil-dogalgazi-turkiye-uzerinden-ihrac-etmek-cok-daha-ucuz-80x44.jpg 80w, https:\/\/www.enerjigazetesi.ist\/wp-content\/uploads\/2016\/01\/israil-dogalgazi-turkiye-uzerinden-ihrac-etmek-cok-daha-ucuz.jpg 696w\" sizes=\"(max-width: 300px) 100vw, 300px\" \/><\/a> \u201cPratik anlamda konu\u015fmak gerekirse, T\u00fcrkiye\u2019nin K\u0131br\u0131s sorununda bir \u00e7\u00f6z\u00fcm olmadan, \u0130srail\u2019den do\u011falgaz al\u0131m\u0131 yapmayaca\u011f\u0131\u201d\u00a0ifade edildi.<\/strong><span id=\"more-86054\"><\/span><\/p>\n<p class=\"selectionShareable\" style=\"color: #0a0a0a;\">Hochstein, \u201cK\u0131br\u0131s \u00fczerinden (ge\u00e7ecek) bir \u0130srail-T\u00fcrkiye boru hatt\u0131na ili\u015fkin planlama olup olmad\u0131\u011f\u0131\u201d sorusuna kar\u015f\u0131l\u0131k ise, \u201cb\u00f6yle bir boru hatt\u0131n\u0131n \u00f6nemli bir planlamadan ibaret olaca\u011f\u0131na inand\u0131\u011f\u0131n\u0131, ancak muhtemelen bunun \u00f6ncesinde siyasi bir \u00e7\u00f6z\u00fcm olmas\u0131 gerekti\u011fini d\u00fc\u015f\u00fcnd\u00fc\u011f\u00fcn\u00fc\u201d\u00a0belirtti.<\/p>\n<p class=\"selectionShareable\" style=\"color: #0a0a0a;\">Gazetesilere a\u00e7\u0131klamalarda bulunan\u00a0Hochstein, \u201cAnkara\u2019da, pratik anlamda, \u0130srail\u2019den T\u00fcrkiye\u2019ye denizde bir boru hatt\u0131 yerle\u015ftirmek i\u00e7in, K\u0131br\u0131s\u2019\u0131n da r\u0131zas\u0131n\u0131n olmas\u0131 gerekti\u011finin anla\u015f\u0131ld\u0131\u011f\u0131n\u0131\u201d\u00a0belirtti.<\/p>\n<p class=\"selectionShareable\" style=\"color: #0a0a0a;\">Kaynak: <a href=\"http:\/\/enerjienstitusu.com\/2016\/12\/19\/turkiye-kibrista-cozum-olmadan-israilden-dogal-gaz-almayacak\/\" target=\"_blank\" rel=\"nofollow\">Enerji Enstit\u00fcs\u00fc<\/a><\/p>\n<p><\/p>","protected":false},"excerpt":{"rendered":"<p>Sorry, this entry is only available in Turkish. For the sake of viewer convenience, the content is shown below in the alternative language. You may click the link to switch the active language. ABD D\u0131\u015fi\u015fleri Bakanl\u0131\u011f\u0131n\u0131n Uluslararas\u0131 Enerji Konular\u0131ndan Sorumlu Koordinat\u00f6r\u00fc ve \u00d6zel Temsilcisi Amos Hochstein taraf\u0131ndan \u201cPratik anlamda konu\u015fmak gerekirse, T\u00fcrkiye\u2019nin K\u0131br\u0131s sorununda bir [&hellip;]<\/p>\n","protected":false},"author":1,"featured_media":49730,"comment_status":"open","ping_status":"open","sticky":false,"template":"","format":"standard","meta":[],"categories":[46,53],"tags":[20909,92,226,19761,2092,2677,63,67,1009,2698,165,254,9236,27594,32537,3754,32538,846],"views":556,"_links":{"self":[{"href":"https:\/\/www.enerjigazetesi.ist\/en\/wp-json\/wp\/v2\/posts\/60202"}],"collection":[{"href":"https:\/\/www.enerjigazetesi.ist\/en\/wp-json\/wp\/v2\/posts"}],"about":[{"href":"https:\/\/www.enerjigazetesi.ist\/en\/wp-json\/wp\/v2\/types\/post"}],"author":[{"embeddable":true,"href":"https:\/\/www.enerjigazetesi.ist\/en\/wp-json\/wp\/v2\/users\/1"}],"replies":[{"embeddable":true,"href":"https:\/\/www.enerjigazetesi.ist\/en\/wp-json\/wp\/v2\/comments?post=60202"}],"version-history":[{"count":2,"href":"https:\/\/www.enerjigazetesi.ist\/en\/wp-json\/wp\/v2\/posts\/60202\/revisions"}],"predecessor-version":[{"id":60204,"href":"https:\/\/www.enerjigazetesi.ist\/en\/wp-json\/wp\/v2\/posts\/60202\/revisions\/60204"}],"wp:featuredmedia":[{"embeddable":true,"href":"https:\/\/www.enerjigazetesi.ist\/en\/wp-json\/wp\/v2\/media\/49730"}],"wp:attachment":[{"href":"https:\/\/www.enerjigazetesi.ist\/en\/wp-json\/wp\/v2\/media?parent=60202"}],"wp:term":[{"taxonomy":"category","embeddable":true,"href":"https:\/\/www.enerjigazetesi.ist\/en\/wp-json\/wp\/v2\/categories?post=60202"},{"taxonomy":"post_tag","embeddable":true,"href":"https:\/\/www.enerjigazetesi.ist\/en\/wp-json\/wp\/v2\/tags?post=60202"}],"curies":[{"name":"wp","href":"https:\/\/api.w.org\/{rel}","templated":true}]}}