{"id":60098,"date":"2016-12-16T11:31:18","date_gmt":"2016-12-16T08:31:18","guid":{"rendered":"https:\/\/www.enerjigazetesi.ist\/?p=60098"},"modified":"2016-12-16T11:45:50","modified_gmt":"2016-12-16T08:45:50","slug":"albayrak-yer-alti-zenginligimizin-yuzde-30unu-kesfettik","status":"publish","type":"post","link":"https:\/\/www.enerjigazetesi.ist\/en\/albayrak-yer-alti-zenginligimizin-yuzde-30unu-kesfettik\/","title":{"rendered":"(Turkish) Albayrak: \u201cYer Alt\u0131 Zenginli\u011fimizin Y\u00fczde 30\u2019unu Ke\u015ffettik\u201d"},"content":{"rendered":"<p class=\"qtranxs-available-languages-message qtranxs-available-languages-message-en\">Sorry, this entry is only available in <a href=\"https:\/\/www.enerjigazetesi.ist\/tr\/wp-json\/wp\/v2\/posts\/60098\" class=\"qtranxs-available-language-link qtranxs-available-language-link-tr\" title=\"Turkish\">Turkish<\/a>. For the sake of viewer convenience, the content is shown below in the alternative language. You may click the link to switch the active language.<\/p><p><strong><span style=\"color: #0a0a0a;\">Enerji ve Tabii Kaynaklar Bakan\u0131 Albayrak taraf\u0131ndan \u201cYer alt\u0131 zenginliklerimizin hen\u00fcz y\u00fczde 30\u2019unu ke\u015ffetme noktas\u0131nday\u0131z. Bunun i\u00e7in ciddi bir \u015fekilde seferberlik ba\u015flatt\u0131k\u201d\u00a0denildi.<\/span><\/strong><\/p>\n<p>T\u00fcrkiye\u2019nin yerli ve yenilenebilir enerji kaynaklar\u0131n\u0131n de\u011ferlendirilmesi i\u00e7in \u00f6nemli bir \u00e7al\u0131\u015fma ba\u015flatt\u0131klar\u0131n\u0131\u00a0belirten Albayrak,\u00a0T\u00fcrkiye\u2019nin son 10<img loading=\"lazy\" class=\"alignleft  wp-image-58589\" src=\"https:\/\/www.enerjigazetesi.ist\/wp-content\/uploads\/2016\/10\/albayrak-2017de-yapilacak-enerji-projelerini-acikladi-300x146.jpg\" alt=\"albayrak-2017de-yapilacak-enerji-projelerini-acikladi\" width=\"300\" height=\"182\" \/> y\u0131lda enerji ithalat\u0131na y\u0131ll\u0131k ortalama 40 milyar dolar ayr\u0131ld\u0131\u011f\u0131n\u0131 ve maden ithalat\u0131n\u0131n bu miktar\u0131n<br \/>\ni\u00e7inde olmad\u0131\u011f\u0131n\u0131\u00a0ifade etti.<\/p>\n<p>Albayrak, 2023 hedefleri do\u011frultusunda \u00f6nemli ad\u0131mlar att\u0131k. Ulusal Madenlerde Rezerv ve Kaynak Raporlama Sistemi (UMREK) i\u00e7in bir ad\u0131m att\u0131k. \u0130nsan kayna\u011f\u0131 noktas\u0131nda k\u00fcresel rekabet edebilecek yeti\u015fkinlik i\u00e7in i\u015f birli\u011fine ihtiyac\u0131m\u0131z bulunmaktad\u0131r. Bu i\u015f birli\u011fini sa\u011flama noktas\u0131nda yetkin ve yeterli insan kayna\u011f\u0131n\u0131 yeti\u015ftirmek i\u00e7in \u00f6nemli bir s\u00fcrece do\u011fru ilerlemekteyiz. Yerli ve yenilenebilir kaynaklar\u0131n de\u011ferlendirilmesi noktas\u0131nda, art\u0131k vagon de\u011fil lokomotif olma stratejisinin bir par\u00e7as\u0131 olarak, \u2018Gelin Ar-Ge\u2019yi, teknolojiyi burada kurun, \u00fcretin\u2019 ifadelerini kulland\u0131.<\/p>\n<p>Haberin <a href=\"http:\/\/enerjienstitusu.com\/2016\/12\/15\/bakan-albayrak-yer-alti-zenginliklerimizin-yuzde-30unu-kesfettik\/\" target=\"_blank\" rel=\"nofollow\">Devam\u0131 \u0130\u00e7in TIKLAYINIZ&gt;&gt;&gt;<\/a><\/p>\n<p>Kaynak: Enerji Enstit\u00fcs\u00fc<\/p>","protected":false},"excerpt":{"rendered":"<p>Sorry, this entry is only available in Turkish. For the sake of viewer convenience, the content is shown below in the alternative language. You may click the link to switch the active language.Enerji ve Tabii Kaynaklar Bakan\u0131 Albayrak taraf\u0131ndan \u201cYer alt\u0131 zenginliklerimizin hen\u00fcz y\u00fczde 30\u2019unu ke\u015ffetme noktas\u0131nday\u0131z. Bunun i\u00e7in ciddi bir \u015fekilde seferberlik ba\u015flatt\u0131k\u201d\u00a0denildi. T\u00fcrkiye\u2019nin [&hellip;]<\/p>\n","protected":false},"author":1,"featured_media":58589,"comment_status":"open","ping_status":"open","sticky":false,"template":"","format":"standard","meta":[],"categories":[53],"tags":[27051,63,67,1009,94,2698,165,32495,1389,32496,32497,32498,32499,12145],"views":799,"_links":{"self":[{"href":"https:\/\/www.enerjigazetesi.ist\/en\/wp-json\/wp\/v2\/posts\/60098"}],"collection":[{"href":"https:\/\/www.enerjigazetesi.ist\/en\/wp-json\/wp\/v2\/posts"}],"about":[{"href":"https:\/\/www.enerjigazetesi.ist\/en\/wp-json\/wp\/v2\/types\/post"}],"author":[{"embeddable":true,"href":"https:\/\/www.enerjigazetesi.ist\/en\/wp-json\/wp\/v2\/users\/1"}],"replies":[{"embeddable":true,"href":"https:\/\/www.enerjigazetesi.ist\/en\/wp-json\/wp\/v2\/comments?post=60098"}],"version-history":[{"count":4,"href":"https:\/\/www.enerjigazetesi.ist\/en\/wp-json\/wp\/v2\/posts\/60098\/revisions"}],"predecessor-version":[{"id":60107,"href":"https:\/\/www.enerjigazetesi.ist\/en\/wp-json\/wp\/v2\/posts\/60098\/revisions\/60107"}],"wp:featuredmedia":[{"embeddable":true,"href":"https:\/\/www.enerjigazetesi.ist\/en\/wp-json\/wp\/v2\/media\/58589"}],"wp:attachment":[{"href":"https:\/\/www.enerjigazetesi.ist\/en\/wp-json\/wp\/v2\/media?parent=60098"}],"wp:term":[{"taxonomy":"category","embeddable":true,"href":"https:\/\/www.enerjigazetesi.ist\/en\/wp-json\/wp\/v2\/categories?post=60098"},{"taxonomy":"post_tag","embeddable":true,"href":"https:\/\/www.enerjigazetesi.ist\/en\/wp-json\/wp\/v2\/tags?post=60098"}],"curies":[{"name":"wp","href":"https:\/\/api.w.org\/{rel}","templated":true}]}}