{"id":60046,"date":"2016-12-14T18:39:48","date_gmt":"2016-12-14T15:39:48","guid":{"rendered":"https:\/\/www.enerjigazetesi.ist\/?p=60046"},"modified":"2016-12-14T18:40:46","modified_gmt":"2016-12-14T15:40:46","slug":"sepas-enerji-tesla-projesine-basladi","status":"publish","type":"post","link":"https:\/\/www.enerjigazetesi.ist\/en\/sepas-enerji-tesla-projesine-basladi\/","title":{"rendered":"(Turkish) Sepa\u015f Enerji, Tesla Projesi\u2019ne Ba\u015flad\u0131"},"content":{"rendered":"<p class=\"qtranxs-available-languages-message qtranxs-available-languages-message-en\">Sorry, this entry is only available in <a href=\"https:\/\/www.enerjigazetesi.ist\/tr\/wp-json\/wp\/v2\/posts\/60046\" class=\"qtranxs-available-language-link qtranxs-available-language-link-tr\" title=\"Turkish\">Turkish<\/a>. For the sake of viewer convenience, the content is shown below in the alternative language. You may click the link to switch the active language.<\/p><p><strong>Sepa\u015f Enerji\u2019nin t\u00fcm sistemlerini yeniden yap\u0131land\u0131rmak \u00fczere hayata ge\u00e7irdi\u011fi Tesla Projesi\u2019nin start\u0131 verildi. 11 ay s\u00fcrecek proje sonunda Sepa\u015f Enerji, m\u00fc\u015fteri memnuniyetini en \u00fcst noktaya ta\u015f\u0131y\u0131p, daha h\u0131zl\u0131 hizmet\u00a0sa\u011flayacakt\u0131r.<\/strong><\/p>\n<p>Enerji perakende sekt\u00f6r\u00fcn\u00fcn \u00f6nemli oyuncular\u0131ndan Sepa\u015f Enerji, m\u00fc\u015fteri memnuniyetini en \u00fcst noktaya ta\u015f\u0131yacak Tesla Projesi <a href=\"https:\/\/www.enerjigazetesi.ist\/wp-content\/uploads\/2016\/12\/sepas-enerji-tesla-projesine-basladi.jpg\"><img loading=\"lazy\" class=\"alignleft size-medium wp-image-60047\" src=\"https:\/\/www.enerjigazetesi.ist\/wp-content\/uploads\/2016\/12\/sepas-enerji-tesla-projesine-basladi-300x168.jpg\" alt=\"sepas-enerji-tesla-projesine-basladi\" width=\"300\" height=\"168\" srcset=\"https:\/\/www.enerjigazetesi.ist\/wp-content\/uploads\/2016\/12\/sepas-enerji-tesla-projesine-basladi-300x168.jpg 300w, https:\/\/www.enerjigazetesi.ist\/wp-content\/uploads\/2016\/12\/sepas-enerji-tesla-projesine-basladi-1024x573.jpg 1024w, https:\/\/www.enerjigazetesi.ist\/wp-content\/uploads\/2016\/12\/sepas-enerji-tesla-projesine-basladi-500x280.jpg 500w, https:\/\/www.enerjigazetesi.ist\/wp-content\/uploads\/2016\/12\/sepas-enerji-tesla-projesine-basladi-80x44.jpg 80w, https:\/\/www.enerjigazetesi.ist\/wp-content\/uploads\/2016\/12\/sepas-enerji-tesla-projesine-basladi.jpg 1092w\" sizes=\"(max-width: 300px) 100vw, 300px\" \/><\/a>i\u00e7in d\u00fc\u011fmeye bast\u0131. 11 ay s\u00fcrecek proje kapsam\u0131nda \u015firketin t\u00fcm sistemleri yeniden yap\u0131land\u0131r\u0131lacak ve uygulamalar\u0131 yeni bir platforma ta\u015f\u0131nacak. S\u00fcre\u00e7lerin daha kurumsal ve teknolojik altyap\u0131 ile y\u00f6netilmesini sa\u011flayacak proje ile Sepa\u015f Enerji m\u00fc\u015fterileri hizmetlerden daha h\u0131zl\u0131 bir \u015fekilde yararlanabilecek. Tesla Projesi\u2019nde\u00a0 50\u2019si Sepa\u015f Enerji \u00e7al\u0131\u015fan\u0131 olmak \u00fczere, 150\u2019den fazla ki\u015fi g\u00f6rev alacakt\u0131r.<\/p>\n<p>Tesla Projesi\u2019nin ba\u015flang\u0131\u00e7 toplant\u0131s\u0131nda konu\u015fan Sepa\u015f Enerji Genel M\u00fcd\u00fcr\u00fc Ondrej Safar, \u201cBir y\u0131l sonra s\u00fcre\u00e7lerimiz daha uyarlanabilir olacak. Edindi\u011fimiz bilgiler sayesinde m\u00fc\u015fterilerimizi daha yak\u0131ndan tan\u0131yaca\u011f\u0131z ve ihtiya\u00e7lar\u0131na y\u00f6nelik cevaplar verece\u011fiz. \u015eirket olarak 2017 boyunca Tesla Projesi\u2019ne odaklanaca\u011f\u0131z. Kazanan Sepa\u015f Enerji ve m\u00fc\u015fterilerimiz olacakt\u0131r\u201d\u00a0ifadelerine yer verdi.<\/p>","protected":false},"excerpt":{"rendered":"<p>Sorry, this entry is only available in Turkish. For the sake of viewer convenience, the content is shown below in the alternative language. You may click the link to switch the active language.Sepa\u015f Enerji\u2019nin t\u00fcm sistemlerini yeniden yap\u0131land\u0131rmak \u00fczere hayata ge\u00e7irdi\u011fi Tesla Projesi\u2019nin start\u0131 verildi. 11 ay s\u00fcrecek proje sonunda Sepa\u015f Enerji, m\u00fc\u015fteri memnuniyetini en [&hellip;]<\/p>\n","protected":false},"author":1,"featured_media":60047,"comment_status":"open","ping_status":"open","sticky":false,"template":"","format":"standard","meta":[],"categories":[53],"tags":[63,67,1009,2698,165,21296,32478],"views":753,"_links":{"self":[{"href":"https:\/\/www.enerjigazetesi.ist\/en\/wp-json\/wp\/v2\/posts\/60046"}],"collection":[{"href":"https:\/\/www.enerjigazetesi.ist\/en\/wp-json\/wp\/v2\/posts"}],"about":[{"href":"https:\/\/www.enerjigazetesi.ist\/en\/wp-json\/wp\/v2\/types\/post"}],"author":[{"embeddable":true,"href":"https:\/\/www.enerjigazetesi.ist\/en\/wp-json\/wp\/v2\/users\/1"}],"replies":[{"embeddable":true,"href":"https:\/\/www.enerjigazetesi.ist\/en\/wp-json\/wp\/v2\/comments?post=60046"}],"version-history":[{"count":2,"href":"https:\/\/www.enerjigazetesi.ist\/en\/wp-json\/wp\/v2\/posts\/60046\/revisions"}],"predecessor-version":[{"id":60049,"href":"https:\/\/www.enerjigazetesi.ist\/en\/wp-json\/wp\/v2\/posts\/60046\/revisions\/60049"}],"wp:featuredmedia":[{"embeddable":true,"href":"https:\/\/www.enerjigazetesi.ist\/en\/wp-json\/wp\/v2\/media\/60047"}],"wp:attachment":[{"href":"https:\/\/www.enerjigazetesi.ist\/en\/wp-json\/wp\/v2\/media?parent=60046"}],"wp:term":[{"taxonomy":"category","embeddable":true,"href":"https:\/\/www.enerjigazetesi.ist\/en\/wp-json\/wp\/v2\/categories?post=60046"},{"taxonomy":"post_tag","embeddable":true,"href":"https:\/\/www.enerjigazetesi.ist\/en\/wp-json\/wp\/v2\/tags?post=60046"}],"curies":[{"name":"wp","href":"https:\/\/api.w.org\/{rel}","templated":true}]}}