{"id":59957,"date":"2016-12-12T12:42:47","date_gmt":"2016-12-12T09:42:47","guid":{"rendered":"https:\/\/www.enerjigazetesi.ist\/?p=59957"},"modified":"2016-12-12T12:44:13","modified_gmt":"2016-12-12T09:44:13","slug":"karapinar-icin-duzenlenen-yeka-yarismasi-subat-ayina-ertelendi","status":"publish","type":"post","link":"https:\/\/www.enerjigazetesi.ist\/en\/karapinar-icin-duzenlenen-yeka-yarismasi-subat-ayina-ertelendi\/","title":{"rendered":"(Turkish) Karap\u0131nar \u0130\u00e7in D\u00fczenlenen YEKA Yar\u0131\u015fmas\u0131 \u015eubat Ay\u0131na Ertelendi"},"content":{"rendered":"<p class=\"qtranxs-available-languages-message qtranxs-available-languages-message-en\">Sorry, this entry is only available in <a href=\"https:\/\/www.enerjigazetesi.ist\/tr\/wp-json\/wp\/v2\/posts\/59957\" class=\"qtranxs-available-language-link qtranxs-available-language-link-tr\" title=\"Turkish\">Turkish<\/a>. For the sake of viewer convenience, the content is shown below in the alternative language. You may click the link to switch the active language.<\/p><p><strong><span style=\"color: #0a0a0a;\">Karap\u0131nar Yenilenebilir Enerji Kaynak Alanlar\u0131 (YEKA) kullan\u0131m hakk\u0131 yar\u0131\u015fmas\u0131 i\u00e7in son t<a href=\"https:\/\/www.enerjigazetesi.ist\/wp-content\/uploads\/2016\/12\/karapinar-icin-duzenlenen-yeka-yarismasi-subat-ayina-ertelendi.jpeg\"><img loading=\"lazy\" class=\"alignright size-medium wp-image-59958\" src=\"https:\/\/www.enerjigazetesi.ist\/wp-content\/uploads\/2016\/12\/karapinar-icin-duzenlenen-yeka-yarismasi-subat-ayina-ertelendi-300x225.jpeg\" alt=\"karapinar-icin-duzenlenen-yeka-yarismasi-subat-ayina-ertelendi\" width=\"300\" height=\"225\" srcset=\"https:\/\/www.enerjigazetesi.ist\/wp-content\/uploads\/2016\/12\/karapinar-icin-duzenlenen-yeka-yarismasi-subat-ayina-ertelendi-300x225.jpeg 300w, https:\/\/www.enerjigazetesi.ist\/wp-content\/uploads\/2016\/12\/karapinar-icin-duzenlenen-yeka-yarismasi-subat-ayina-ertelendi-500x375.jpeg 500w, https:\/\/www.enerjigazetesi.ist\/wp-content\/uploads\/2016\/12\/karapinar-icin-duzenlenen-yeka-yarismasi-subat-ayina-ertelendi-66x50.jpeg 66w, https:\/\/www.enerjigazetesi.ist\/wp-content\/uploads\/2016\/12\/karapinar-icin-duzenlenen-yeka-yarismasi-subat-ayina-ertelendi.jpeg 696w\" sizes=\"(max-width: 300px) 100vw, 300px\" \/><\/a>eklif verme tarihi 14 \u015eubat 2017\u2019ye, yar\u0131\u015fman\u0131n ger\u00e7ekle\u015ftirilece\u011fi tarih ise\u00a021 \u015eubat 2017\u2019ye ertelenmi\u015ftir.<\/span><\/strong><\/p>\n<p class=\"selectionShareable\" style=\"color: #0a0a0a;\">\u0130lan, Resmi Gazete\u2019nin <strong>09.12.2016 <\/strong>tarihli say\u0131s\u0131nda yay\u0131mland\u0131.<\/p>\n<p class=\"selectionShareable\" style=\"color: #0a0a0a;\">Daha \u00f6nceden tekliflerin 12 Aral\u0131k\u2019a kadar teslim edilece\u011fi, 15 Aral\u0131k\u2019ta da yar\u0131\u015fman\u0131n ger\u00e7ekle\u015ftirilece\u011fi ilan edilmi\u015fti. Karap\u0131nar YEKA yar\u0131\u015fmas\u0131 i\u00e7in son teklifler, <strong>14 \u015eubat 2017<\/strong> g\u00fcn\u00fc saat <strong>12.00<\/strong>\u2019ye kadar Enerji ve Tabii Kaynaklar Bakanl\u0131\u011f\u0131 Yenilenebilir Enerji Genel M\u00fcd\u00fcrl\u00fc\u011f\u00fcne (YEGM) elden teslim edilebilecektir. Yar\u0131\u015fma ise YEGM\u2019de <strong>21 \u015eubat 2017<\/strong> tarihinde saat <strong>14.00\u2019te<\/strong> mali teklif zarflar\u0131n\u0131n a\u00e7\u0131lmas\u0131 ve a\u00e7\u0131k eksiltmeye ge\u00e7ilmesiyle ba\u015flayacakt\u0131r.<\/p>\n<p><\/p>","protected":false},"excerpt":{"rendered":"<p>Sorry, this entry is only available in Turkish. For the sake of viewer convenience, the content is shown below in the alternative language. You may click the link to switch the active language.Karap\u0131nar Yenilenebilir Enerji Kaynak Alanlar\u0131 (YEKA) kullan\u0131m hakk\u0131 yar\u0131\u015fmas\u0131 i\u00e7in son teklif verme tarihi 14 \u015eubat 2017\u2019ye, yar\u0131\u015fman\u0131n ger\u00e7ekle\u015ftirilece\u011fi tarih ise\u00a021 \u015eubat 2017\u2019ye [&hellip;]<\/p>\n","protected":false},"author":1,"featured_media":59958,"comment_status":"open","ping_status":"open","sticky":false,"template":"","format":"standard","meta":[],"categories":[53,49,50],"tags":[63,67,1009,2698,165,227,13,69,16,105],"views":1027,"_links":{"self":[{"href":"https:\/\/www.enerjigazetesi.ist\/en\/wp-json\/wp\/v2\/posts\/59957"}],"collection":[{"href":"https:\/\/www.enerjigazetesi.ist\/en\/wp-json\/wp\/v2\/posts"}],"about":[{"href":"https:\/\/www.enerjigazetesi.ist\/en\/wp-json\/wp\/v2\/types\/post"}],"author":[{"embeddable":true,"href":"https:\/\/www.enerjigazetesi.ist\/en\/wp-json\/wp\/v2\/users\/1"}],"replies":[{"embeddable":true,"href":"https:\/\/www.enerjigazetesi.ist\/en\/wp-json\/wp\/v2\/comments?post=59957"}],"version-history":[{"count":3,"href":"https:\/\/www.enerjigazetesi.ist\/en\/wp-json\/wp\/v2\/posts\/59957\/revisions"}],"predecessor-version":[{"id":59961,"href":"https:\/\/www.enerjigazetesi.ist\/en\/wp-json\/wp\/v2\/posts\/59957\/revisions\/59961"}],"wp:featuredmedia":[{"embeddable":true,"href":"https:\/\/www.enerjigazetesi.ist\/en\/wp-json\/wp\/v2\/media\/59958"}],"wp:attachment":[{"href":"https:\/\/www.enerjigazetesi.ist\/en\/wp-json\/wp\/v2\/media?parent=59957"}],"wp:term":[{"taxonomy":"category","embeddable":true,"href":"https:\/\/www.enerjigazetesi.ist\/en\/wp-json\/wp\/v2\/categories?post=59957"},{"taxonomy":"post_tag","embeddable":true,"href":"https:\/\/www.enerjigazetesi.ist\/en\/wp-json\/wp\/v2\/tags?post=59957"}],"curies":[{"name":"wp","href":"https:\/\/api.w.org\/{rel}","templated":true}]}}