{"id":59953,"date":"2016-12-12T12:26:30","date_gmt":"2016-12-12T09:26:30","guid":{"rendered":"https:\/\/www.enerjigazetesi.ist\/?p=59953"},"modified":"2016-12-12T12:28:51","modified_gmt":"2016-12-12T09:28:51","slug":"turkiyede-enerji-uretiminde-komurun-payi-27-dunyada-ise-40i-gecti","status":"publish","type":"post","link":"https:\/\/www.enerjigazetesi.ist\/en\/turkiyede-enerji-uretiminde-komurun-payi-27-dunyada-ise-40i-gecti\/","title":{"rendered":"(Turkish) T\u00fcrkiye\u2019de Enerji \u00dcretiminde K\u00f6m\u00fcr\u00fcn Pay\u0131 % 27, D\u00fcnyada \u0130se % 40\u2019\u0131 Ge\u00e7ti"},"content":{"rendered":"<p class=\"qtranxs-available-languages-message qtranxs-available-languages-message-en\">Sorry, this entry is only available in <a href=\"https:\/\/www.enerjigazetesi.ist\/tr\/wp-json\/wp\/v2\/posts\/59953\" class=\"qtranxs-available-language-link qtranxs-available-language-link-tr\" title=\"Turkish\">Turkish<\/a>. For the sake of viewer convenience, the content is shown below in the alternative language. You may click the link to switch the active language.<\/p><p><strong><span style=\"color: #0a0a0a;\">T\u00fcrkiye\u2019de enerji \u00fcretiminde sadece y\u00fczde 27 oran\u0131nda kullan\u0131lan k\u00f6m\u00fcr\u00fcn pay\u0131 d\u00fcnyada y\u00fczde 40\u2019\u0131 ge\u00e7ti. Verimlilikteki art\u0131\u015f ve dijitalle\u015fme ile birlikte k\u00f6m\u00fcrde emisyon olduk\u00e7a azald\u0131.<\/span><\/strong><\/p>\n<p>Uzun s\u00fcredir enerji Ar-Ge\u2019sinin b\u00fcy\u00fck b\u00f6l\u00fcm\u00fcn\u00fc \u00e7eken k\u00f6m\u00fcr santralleri, d\u00fcnya enerjisinin halihaz\u0131rda y\u00fczde 40\u2019\u0131n\u0131 sa\u011flamaktad\u0131r. N\u00fckleer s<a href=\"https:\/\/www.enerjigazetesi.ist\/wp-content\/uploads\/2016\/06\/enerjide-en-fazla-istihdam-yerli-komurden.jpg\"><img loading=\"lazy\" class=\"alignleft size-medium wp-image-53923\" src=\"https:\/\/www.enerjigazetesi.ist\/wp-content\/uploads\/2016\/06\/enerjide-en-fazla-istihdam-yerli-komurden-300x153.jpg\" alt=\"enerjide-en-fazla-istihdam-yerli-komurden\" width=\"300\" height=\"153\" srcset=\"https:\/\/www.enerjigazetesi.ist\/wp-content\/uploads\/2016\/06\/enerjide-en-fazla-istihdam-yerli-komurden-300x153.jpg 300w, https:\/\/www.enerjigazetesi.ist\/wp-content\/uploads\/2016\/06\/enerjide-en-fazla-istihdam-yerli-komurden-500x255.jpg 500w, https:\/\/www.enerjigazetesi.ist\/wp-content\/uploads\/2016\/06\/enerjide-en-fazla-istihdam-yerli-komurden-80x40.jpg 80w, https:\/\/www.enerjigazetesi.ist\/wp-content\/uploads\/2016\/06\/enerjide-en-fazla-istihdam-yerli-komurden.jpg 685w\" sizes=\"(max-width: 300px) 100vw, 300px\" \/><\/a>antrallerini kapatma karar\u0131n\u0131 uygulayan ve yenilenebilir enerji alan\u0131nda en ba\u015far\u0131l\u0131 \u00f6rneklerden biri olan Almanya bile 2015 itibar\u0131yla enerjisinin y\u00fczde 55\u2019ini fosil yak\u0131tlardan sa\u011flamaktad\u0131r. Bu oran\u0131n y\u00fczde 43\u2019\u00fc ise k\u00f6m\u00fcrden\u00a0kar\u015f\u0131lanmaktad\u0131r.<\/p>\n<p>2015\u2019te k\u00f6m\u00fcrde 129 milyon ton e\u015fde\u011fer petrol\u00fc olan T\u00fcrkiye\u2019de ise k\u00f6m\u00fcr\u00fcn elektrik \u00fcretimindeki pay\u0131 y\u00fczde 27&#8217;dir. Yeni teknoloji ile daha \u00e7evreci ve verimli hale gelen k\u00f6m\u00fcr santralleri i\u00e7in d\u00fc\u011fmeye basan Enerji Bakanl\u0131\u011f\u0131, ithal k\u00f6m\u00fcr\u00fcn \u00f6n\u00fcne ge\u00e7mek i\u00e7in de bir\u00e7ok ad\u0131m att\u0131. Yeni bulunan 7 milyar tondan fazla rezervin kalorifik de\u011feri yani bir kilogram\u0131n\u0131n verdi\u011fi \u0131s\u0131 miktar\u0131 ise eski ortalamas\u0131n\u0131n iki kat\u0131d\u0131r.<\/p>\n<p>Haberin <a href=\"http:\/\/enerjienstitusu.com\/2016\/12\/12\/turkiyede-enerji-uretiminde-komurun-payi-27-iken-dunyada-40i-asti\/\" target=\"_blank\">Devam\u0131 \u0130\u00e7in TIKLAYINIZ&gt;&gt;&gt;<\/a><\/p>\n<p>Kaynak: Enerji Enstit\u00fcs\u00fc<\/p>","protected":false},"excerpt":{"rendered":"<p>Sorry, this entry is only available in Turkish. For the sake of viewer convenience, the content is shown below in the alternative language. You may click the link to switch the active language.T\u00fcrkiye\u2019de enerji \u00fcretiminde sadece y\u00fczde 27 oran\u0131nda kullan\u0131lan k\u00f6m\u00fcr\u00fcn pay\u0131 d\u00fcnyada y\u00fczde 40\u2019\u0131 ge\u00e7ti. Verimlilikteki art\u0131\u015f ve dijitalle\u015fme ile birlikte k\u00f6m\u00fcrde emisyon olduk\u00e7a [&hellip;]<\/p>\n","protected":false},"author":1,"featured_media":53923,"comment_status":"open","ping_status":"open","sticky":false,"template":"","format":"standard","meta":[],"categories":[53,24649],"tags":[32457,63,67,1009,2698,165,18,1675,3460,5097,32458,32459,438],"views":1133,"_links":{"self":[{"href":"https:\/\/www.enerjigazetesi.ist\/en\/wp-json\/wp\/v2\/posts\/59953"}],"collection":[{"href":"https:\/\/www.enerjigazetesi.ist\/en\/wp-json\/wp\/v2\/posts"}],"about":[{"href":"https:\/\/www.enerjigazetesi.ist\/en\/wp-json\/wp\/v2\/types\/post"}],"author":[{"embeddable":true,"href":"https:\/\/www.enerjigazetesi.ist\/en\/wp-json\/wp\/v2\/users\/1"}],"replies":[{"embeddable":true,"href":"https:\/\/www.enerjigazetesi.ist\/en\/wp-json\/wp\/v2\/comments?post=59953"}],"version-history":[{"count":3,"href":"https:\/\/www.enerjigazetesi.ist\/en\/wp-json\/wp\/v2\/posts\/59953\/revisions"}],"predecessor-version":[{"id":59956,"href":"https:\/\/www.enerjigazetesi.ist\/en\/wp-json\/wp\/v2\/posts\/59953\/revisions\/59956"}],"wp:featuredmedia":[{"embeddable":true,"href":"https:\/\/www.enerjigazetesi.ist\/en\/wp-json\/wp\/v2\/media\/53923"}],"wp:attachment":[{"href":"https:\/\/www.enerjigazetesi.ist\/en\/wp-json\/wp\/v2\/media?parent=59953"}],"wp:term":[{"taxonomy":"category","embeddable":true,"href":"https:\/\/www.enerjigazetesi.ist\/en\/wp-json\/wp\/v2\/categories?post=59953"},{"taxonomy":"post_tag","embeddable":true,"href":"https:\/\/www.enerjigazetesi.ist\/en\/wp-json\/wp\/v2\/tags?post=59953"}],"curies":[{"name":"wp","href":"https:\/\/api.w.org\/{rel}","templated":true}]}}