{"id":59933,"date":"2016-12-11T13:51:10","date_gmt":"2016-12-11T10:51:10","guid":{"rendered":"https:\/\/www.enerjigazetesi.ist\/?p=59933"},"modified":"2016-12-11T13:51:39","modified_gmt":"2016-12-11T10:51:39","slug":"irandaki-busehr-ve-israilin-dimona-nukleer-tesisleri-icin-inceleme-cagrisi","status":"publish","type":"post","link":"https:\/\/www.enerjigazetesi.ist\/en\/irandaki-busehr-ve-israilin-dimona-nukleer-tesisleri-icin-inceleme-cagrisi\/","title":{"rendered":"(Turkish) \u0130ran\u2019daki Bu\u015fehr ve \u0130srail\u2019in Dimona N\u00fckleer Tesisleri \u0130\u00e7in \u0130nceleme \u00c7a\u011fr\u0131s\u0131"},"content":{"rendered":"<p class=\"qtranxs-available-languages-message qtranxs-available-languages-message-en\">Sorry, this entry is only available in <a href=\"https:\/\/www.enerjigazetesi.ist\/tr\/wp-json\/wp\/v2\/posts\/59933\" class=\"qtranxs-available-language-link qtranxs-available-language-link-tr\" title=\"Turkish\">Turkish<\/a>. For the sake of viewer convenience, the content is shown below in the alternative language. You may click the link to switch the active language.<\/p><p><\/p>\n<p class=\"selectionShareable\" style=\"color: #0a0a0a;\"><strong>Arap \u00c7evre Bakanlar\u0131 Konseyi taraf\u0131ndan \u0130srail\u2019in Dimona ve \u0130ran\u2019\u0131n Bu\u015fehr kentlerindeki n\u00fckleer tesislerinin, Arap \u00fc<a href=\"https:\/\/www.enerjigazetesi.ist\/wp-content\/uploads\/2013\/12\/iranin-nukleer-faaliyetleri.jpg\"><img loading=\"lazy\" class=\"alignleft size-medium wp-image-20079\" src=\"https:\/\/www.enerjigazetesi.ist\/wp-content\/uploads\/2013\/12\/iranin-nukleer-faaliyetleri-300x198.jpg\" alt=\"iranin-nukleer-faaliyetleri\" width=\"300\" height=\"198\" srcset=\"https:\/\/www.enerjigazetesi.ist\/wp-content\/uploads\/2013\/12\/iranin-nukleer-faaliyetleri-300x198.jpg 300w, https:\/\/www.enerjigazetesi.ist\/wp-content\/uploads\/2013\/12\/iranin-nukleer-faaliyetleri-75x50.jpg 75w, https:\/\/www.enerjigazetesi.ist\/wp-content\/uploads\/2013\/12\/iranin-nukleer-faaliyetleri.jpg 439w\" sizes=\"(max-width: 300px) 100vw, 300px\" \/><\/a>lkelerine \u00e7evresel etkilerinin incelenmesinin istendi\u011fi\u00a0belirtildi.<\/strong><span id=\"more-85769\"><\/span><\/p>\n<p class=\"selectionShareable\" style=\"color: #0a0a0a;\">M\u0131s\u0131r\u2019\u0131n ba\u015fkenti Kahire\u2019deki Arap Birli\u011fi merkez binas\u0131nda Katar\u2019\u0131n ba\u015fkanl\u0131\u011f\u0131nda Arap \u00c7evre Bakanlar\u0131 Konseyi 28. D\u00f6nem<br \/>\nToplant\u0131s\u0131 yap\u0131ld\u0131. Yap\u0131lan a\u00e7\u0131klamada, Dimona ve Bu\u015fehr n\u00fckleer tesislerinin \u0130srail ve \u0130ran\u2019a kom\u015fu Arap \u00fclkeleri \u00fczerindeki etkilerine vurgu yap\u0131ld\u0131.<\/p>\n<p class=\"selectionShareable\" style=\"color: #0a0a0a;\">Arap Atom Enerjisi Kurumuna \u0130srail\u2019e s\u0131n\u0131r olan b\u00f6lgelerdeki radyoaktif kirlenme oran\u0131n\u0131 izleme \u00e7a\u011fr\u0131s\u0131 yap\u0131lan a\u00e7\u0131klamada, kurumdan radyolojik acil durum plan\u0131 olu\u015fturulmas\u0131, radyoaktif \u00f6l\u00e7\u00fcmler ve kirlili\u011fin giderilmesi alanlar\u0131nda bilimsel faaliyetlerin art\u0131r\u0131lmas\u0131n\u0131n talep edildi\u011finin de ifadelerine yer verildi.<\/p>\n<p><\/p>","protected":false},"excerpt":{"rendered":"<p>Sorry, this entry is only available in Turkish. For the sake of viewer convenience, the content is shown below in the alternative language. You may click the link to switch the active language. Arap \u00c7evre Bakanlar\u0131 Konseyi taraf\u0131ndan \u0130srail\u2019in Dimona ve \u0130ran\u2019\u0131n Bu\u015fehr kentlerindeki n\u00fckleer tesislerinin, Arap \u00fclkelerine \u00e7evresel etkilerinin incelenmesinin istendi\u011fi\u00a0belirtildi. M\u0131s\u0131r\u2019\u0131n ba\u015fkenti Kahire\u2019deki [&hellip;]<\/p>\n","protected":false},"author":1,"featured_media":20079,"comment_status":"open","ping_status":"open","sticky":false,"template":"","format":"standard","meta":[],"categories":[53,43],"tags":[32450,21686,32451,63,67,1009,2698,165,32452,1333,71,21,25480,23614,2973,3492,25265,32453],"views":1242,"_links":{"self":[{"href":"https:\/\/www.enerjigazetesi.ist\/en\/wp-json\/wp\/v2\/posts\/59933"}],"collection":[{"href":"https:\/\/www.enerjigazetesi.ist\/en\/wp-json\/wp\/v2\/posts"}],"about":[{"href":"https:\/\/www.enerjigazetesi.ist\/en\/wp-json\/wp\/v2\/types\/post"}],"author":[{"embeddable":true,"href":"https:\/\/www.enerjigazetesi.ist\/en\/wp-json\/wp\/v2\/users\/1"}],"replies":[{"embeddable":true,"href":"https:\/\/www.enerjigazetesi.ist\/en\/wp-json\/wp\/v2\/comments?post=59933"}],"version-history":[{"count":1,"href":"https:\/\/www.enerjigazetesi.ist\/en\/wp-json\/wp\/v2\/posts\/59933\/revisions"}],"predecessor-version":[{"id":59934,"href":"https:\/\/www.enerjigazetesi.ist\/en\/wp-json\/wp\/v2\/posts\/59933\/revisions\/59934"}],"wp:featuredmedia":[{"embeddable":true,"href":"https:\/\/www.enerjigazetesi.ist\/en\/wp-json\/wp\/v2\/media\/20079"}],"wp:attachment":[{"href":"https:\/\/www.enerjigazetesi.ist\/en\/wp-json\/wp\/v2\/media?parent=59933"}],"wp:term":[{"taxonomy":"category","embeddable":true,"href":"https:\/\/www.enerjigazetesi.ist\/en\/wp-json\/wp\/v2\/categories?post=59933"},{"taxonomy":"post_tag","embeddable":true,"href":"https:\/\/www.enerjigazetesi.ist\/en\/wp-json\/wp\/v2\/tags?post=59933"}],"curies":[{"name":"wp","href":"https:\/\/api.w.org\/{rel}","templated":true}]}}