{"id":59885,"date":"2016-12-09T14:54:21","date_gmt":"2016-12-09T11:54:21","guid":{"rendered":"https:\/\/www.enerjigazetesi.ist\/?p=59885"},"modified":"2016-12-09T14:55:43","modified_gmt":"2016-12-09T11:55:43","slug":"japonya-irana-nukleer-destek-saglayacak","status":"publish","type":"post","link":"https:\/\/www.enerjigazetesi.ist\/en\/japonya-irana-nukleer-destek-saglayacak\/","title":{"rendered":"(Turkish) Japonya \u0130ran\u2019a N\u00fckleer Destek Sa\u011flayacak"},"content":{"rendered":"<p class=\"qtranxs-available-languages-message qtranxs-available-languages-message-en\">Sorry, this entry is only available in <a href=\"https:\/\/www.enerjigazetesi.ist\/tr\/wp-json\/wp\/v2\/posts\/59885\" class=\"qtranxs-available-language-link qtranxs-available-language-link-tr\" title=\"Turkish\">Turkish<\/a>. For the sake of viewer convenience, the content is shown below in the alternative language. You may click the link to switch the active language.<\/p><p><strong><span style=\"color: #0a0a0a;\">Japonya taraf\u0131ndan \u0130ran\u2019\u0131n 5+1 \u00fclkeleriyle vard\u0131\u011f\u0131 n\u00fckleer anla\u015fmay\u0131 kararl\u0131l\u0131kla uygulayab<a href=\"https:\/\/www.enerjigazetesi.ist\/wp-content\/uploads\/2015\/04\/iranin-58-yillik-nukleer-seruveni.jpg\"><img loading=\"lazy\" class=\"alignright size-medium wp-image-37861\" src=\"https:\/\/www.enerjigazetesi.ist\/wp-content\/uploads\/2015\/04\/iranin-58-yillik-nukleer-seruveni-300x153.jpg\" alt=\"iranin-58-yillik-nukleer-seruveni\" width=\"300\" height=\"153\" srcset=\"https:\/\/www.enerjigazetesi.ist\/wp-content\/uploads\/2015\/04\/iranin-58-yillik-nukleer-seruveni-300x153.jpg 300w, https:\/\/www.enerjigazetesi.ist\/wp-content\/uploads\/2015\/04\/iranin-58-yillik-nukleer-seruveni-500x255.jpg 500w, https:\/\/www.enerjigazetesi.ist\/wp-content\/uploads\/2015\/04\/iranin-58-yillik-nukleer-seruveni-80x40.jpg 80w, https:\/\/www.enerjigazetesi.ist\/wp-content\/uploads\/2015\/04\/iranin-58-yillik-nukleer-seruveni.jpg 685w\" sizes=\"(max-width: 300px) 100vw, 300px\" \/><\/a>ilmesi i\u00e7in bu \u00fclkeye iki milyon euro mali destek\u00a0sa\u011flanacakt\u0131r.<\/span><\/strong><\/p>\n<p>Japonya D\u0131\u015fi\u015fleri Bakan\u0131 Fumio Ki\u015fida ve\u00a0\u0130ranl\u0131 mevkida\u015f\u0131 Muhammed Cevad Zarif ile ba\u015fkent Tokyo\u2019da g\u00f6r\u00fc\u015fme ger\u00e7ekle\u015ftirdi.<\/p>\n<p>Ki\u015fida, Zarif ile d\u00fczenlenen\u00a0ortak bas\u0131n toplant\u0131s\u0131nda, iki \u00fclkenin bir\u00e7ok alanda i\u015f birli\u011fi yapt\u0131\u011f\u0131 ifadelerine yer vererek \u201cN\u00fckleer anla\u015fman\u0131n istikrarl\u0131 y\u00fcr\u00fct\u00fclmesinde de i\u015f birli\u011fi yapmaktay\u0131z. Japonya, tarihi n\u00fckleer anla\u015fmay\u0131 kararl\u0131l\u0131kla uygulayabilmesi i\u00e7in \u0130ran\u2019a iki milyon avro mali destek verecektir.\u201d\u00a0ifadelerine yer verdi.<\/p>","protected":false},"excerpt":{"rendered":"<p>Sorry, this entry is only available in Turkish. For the sake of viewer convenience, the content is shown below in the alternative language. You may click the link to switch the active language.Japonya taraf\u0131ndan \u0130ran\u2019\u0131n 5+1 \u00fclkeleriyle vard\u0131\u011f\u0131 n\u00fckleer anla\u015fmay\u0131 kararl\u0131l\u0131kla uygulayabilmesi i\u00e7in bu \u00fclkeye iki milyon euro mali destek\u00a0sa\u011flanacakt\u0131r. Japonya D\u0131\u015fi\u015fleri Bakan\u0131 Fumio Ki\u015fida [&hellip;]<\/p>\n","protected":false},"author":1,"featured_media":37861,"comment_status":"open","ping_status":"open","sticky":false,"template":"","format":"standard","meta":[],"categories":[53,43],"tags":[63,67,1009,2698,165,1333,1547,71,12224,4007,21,25480,23614,2973],"views":696,"_links":{"self":[{"href":"https:\/\/www.enerjigazetesi.ist\/en\/wp-json\/wp\/v2\/posts\/59885"}],"collection":[{"href":"https:\/\/www.enerjigazetesi.ist\/en\/wp-json\/wp\/v2\/posts"}],"about":[{"href":"https:\/\/www.enerjigazetesi.ist\/en\/wp-json\/wp\/v2\/types\/post"}],"author":[{"embeddable":true,"href":"https:\/\/www.enerjigazetesi.ist\/en\/wp-json\/wp\/v2\/users\/1"}],"replies":[{"embeddable":true,"href":"https:\/\/www.enerjigazetesi.ist\/en\/wp-json\/wp\/v2\/comments?post=59885"}],"version-history":[{"count":2,"href":"https:\/\/www.enerjigazetesi.ist\/en\/wp-json\/wp\/v2\/posts\/59885\/revisions"}],"predecessor-version":[{"id":59887,"href":"https:\/\/www.enerjigazetesi.ist\/en\/wp-json\/wp\/v2\/posts\/59885\/revisions\/59887"}],"wp:featuredmedia":[{"embeddable":true,"href":"https:\/\/www.enerjigazetesi.ist\/en\/wp-json\/wp\/v2\/media\/37861"}],"wp:attachment":[{"href":"https:\/\/www.enerjigazetesi.ist\/en\/wp-json\/wp\/v2\/media?parent=59885"}],"wp:term":[{"taxonomy":"category","embeddable":true,"href":"https:\/\/www.enerjigazetesi.ist\/en\/wp-json\/wp\/v2\/categories?post=59885"},{"taxonomy":"post_tag","embeddable":true,"href":"https:\/\/www.enerjigazetesi.ist\/en\/wp-json\/wp\/v2\/tags?post=59885"}],"curies":[{"name":"wp","href":"https:\/\/api.w.org\/{rel}","templated":true}]}}