{"id":59831,"date":"2016-12-08T13:35:49","date_gmt":"2016-12-08T10:35:49","guid":{"rendered":"https:\/\/www.enerjigazetesi.ist\/?p=59831"},"modified":"2016-12-08T13:36:47","modified_gmt":"2016-12-08T10:36:47","slug":"iran-ulusal-petrol-sirketi-shell-ile-isbirligi-anlasmasi-imzaladi","status":"publish","type":"post","link":"https:\/\/www.enerjigazetesi.ist\/en\/iran-ulusal-petrol-sirketi-shell-ile-isbirligi-anlasmasi-imzaladi\/","title":{"rendered":"(Turkish) \u0130ran Ulusal Petrol \u015eirketi, Shell \u0130le \u0130\u015fbirli\u011fi Anla\u015fmas\u0131 \u0130mzalad\u0131"},"content":{"rendered":"<p class=\"qtranxs-available-languages-message qtranxs-available-languages-message-en\">Sorry, this entry is only available in <a href=\"https:\/\/www.enerjigazetesi.ist\/tr\/wp-json\/wp\/v2\/posts\/59831\" class=\"qtranxs-available-language-link qtranxs-available-language-link-tr\" title=\"Turkish\">Turkish<\/a>. For the sake of viewer convenience, the content is shown below in the alternative language. You may click the link to switch the active language.<\/p><p><strong><span style=\"color: #0a0a0a;\">\u0130ran Ulusal Petrol \u015eirketi taraf\u0131ndan (\u0130UP\u015e) \u0130ngiliz-Hollanda ortakl\u0131\u011f\u0131ndaki petrol \u015firketi Shell ile\u00a0i\u015fbirli<a href=\"https:\/\/www.enerjigazetesi.ist\/wp-content\/uploads\/2015\/10\/\u0130ran-petrol-23982382303-696x385.png\"><img loading=\"lazy\" class=\"alignright size-medium wp-image-45092\" src=\"https:\/\/www.enerjigazetesi.ist\/wp-content\/uploads\/2015\/10\/\u0130ran-petrol-23982382303-696x385-300x165.png\" alt=\"\u0130ran-petrol-23982382303-696x385\" width=\"300\" height=\"165\" srcset=\"https:\/\/www.enerjigazetesi.ist\/wp-content\/uploads\/2015\/10\/\u0130ran-petrol-23982382303-696x385-300x165.png 300w, https:\/\/www.enerjigazetesi.ist\/wp-content\/uploads\/2015\/10\/\u0130ran-petrol-23982382303-696x385-500x276.png 500w, https:\/\/www.enerjigazetesi.ist\/wp-content\/uploads\/2015\/10\/\u0130ran-petrol-23982382303-696x385-80x44.png 80w, https:\/\/www.enerjigazetesi.ist\/wp-content\/uploads\/2015\/10\/\u0130ran-petrol-23982382303-696x385.png 696w\" sizes=\"(max-width: 300px) 100vw, 300px\" \/><\/a>\u011fi anla\u015fmas\u0131\u00a0yap\u0131ld\u0131.<\/span><\/strong><\/p>\n<p>Anla\u015fma, Shell \u015eirketi Genel M\u00fcd\u00fcr Yard\u0131mc\u0131s\u0131 Hans Nijkamp ile \u0130ran Petrol Bakanl\u0131\u011f\u0131na ba\u011fl\u0131 \u0130ran Petrol\u00fc M\u00fchendislik ve Geli\u015ftirme \u015eirketi Genel M\u00fcd\u00fcr\u00fc Nureddin \u015eehnazizade taraf\u0131ndan imzaland\u0131.<\/p>\n<p>Anla\u015fmaya g\u00f6re, Shell, Ahvaz eyaletindeki G\u00fcney Azedegan, Huzistan eyaletindeki Yadaveran ve Basra K\u00f6rfezi\u2019ndeki Ki\u015f petrol sahalar\u0131nda \u00e7al\u0131\u015fma\u00a0ger\u00e7ekle\u015ftirecektir.<\/p>","protected":false},"excerpt":{"rendered":"<p>Sorry, this entry is only available in Turkish. For the sake of viewer convenience, the content is shown below in the alternative language. You may click the link to switch the active language.\u0130ran Ulusal Petrol \u015eirketi taraf\u0131ndan (\u0130UP\u015e) \u0130ngiliz-Hollanda ortakl\u0131\u011f\u0131ndaki petrol \u015firketi Shell ile\u00a0i\u015fbirli\u011fi anla\u015fmas\u0131\u00a0yap\u0131ld\u0131. Anla\u015fma, Shell \u015eirketi Genel M\u00fcd\u00fcr Yard\u0131mc\u0131s\u0131 Hans Nijkamp ile \u0130ran [&hellip;]<\/p>\n","protected":false},"author":1,"featured_media":45092,"comment_status":"open","ping_status":"open","sticky":false,"template":"","format":"standard","meta":[],"categories":[53,44],"tags":[63,67,1009,2698,165,27611,14542,32428,32429,32430,59,79,2388,887,2522,1787],"views":782,"_links":{"self":[{"href":"https:\/\/www.enerjigazetesi.ist\/en\/wp-json\/wp\/v2\/posts\/59831"}],"collection":[{"href":"https:\/\/www.enerjigazetesi.ist\/en\/wp-json\/wp\/v2\/posts"}],"about":[{"href":"https:\/\/www.enerjigazetesi.ist\/en\/wp-json\/wp\/v2\/types\/post"}],"author":[{"embeddable":true,"href":"https:\/\/www.enerjigazetesi.ist\/en\/wp-json\/wp\/v2\/users\/1"}],"replies":[{"embeddable":true,"href":"https:\/\/www.enerjigazetesi.ist\/en\/wp-json\/wp\/v2\/comments?post=59831"}],"version-history":[{"count":3,"href":"https:\/\/www.enerjigazetesi.ist\/en\/wp-json\/wp\/v2\/posts\/59831\/revisions"}],"predecessor-version":[{"id":59834,"href":"https:\/\/www.enerjigazetesi.ist\/en\/wp-json\/wp\/v2\/posts\/59831\/revisions\/59834"}],"wp:featuredmedia":[{"embeddable":true,"href":"https:\/\/www.enerjigazetesi.ist\/en\/wp-json\/wp\/v2\/media\/45092"}],"wp:attachment":[{"href":"https:\/\/www.enerjigazetesi.ist\/en\/wp-json\/wp\/v2\/media?parent=59831"}],"wp:term":[{"taxonomy":"category","embeddable":true,"href":"https:\/\/www.enerjigazetesi.ist\/en\/wp-json\/wp\/v2\/categories?post=59831"},{"taxonomy":"post_tag","embeddable":true,"href":"https:\/\/www.enerjigazetesi.ist\/en\/wp-json\/wp\/v2\/tags?post=59831"}],"curies":[{"name":"wp","href":"https:\/\/api.w.org\/{rel}","templated":true}]}}