{"id":5975,"date":"2013-02-02T16:01:25","date_gmt":"2013-02-02T13:01:25","guid":{"rendered":"https:\/\/www.enerjigazetesi.ist\/?p=5975"},"modified":"2013-02-02T16:01:25","modified_gmt":"2013-02-02T13:01:25","slug":"verimlilik-calistayi-harranda-basladi","status":"publish","type":"post","link":"https:\/\/www.enerjigazetesi.ist\/en\/verimlilik-calistayi-harranda-basladi\/","title":{"rendered":"(Turkish) Verimlilik \u00c7al\u0131\u015ftay\u0131 Harran&#8217;da Ba\u015flad\u0131"},"content":{"rendered":"<p class=\"qtranxs-available-languages-message qtranxs-available-languages-message-en\">Sorry, this entry is only available in <a href=\"https:\/\/www.enerjigazetesi.ist\/tr\/wp-json\/wp\/v2\/posts\/5975\" class=\"qtranxs-available-language-link qtranxs-available-language-link-tr\" title=\"Turkish\">Turkish<\/a>. For the sake of viewer convenience, the content is shown below in the alternative language. You may click the link to switch the active language.<\/p><p><strong>GAP Yenilebilir Enerji ve Enerji Verimlili\u011fi (YENEV) Merkezi \u0130\u015f Geli\u015ftirme Planlama \u00c7al\u0131\u015ftay\u0131, \u015eanl\u0131urfa Harran \u00dcniversitesi&#8217;nde ba\u015flad\u0131.<\/strong><\/p>\n<p>\u00dcniversitenin m\u00fchendislik fak\u00fcltesi Erdo\u011fan \u00c7\u00fcmen toplant\u0131 salonunda ger\u00e7ekle\u015fen \u00e7al\u0131\u015ftaya; Harran \u00fcniversitesi Rekt\u00f6r\u00fc Prof. Dr. \u0130brahim Halil Mutlu, Gap Kalk\u0131nma \u0130daresi Ba\u015fkan\u0131 Sadrettin Karahocagil, Danimarka Teknoloji Enstit\u00fcs\u00fcnden (Danish Technological Institude-DTI) Uzman Nicolai S\u00f8ndergaard, Mikael Grimmig, BM kalk\u0131nma program\u0131 koordinat\u00f6rleri, GAP idaresi yetkilileri ve Harran \u00fcniversitesi Gap YENEV ekibi temsilcilerin olu\u015fan heyet kat\u0131ld\u0131.<br \/>\n<img loading=\"lazy\" class=\"alignleft size-medium wp-image-5976\" title=\"gap-yenev-calistayi-harran-universitesinde-ba-4284525_o\" src=\"https:\/\/www.enerjigazetesi.ist\/wp-content\/uploads\/2013\/02\/gap-yenev-calistayi-harran-universitesinde-ba-4284525_o-300x199.jpg\" alt=\"\" width=\"300\" height=\"199\" srcset=\"https:\/\/www.enerjigazetesi.ist\/wp-content\/uploads\/2013\/02\/gap-yenev-calistayi-harran-universitesinde-ba-4284525_o-300x199.jpg 300w, https:\/\/www.enerjigazetesi.ist\/wp-content\/uploads\/2013\/02\/gap-yenev-calistayi-harran-universitesinde-ba-4284525_o-75x50.jpg 75w, https:\/\/www.enerjigazetesi.ist\/wp-content\/uploads\/2013\/02\/gap-yenev-calistayi-harran-universitesinde-ba-4284525_o.jpg 500w\" sizes=\"(max-width: 300px) 100vw, 300px\" \/>\u0130ki g\u00fcn s\u00fcrecek \u00e7al\u0131\u015ftayda GAP YENEV&#8217;in i\u015f paketlerinin nihai de\u011ferlendirme toplant\u0131lar\u0131 yap\u0131l\u0131rken, \u00e7al\u0131\u015ftay\u0131n a\u00e7\u0131l\u0131\u015f konu\u015fmalar\u0131n\u0131 Pelin Rodoplu ve Harran \u00dcniversitesi M\u00fchendislik Fak\u00fcltesi dekan\u0131 Prof. Dr B\u00fclent Ye\u015filata yapt\u0131.<br \/>\n<strong>GAP YENEV nedir?<\/strong><br \/>\nGAP-YENEV Merkezi, GAP B\u00f6lgesinde bulunan t\u00fcm \u00fcniversite, sanayi, kamu ve \u00f6zel kurulu\u015flar ile potansiyel giri\u015fimcilerin yararlanabilece\u011fi &#8216;Yenilenebilir Enerji ve Enerji Verimlili\u011fi Merkezi&#8217; olacakt\u0131r. Nitelikli e\u011fitim imkanlar\u0131 sa\u011flayacak, yeni teknolojik bulu\u015flar\u0131n geli\u015fmesine destek verecek, b\u00f6lgeye yeni yat\u0131r\u0131mlar\u0131 cazip k\u0131lacak ve yerel ve uluslararas\u0131 firmalar ile ara\u015ft\u0131rma merkezleri aras\u0131nda i\u015fbirli\u011fi f\u0131rsatlar\u0131 yaratacak bu Merkez vas\u0131tas\u0131yla, b\u00f6lgenin zengin yenilenebilir enerji potansiyeli ve hen\u00fcz bakir say\u0131labilecek enerji verimlili\u011fi olanaklar\u0131, b\u00f6lge i\u00e7in \u00f6nemli bir f\u0131rsata d\u00f6n\u00fc\u015febilecektir.<\/p>\n<p>Kaynak: <a href=\"http:\/\/www.energyworld.com.tr\/root.vol?title=-quotenerji-verimliligi-quot-temasiyla-basliyor&amp;exec=page&amp;nid=500209\" target=\"_blank\">Energy World<\/a><\/p>","protected":false},"excerpt":{"rendered":"<p>Sorry, this entry is only available in Turkish. For the sake of viewer convenience, the content is shown below in the alternative language. You may click the link to switch the active language.GAP Yenilebilir Enerji ve Enerji Verimlili\u011fi (YENEV) Merkezi \u0130\u015f Geli\u015ftirme Planlama \u00c7al\u0131\u015ftay\u0131, \u015eanl\u0131urfa Harran \u00dcniversitesi&#8217;nde ba\u015flad\u0131. \u00dcniversitenin m\u00fchendislik fak\u00fcltesi Erdo\u011fan \u00c7\u00fcmen toplant\u0131 salonunda [&hellip;]<\/p>\n","protected":false},"author":1,"featured_media":5976,"comment_status":"open","ping_status":"open","sticky":false,"template":"","format":"standard","meta":[],"categories":[53,52],"tags":[12,2096,2148,133,2149,105],"views":742,"_links":{"self":[{"href":"https:\/\/www.enerjigazetesi.ist\/en\/wp-json\/wp\/v2\/posts\/5975"}],"collection":[{"href":"https:\/\/www.enerjigazetesi.ist\/en\/wp-json\/wp\/v2\/posts"}],"about":[{"href":"https:\/\/www.enerjigazetesi.ist\/en\/wp-json\/wp\/v2\/types\/post"}],"author":[{"embeddable":true,"href":"https:\/\/www.enerjigazetesi.ist\/en\/wp-json\/wp\/v2\/users\/1"}],"replies":[{"embeddable":true,"href":"https:\/\/www.enerjigazetesi.ist\/en\/wp-json\/wp\/v2\/comments?post=5975"}],"version-history":[{"count":1,"href":"https:\/\/www.enerjigazetesi.ist\/en\/wp-json\/wp\/v2\/posts\/5975\/revisions"}],"predecessor-version":[{"id":5977,"href":"https:\/\/www.enerjigazetesi.ist\/en\/wp-json\/wp\/v2\/posts\/5975\/revisions\/5977"}],"wp:featuredmedia":[{"embeddable":true,"href":"https:\/\/www.enerjigazetesi.ist\/en\/wp-json\/wp\/v2\/media\/5976"}],"wp:attachment":[{"href":"https:\/\/www.enerjigazetesi.ist\/en\/wp-json\/wp\/v2\/media?parent=5975"}],"wp:term":[{"taxonomy":"category","embeddable":true,"href":"https:\/\/www.enerjigazetesi.ist\/en\/wp-json\/wp\/v2\/categories?post=5975"},{"taxonomy":"post_tag","embeddable":true,"href":"https:\/\/www.enerjigazetesi.ist\/en\/wp-json\/wp\/v2\/tags?post=5975"}],"curies":[{"name":"wp","href":"https:\/\/api.w.org\/{rel}","templated":true}]}}