{"id":59720,"date":"2016-12-05T12:02:12","date_gmt":"2016-12-05T09:02:12","guid":{"rendered":"https:\/\/www.enerjigazetesi.ist\/?p=59720"},"modified":"2016-12-05T17:47:11","modified_gmt":"2016-12-05T14:47:11","slug":"akenerjinin-genel-muduru-ahmet-umit-danisman-istifa-etti","status":"publish","type":"post","link":"https:\/\/www.enerjigazetesi.ist\/en\/akenerjinin-genel-muduru-ahmet-umit-danisman-istifa-etti\/","title":{"rendered":"(Turkish) Akenerji&#8217;nin Genel M\u00fcd\u00fcr\u00fc Ahmet \u00dcmit Dan\u0131\u015fman G\u00f6revini Devretti"},"content":{"rendered":"<p class=\"qtranxs-available-languages-message qtranxs-available-languages-message-en\">Sorry, this entry is only available in <a href=\"https:\/\/www.enerjigazetesi.ist\/tr\/wp-json\/wp\/v2\/posts\/59720\" class=\"qtranxs-available-language-link qtranxs-available-language-link-tr\" title=\"Turkish\">Turkish<\/a>. For the sake of viewer convenience, the content is shown below in the alternative language. You may click the link to switch the active language.<\/p><p><\/p>\n<p class=\"selectionShareable\" style=\"color: #0a0a0a;\">Ak Enerji KAP\u2019a yapt\u0131\u011f\u0131 a\u00e7\u0131klamada, y\u00f6netim de\u011fi\u015fikli\u011fi ile ilgili bilgi\u00a0sundu.<img loading=\"lazy\" class=\"size-full wp-image-85649 alignright td-animation-stack-type0-2\" src=\"http:\/\/statik.enerjienstitusu.com\/wp-content\/uploads\/akenerji-serhat-gencer-yeni-genel-mudur-2017.jpg\" alt=\"akenerji-serhat-gencer-yeni-genel-mudur-2017\" width=\"120\" height=\"160\" \/><span id=\"more-85645\"><\/span><\/p>\n<p class=\"selectionShareable\" style=\"color: #0a0a0a;\">\u015eirketten gelen a\u00e7\u0131klama\u00a0ise \u015fu \u015fekildedir;<\/p>\n<p class=\"selectionShareable\" style=\"color: #0a0a0a;\">\u015eirketimiz Y\u00f6netim Kurulu taraf\u0131ndan,<\/p>\n<p>1.\u015eirketimiz Y\u00f6netim\u00a0Kurulu \u00fcyesi ve Genel M\u00fcd\u00fcr\u00fc\u00a0 olarak\u00a0g\u00f6rev yapmakta olan Say\u0131n Ahmet \u00dcmit DANI\u015eMAN\u2019\u0131n, Y\u00f6netim Kurulu \u00dcyeli\u011fi\u00a0g\u00f6revini\u00a0aynen muhafaza etmek kayd\u0131yla,\u00a031.12.2016 Tarihi itibariyle Genel M\u00fcd\u00fcrl\u00fck ile\u00a0\u0130cra Komitesi Ba\u015fkanl\u0131\u011f\u0131 g\u00f6revlerinden\u00a0istifas\u0131n\u0131n\u00a0kabul\u00fcne,<\/p>\n<p>2.Say\u0131n\u00a0Ahmet\u00a0\u00dcmit DANI\u015eMAN\u2018dan bo\u015falan Genel M\u00fcd\u00fcrl\u00fck ve\u00a0\u0130cra Komitesi Ba\u015fkanl\u0131\u011f\u0131 g\u00f6revlerine\u00a0\u015eirketimiz \u00dcretim Genel M\u00fcd\u00fcr Yard\u0131mc\u0131s\u0131 Say\u0131n\u00a0Serhan GEN\u00c7ER\u2019in\u00a001.01.2017 tarihi itibariyle atanmas\u0131n\u0131n karar\u0131 al\u0131nm\u0131\u015ft\u0131r.<\/p>","protected":false},"excerpt":{"rendered":"<p>Sorry, this entry is only available in Turkish. For the sake of viewer convenience, the content is shown below in the alternative language. You may click the link to switch the active language. Ak Enerji KAP\u2019a yapt\u0131\u011f\u0131 a\u00e7\u0131klamada, y\u00f6netim de\u011fi\u015fikli\u011fi ile ilgili bilgi\u00a0sundu. \u015eirketten gelen a\u00e7\u0131klama\u00a0ise \u015fu \u015fekildedir; \u015eirketimiz Y\u00f6netim Kurulu taraf\u0131ndan, 1.\u015eirketimiz Y\u00f6netim\u00a0Kurulu \u00fcyesi [&hellip;]<\/p>\n","protected":false},"author":1,"featured_media":59721,"comment_status":"open","ping_status":"open","sticky":false,"template":"","format":"standard","meta":[],"categories":[53],"tags":[26077,3762,63,67,1009,2698,165,5436],"views":2573,"_links":{"self":[{"href":"https:\/\/www.enerjigazetesi.ist\/en\/wp-json\/wp\/v2\/posts\/59720"}],"collection":[{"href":"https:\/\/www.enerjigazetesi.ist\/en\/wp-json\/wp\/v2\/posts"}],"about":[{"href":"https:\/\/www.enerjigazetesi.ist\/en\/wp-json\/wp\/v2\/types\/post"}],"author":[{"embeddable":true,"href":"https:\/\/www.enerjigazetesi.ist\/en\/wp-json\/wp\/v2\/users\/1"}],"replies":[{"embeddable":true,"href":"https:\/\/www.enerjigazetesi.ist\/en\/wp-json\/wp\/v2\/comments?post=59720"}],"version-history":[{"count":3,"href":"https:\/\/www.enerjigazetesi.ist\/en\/wp-json\/wp\/v2\/posts\/59720\/revisions"}],"predecessor-version":[{"id":59746,"href":"https:\/\/www.enerjigazetesi.ist\/en\/wp-json\/wp\/v2\/posts\/59720\/revisions\/59746"}],"wp:featuredmedia":[{"embeddable":true,"href":"https:\/\/www.enerjigazetesi.ist\/en\/wp-json\/wp\/v2\/media\/59721"}],"wp:attachment":[{"href":"https:\/\/www.enerjigazetesi.ist\/en\/wp-json\/wp\/v2\/media?parent=59720"}],"wp:term":[{"taxonomy":"category","embeddable":true,"href":"https:\/\/www.enerjigazetesi.ist\/en\/wp-json\/wp\/v2\/categories?post=59720"},{"taxonomy":"post_tag","embeddable":true,"href":"https:\/\/www.enerjigazetesi.ist\/en\/wp-json\/wp\/v2\/tags?post=59720"}],"curies":[{"name":"wp","href":"https:\/\/api.w.org\/{rel}","templated":true}]}}