{"id":59712,"date":"2016-12-04T12:30:09","date_gmt":"2016-12-04T09:30:09","guid":{"rendered":"https:\/\/www.enerjigazetesi.ist\/?p=59712"},"modified":"2016-12-04T12:30:09","modified_gmt":"2016-12-04T09:30:09","slug":"karamanda-22-mwlik-ketir-hesin-kurulmasi-planlaniyor","status":"publish","type":"post","link":"https:\/\/www.enerjigazetesi.ist\/en\/karamanda-22-mwlik-ketir-hesin-kurulmasi-planlaniyor\/","title":{"rendered":"(Turkish) Karaman&#8217;da 22 MW&#8217;l\u0131k Ketir HES&#8217;in Kurulmas\u0131 Planlan\u0131yor"},"content":{"rendered":"<p class=\"qtranxs-available-languages-message qtranxs-available-languages-message-en\">Sorry, this entry is only available in <a href=\"https:\/\/www.enerjigazetesi.ist\/tr\/wp-json\/wp\/v2\/posts\/59712\" class=\"qtranxs-available-language-link qtranxs-available-language-link-tr\" title=\"Turkish\">Turkish<\/a>. For the sake of viewer convenience, the content is shown below in the alternative language. You may click the link to switch the active language.<\/p><p><strong>\u00c7akra Elektrik \u00dcretim Ltd. \u015eti. ta<a href=\"https:\/\/www.enerjigazetesi.ist\/wp-content\/uploads\/2016\/12\/karamanda-22-mwlik-ketir-hesin-kurulmasi-planlaniyor.jpg\"><img loading=\"lazy\" class=\"alignleft size-full wp-image-59713\" src=\"https:\/\/www.enerjigazetesi.ist\/wp-content\/uploads\/2016\/12\/karamanda-22-mwlik-ketir-hesin-kurulmasi-planlaniyor.jpg\" alt=\"karamanda-22-mwlik-ketir-hesin-kurulmasi-planlaniyor\" width=\"300\" height=\"200\" srcset=\"https:\/\/www.enerjigazetesi.ist\/wp-content\/uploads\/2016\/12\/karamanda-22-mwlik-ketir-hesin-kurulmasi-planlaniyor.jpg 300w, https:\/\/www.enerjigazetesi.ist\/wp-content\/uploads\/2016\/12\/karamanda-22-mwlik-ketir-hesin-kurulmasi-planlaniyor-75x50.jpg 75w\" sizes=\"(max-width: 300px) 100vw, 300px\" \/><\/a>raf\u0131ndan Karaman \u0130li, Sar\u0131veliler \u0130l\u00e7esi, Fariske Deresi \u00fczerinde 23,197 MWm \/ 22,269 MWe kurulu g\u00fcc\u00fcnde Ketir HES&#8217;in kurulmas\u0131 planlanmaktad\u0131r.<\/strong><\/p>\n<p>Projenin in\u015faat\u0131n\u0131n iki y\u0131l s\u00fcrmesi ve maliyetinin de 91.560.724 TL olmas\u0131 \u00f6ng\u00f6r\u00fclmektedir. Projenin ekonomik \u00f6mr\u00fc ise yakla\u015f\u0131k 50 y\u0131ld\u0131r.<\/p>\n<p><strong>PROJE \u0130\u00c7\u0130N HALK TOPLANTISI\u00a0GER\u00c7EKLE\u015eT\u0130R\u0130LECEK<\/strong><\/p>\n<p>Projeye ili\u015fkin, halk\u0131 proje hakk\u0131nda bilgilendirmek, g\u00f6r\u00fc\u015f ve \u00f6nerilerini almak amac\u0131yla \u00c7ED Y\u00f6netmeli\u011finin 9. maddesi gere\u011fince 15\/12\/2016 tarihinde Halk\u0131n Kat\u0131l\u0131m Toplant\u0131s\u0131\u00a0ger\u00e7ekle\u015ftirilecektir.<\/p>","protected":false},"excerpt":{"rendered":"<p>Sorry, this entry is only available in Turkish. For the sake of viewer convenience, the content is shown below in the alternative language. You may click the link to switch the active language.\u00c7akra Elektrik \u00dcretim Ltd. \u015eti. taraf\u0131ndan Karaman \u0130li, Sar\u0131veliler \u0130l\u00e7esi, Fariske Deresi \u00fczerinde 23,197 MWm \/ 22,269 MWe kurulu g\u00fcc\u00fcnde Ketir HES&#8217;in kurulmas\u0131 [&hellip;]<\/p>\n","protected":false},"author":1,"featured_media":59713,"comment_status":"open","ping_status":"open","sticky":false,"template":"","format":"standard","meta":[],"categories":[53,47],"tags":[32395,32394,2878,63,67,1009,2698,165,35370,1090,1679,32396],"views":841,"_links":{"self":[{"href":"https:\/\/www.enerjigazetesi.ist\/en\/wp-json\/wp\/v2\/posts\/59712"}],"collection":[{"href":"https:\/\/www.enerjigazetesi.ist\/en\/wp-json\/wp\/v2\/posts"}],"about":[{"href":"https:\/\/www.enerjigazetesi.ist\/en\/wp-json\/wp\/v2\/types\/post"}],"author":[{"embeddable":true,"href":"https:\/\/www.enerjigazetesi.ist\/en\/wp-json\/wp\/v2\/users\/1"}],"replies":[{"embeddable":true,"href":"https:\/\/www.enerjigazetesi.ist\/en\/wp-json\/wp\/v2\/comments?post=59712"}],"version-history":[{"count":1,"href":"https:\/\/www.enerjigazetesi.ist\/en\/wp-json\/wp\/v2\/posts\/59712\/revisions"}],"predecessor-version":[{"id":59714,"href":"https:\/\/www.enerjigazetesi.ist\/en\/wp-json\/wp\/v2\/posts\/59712\/revisions\/59714"}],"wp:featuredmedia":[{"embeddable":true,"href":"https:\/\/www.enerjigazetesi.ist\/en\/wp-json\/wp\/v2\/media\/59713"}],"wp:attachment":[{"href":"https:\/\/www.enerjigazetesi.ist\/en\/wp-json\/wp\/v2\/media?parent=59712"}],"wp:term":[{"taxonomy":"category","embeddable":true,"href":"https:\/\/www.enerjigazetesi.ist\/en\/wp-json\/wp\/v2\/categories?post=59712"},{"taxonomy":"post_tag","embeddable":true,"href":"https:\/\/www.enerjigazetesi.ist\/en\/wp-json\/wp\/v2\/tags?post=59712"}],"curies":[{"name":"wp","href":"https:\/\/api.w.org\/{rel}","templated":true}]}}