{"id":59647,"date":"2016-12-02T13:19:51","date_gmt":"2016-12-02T10:19:51","guid":{"rendered":"https:\/\/www.enerjigazetesi.ist\/?p=59647"},"modified":"2016-12-02T13:47:00","modified_gmt":"2016-12-02T10:47:00","slug":"suudi-arabistan-turkiyeye-enerji-ve-finans-alaninda-yatirim-hazirligi","status":"publish","type":"post","link":"https:\/\/www.enerjigazetesi.ist\/en\/suudi-arabistan-turkiyeye-enerji-ve-finans-alaninda-yatirim-hazirligi\/","title":{"rendered":"(Turkish) Suudi Arabistan&#8217;dan T\u00fcrkiye\u2019ye Enerji ve Finans Alan\u0131nda Yat\u0131r\u0131m Haz\u0131rl\u0131\u011f\u0131"},"content":{"rendered":"<p class=\"qtranxs-available-languages-message qtranxs-available-languages-message-en\">Sorry, this entry is only available in <a href=\"https:\/\/www.enerjigazetesi.ist\/tr\/wp-json\/wp\/v2\/posts\/59647\" class=\"qtranxs-available-language-link qtranxs-available-language-link-tr\" title=\"Turkish\">Turkish<\/a>. For the sake of viewer convenience, the content is shown below in the alternative language. You may click the link to switch the active language.<\/p><p><strong><span style=\"color: #0a0a0a;\">Suudi Arabistan Yat\u0131r\u0131m ve Ticaret Bakan\u0131 Macid bin Abdullah El Kasbi, \u201cT\u00fcrkiye yat\u0131r\u0131m yap\u0131labilecek bir \u00fclkedir. \u0130sl\u00e2m\u00ee bankalar da T\u00fcrkiye\u2019de yat\u0131r\u0131m projelerine imza atmaya haz\u0131rlan\u0131yorlar ayr\u0131ca Suudlu enerji \u015firketleri T\u00fcrkiye\u2019de <a href=\"https:\/\/www.enerjigazetesi.ist\/wp-content\/uploads\/2015\/04\/suudi-arabistan-petrol-piyasasindaki-payini-korumaya-kararli1.jpg\"><img loading=\"lazy\" class=\"alignleft size-medium wp-image-38779\" src=\"https:\/\/www.enerjigazetesi.ist\/wp-content\/uploads\/2015\/04\/suudi-arabistan-petrol-piyasasindaki-payini-korumaya-kararli1-300x197.jpg\" alt=\"suudi-arabistan\" width=\"300\" height=\"197\" srcset=\"https:\/\/www.enerjigazetesi.ist\/wp-content\/uploads\/2015\/04\/suudi-arabistan-petrol-piyasasindaki-payini-korumaya-kararli1-300x197.jpg 300w, https:\/\/www.enerjigazetesi.ist\/wp-content\/uploads\/2015\/04\/suudi-arabistan-petrol-piyasasindaki-payini-korumaya-kararli1-500x328.jpg 500w, https:\/\/www.enerjigazetesi.ist\/wp-content\/uploads\/2015\/04\/suudi-arabistan-petrol-piyasasindaki-payini-korumaya-kararli1-76x50.jpg 76w, https:\/\/www.enerjigazetesi.ist\/wp-content\/uploads\/2015\/04\/suudi-arabistan-petrol-piyasasindaki-payini-korumaya-kararli1.jpg 840w\" sizes=\"(max-width: 300px) 100vw, 300px\" \/><\/a>yat\u0131r\u0131m yapma konusunda isteklidir\u201d dedi.<\/span><\/strong><\/p>\n<p>\u201cBir ka\u00e7 toplant\u0131 yaparak \u00f6nceliklerimizi belirledik. \u0130\u015f metodumuzu tespit ettik. Say\u0131n bakan ve Yusuf Cevahir\u2019le Suudi Arabistan\u2019da bizi ziyaret etti. Ben bu iki devletin aras\u0131ndaki bu yeni ruh konusunda iyimserim. Zaten bug\u00fcn imzalar at\u0131ld\u0131. 7-8 anla\u015fma imzalad\u0131k\u201d dedi.<\/p>\n<p class=\"selectionShareable\"><strong>T\u00dcRK\u0130YE G\u00dcVEND\u0130\u011e\u0130M\u0130Z B\u0130R \u00dcLKED\u0130R<\/strong><\/p>\n<p class=\"selectionShareable\">El Kasbi, \u201cSuudi Arabistan i\u00e7in yat\u0131r\u0131m yolu her zaman a\u00e7\u0131kt\u0131r. G\u00f6r\u00fc\u015ft\u00fc\u011f\u00fcm\u00fcz petrol \u015firketlerimiz T\u00fcrkiye\u2019ye yat\u0131r\u0131m konusunda isteklidirler. T\u00fcrkiye g\u00fcvendi\u011fimiz bir \u00fclkedir. \u0130ki \u00fclke aras\u0131nda \u00e7ok\u00e7a yat\u0131r\u0131m olabilir. T\u00fcrkiye y\u00fcz\u00fc Avrupa\u2019ya bakan b\u00fcy\u00fck bir k\u00fclt\u00fcrd\u00fcr. \u0130ki \u00fclke aras\u0131nda yat\u0131r\u0131mlar\u0131n artaca\u011f\u0131n\u0131 d\u00fc\u015f\u00fcnmekteyim\u201d\u00a0ifadelerine yer verdi.<\/p>\n<p class=\"selectionShareable\">Haberin <a href=\"http:\/\/enerjienstitusu.com\/2016\/12\/02\/suudi-arabistandan-turkiyeye-enerji-finansta-yatirim-plani\/\" target=\"_blank\" rel=\"nofollow\">Devam\u0131 \u0130\u00e7in TIKLAYINIZ&gt;&gt;&gt;<\/a><\/p>\n<p class=\"selectionShareable\">Kaynak: Yeni \u015eafak<\/p>\n<p><\/p>","protected":false},"excerpt":{"rendered":"<p>Sorry, this entry is only available in Turkish. For the sake of viewer convenience, the content is shown below in the alternative language. You may click the link to switch the active language.Suudi Arabistan Yat\u0131r\u0131m ve Ticaret Bakan\u0131 Macid bin Abdullah El Kasbi, \u201cT\u00fcrkiye yat\u0131r\u0131m yap\u0131labilecek bir \u00fclkedir. \u0130sl\u00e2m\u00ee bankalar da T\u00fcrkiye\u2019de yat\u0131r\u0131m projelerine imza [&hellip;]<\/p>\n","protected":false},"author":1,"featured_media":51322,"comment_status":"open","ping_status":"open","sticky":false,"template":"","format":"standard","meta":[],"categories":[53],"tags":[63,67,1009,2698,165,16980,117,532,6476,32369,32370,1463,32371,32372,846],"views":494,"_links":{"self":[{"href":"https:\/\/www.enerjigazetesi.ist\/en\/wp-json\/wp\/v2\/posts\/59647"}],"collection":[{"href":"https:\/\/www.enerjigazetesi.ist\/en\/wp-json\/wp\/v2\/posts"}],"about":[{"href":"https:\/\/www.enerjigazetesi.ist\/en\/wp-json\/wp\/v2\/types\/post"}],"author":[{"embeddable":true,"href":"https:\/\/www.enerjigazetesi.ist\/en\/wp-json\/wp\/v2\/users\/1"}],"replies":[{"embeddable":true,"href":"https:\/\/www.enerjigazetesi.ist\/en\/wp-json\/wp\/v2\/comments?post=59647"}],"version-history":[{"count":2,"href":"https:\/\/www.enerjigazetesi.ist\/en\/wp-json\/wp\/v2\/posts\/59647\/revisions"}],"predecessor-version":[{"id":59649,"href":"https:\/\/www.enerjigazetesi.ist\/en\/wp-json\/wp\/v2\/posts\/59647\/revisions\/59649"}],"wp:featuredmedia":[{"embeddable":true,"href":"https:\/\/www.enerjigazetesi.ist\/en\/wp-json\/wp\/v2\/media\/51322"}],"wp:attachment":[{"href":"https:\/\/www.enerjigazetesi.ist\/en\/wp-json\/wp\/v2\/media?parent=59647"}],"wp:term":[{"taxonomy":"category","embeddable":true,"href":"https:\/\/www.enerjigazetesi.ist\/en\/wp-json\/wp\/v2\/categories?post=59647"},{"taxonomy":"post_tag","embeddable":true,"href":"https:\/\/www.enerjigazetesi.ist\/en\/wp-json\/wp\/v2\/tags?post=59647"}],"curies":[{"name":"wp","href":"https:\/\/api.w.org\/{rel}","templated":true}]}}