{"id":59416,"date":"2016-11-25T11:39:17","date_gmt":"2016-11-25T08:39:17","guid":{"rendered":"https:\/\/www.enerjigazetesi.ist\/?p=59416"},"modified":"2016-11-25T11:40:40","modified_gmt":"2016-11-25T08:40:40","slug":"kamu-enerjide-ar-ge-destegi-gectigimiz-yila-gore-yuzde-139-artis-gosterdi","status":"publish","type":"post","link":"https:\/\/www.enerjigazetesi.ist\/en\/kamu-enerjide-ar-ge-destegi-gectigimiz-yila-gore-yuzde-139-artis-gosterdi\/","title":{"rendered":"(Turkish) Kamu Enerjide Ar-Ge Deste\u011fi Ge\u00e7ti\u011fimiz Y\u0131la G\u00f6re Y\u00fczde 139 Art\u0131\u015f G\u00f6sterdi"},"content":{"rendered":"<p class=\"qtranxs-available-languages-message qtranxs-available-languages-message-en\">Sorry, this entry is only available in <a href=\"https:\/\/www.enerjigazetesi.ist\/tr\/wp-json\/wp\/v2\/posts\/59416\" class=\"qtranxs-available-language-link qtranxs-available-language-link-tr\" title=\"Turkish\">Turkish<\/a>. For the sake of viewer convenience, the content is shown below in the alternative language. You may click the link to switch the active language.<\/p><p><strong><span style=\"color: #0a0a0a;\">T\u00fcrkiye\u2019de kamunun enerji alan\u0131nda yurt i\u00e7i ara\u015ft\u0131rma ve geli\u015ftirmeye (Ar-Ge) yapt\u0131\u011f\u0131 yat\u0131r\u0131m miktar\u0131 ge\u00e7ti\u011fimiz y\u0131l<a href=\"https:\/\/www.enerjigazetesi.ist\/wp-content\/uploads\/2015\/05\/6-ruzgar-ve-gunes-yenilenebilir-enerji-kongresi-16-haziranda-istanbulda.jpg\"><img loading=\"lazy\" class=\"alignleft size-medium wp-image-38905\" src=\"https:\/\/www.enerjigazetesi.ist\/wp-content\/uploads\/2015\/05\/6-ruzgar-ve-gunes-yenilenebilir-enerji-kongresi-16-haziranda-istanbulda-300x168.jpg\" alt=\"ruzgar-ve-gunes-yenilenebilir-enerji\" width=\"300\" height=\"168\" srcset=\"https:\/\/www.enerjigazetesi.ist\/wp-content\/uploads\/2015\/05\/6-ruzgar-ve-gunes-yenilenebilir-enerji-kongresi-16-haziranda-istanbulda-300x168.jpg 300w, https:\/\/www.enerjigazetesi.ist\/wp-content\/uploads\/2015\/05\/6-ruzgar-ve-gunes-yenilenebilir-enerji-kongresi-16-haziranda-istanbulda-500x281.jpg 500w, https:\/\/www.enerjigazetesi.ist\/wp-content\/uploads\/2015\/05\/6-ruzgar-ve-gunes-yenilenebilir-enerji-kongresi-16-haziranda-istanbulda-80x45.jpg 80w, https:\/\/www.enerjigazetesi.ist\/wp-content\/uploads\/2015\/05\/6-ruzgar-ve-gunes-yenilenebilir-enerji-kongresi-16-haziranda-istanbulda.jpg 620w\" sizes=\"(max-width: 300px) 100vw, 300px\" \/><\/a>, bir \u00f6nceki y\u0131la g\u00f6re y\u00fczde 139 art\u0131\u015f ile 144 milyon 422 bin 398 lira olarak ger\u00e7ekle\u015fti.<\/span><\/strong><\/p>\n<p>2011\u2019de enerji sekt\u00f6r\u00fcndeki Ar-Ge faaliyetlerine 60 milyon lira kaynak ayr\u0131lan kamuda, son be\u015f y\u0131lda yat\u0131r\u0131m miktar\u0131 iki kat\u0131n \u00fczerinde art\u0131\u015f g\u00f6sterdi.<\/p>\n<p>Kamu kesimi taraf\u0131ndan yap\u0131lan Ar-Ge harcamalar\u0131nda enerjide pay y\u00fczde 6,7 oldu. Kamu, enerji sekt\u00f6r\u00fcnde Ar-Ge\u2019de yat\u0131r\u0131m miktar\u0131n\u0131 y\u00fczde 139 art\u0131rarak 144 milyon 422 bin 929 liraya y\u00fckseltti. Bu rakam, 2014\u2019te 60 milyon 451 bin 398 lira olarak ger\u00e7ekle\u015fmi\u015fti.<\/p>\n<p>&nbsp;<\/p>","protected":false},"excerpt":{"rendered":"<p>Sorry, this entry is only available in Turkish. For the sake of viewer convenience, the content is shown below in the alternative language. You may click the link to switch the active language.T\u00fcrkiye\u2019de kamunun enerji alan\u0131nda yurt i\u00e7i ara\u015ft\u0131rma ve geli\u015ftirmeye (Ar-Ge) yapt\u0131\u011f\u0131 yat\u0131r\u0131m miktar\u0131 ge\u00e7ti\u011fimiz y\u0131l, bir \u00f6nceki y\u0131la g\u00f6re y\u00fczde 139 art\u0131\u015f ile [&hellip;]<\/p>\n","protected":false},"author":1,"featured_media":38905,"comment_status":"open","ping_status":"open","sticky":false,"template":"","format":"standard","meta":[],"categories":[53],"tags":[7257,32285,63,67,1009,2698,165,32286,1274,2357,4822],"views":665,"_links":{"self":[{"href":"https:\/\/www.enerjigazetesi.ist\/en\/wp-json\/wp\/v2\/posts\/59416"}],"collection":[{"href":"https:\/\/www.enerjigazetesi.ist\/en\/wp-json\/wp\/v2\/posts"}],"about":[{"href":"https:\/\/www.enerjigazetesi.ist\/en\/wp-json\/wp\/v2\/types\/post"}],"author":[{"embeddable":true,"href":"https:\/\/www.enerjigazetesi.ist\/en\/wp-json\/wp\/v2\/users\/1"}],"replies":[{"embeddable":true,"href":"https:\/\/www.enerjigazetesi.ist\/en\/wp-json\/wp\/v2\/comments?post=59416"}],"version-history":[{"count":2,"href":"https:\/\/www.enerjigazetesi.ist\/en\/wp-json\/wp\/v2\/posts\/59416\/revisions"}],"predecessor-version":[{"id":59418,"href":"https:\/\/www.enerjigazetesi.ist\/en\/wp-json\/wp\/v2\/posts\/59416\/revisions\/59418"}],"wp:featuredmedia":[{"embeddable":true,"href":"https:\/\/www.enerjigazetesi.ist\/en\/wp-json\/wp\/v2\/media\/38905"}],"wp:attachment":[{"href":"https:\/\/www.enerjigazetesi.ist\/en\/wp-json\/wp\/v2\/media?parent=59416"}],"wp:term":[{"taxonomy":"category","embeddable":true,"href":"https:\/\/www.enerjigazetesi.ist\/en\/wp-json\/wp\/v2\/categories?post=59416"},{"taxonomy":"post_tag","embeddable":true,"href":"https:\/\/www.enerjigazetesi.ist\/en\/wp-json\/wp\/v2\/tags?post=59416"}],"curies":[{"name":"wp","href":"https:\/\/api.w.org\/{rel}","templated":true}]}}