{"id":59413,"date":"2016-11-25T11:28:24","date_gmt":"2016-11-25T08:28:24","guid":{"rendered":"https:\/\/www.enerjigazetesi.ist\/?p=59413"},"modified":"2016-11-25T11:29:49","modified_gmt":"2016-11-25T08:29:49","slug":"konya-karapinardaki-1000-mwlik-gunes-enerjisi-projesine-yogun-ilgi","status":"publish","type":"post","link":"https:\/\/www.enerjigazetesi.ist\/en\/konya-karapinardaki-1000-mwlik-gunes-enerjisi-projesine-yogun-ilgi\/","title":{"rendered":"(Turkish) Konya Karap\u0131nar&#8217;daki 1000 MW&#8217;l\u0131k G\u00fcne\u015f Enerjisi Projesine Yo\u011fun \u0130lgi"},"content":{"rendered":"<p class=\"qtranxs-available-languages-message qtranxs-available-languages-message-en\">Sorry, this entry is only available in <a href=\"https:\/\/www.enerjigazetesi.ist\/tr\/wp-json\/wp\/v2\/posts\/59413\" class=\"qtranxs-available-language-link qtranxs-available-language-link-tr\" title=\"Turkish\">Turkish<\/a>. For the sake of viewer convenience, the content is shown below in the alternative language. You may click the link to switch the active language.<\/p><p><strong><span style=\"color: #0a0a0a;\">Konya Karap\u0131nar\u2019da kurulacak G\u00fcne\u015f Enerjisi Santrali (GES) yat\u0131r\u0131mc\u0131lardan yo\u011fun ilgi g\u00f6rd<img loading=\"lazy\" class=\"alignright size-medium wp-image-51895\" src=\"https:\/\/www.enerjigazetesi.ist\/wp-content\/uploads\/2016\/04\/gunes-santrali-ges-tarlasi-kurmak-istiyorum-peki-nereden-baslamaliyim-300x189.jpg\" alt=\"gunes-santrali-ges-tarlasi\" width=\"300\" height=\"189\" srcset=\"https:\/\/www.enerjigazetesi.ist\/wp-content\/uploads\/2016\/04\/gunes-santrali-ges-tarlasi-kurmak-istiyorum-peki-nereden-baslamaliyim-300x189.jpg 300w, https:\/\/www.enerjigazetesi.ist\/wp-content\/uploads\/2016\/04\/gunes-santrali-ges-tarlasi-kurmak-istiyorum-peki-nereden-baslamaliyim-500x316.jpg 500w, https:\/\/www.enerjigazetesi.ist\/wp-content\/uploads\/2016\/04\/gunes-santrali-ges-tarlasi-kurmak-istiyorum-peki-nereden-baslamaliyim-80x50.jpg 80w, https:\/\/www.enerjigazetesi.ist\/wp-content\/uploads\/2016\/04\/gunes-santrali-ges-tarlasi-kurmak-istiyorum-peki-nereden-baslamaliyim.jpg 765w\" sizes=\"(max-width: 300px) 100vw, 300px\" \/>\u00fc. 1.3-1.5 milyar dolarl\u0131k fabrika ve g\u00fcne\u015f enerji santrali kurulumu yat\u0131r\u0131m\u0131n\u0131n yap\u0131laca\u011f\u0131 proje i\u00e7in 20\u2019den fazla giri\u015fimci \u015fartnameyi sat\u0131n ald\u0131. Ayr\u0131ca giri\u015fimci say\u0131s\u0131n\u0131n 40\u2019a kadar artabilece\u011fi belirtiliyor.<\/span><\/strong><\/p>\n<p>G\u00fcne\u015f mod\u00fcl\u00fc \u00fcretim fabrikas\u0131, Ar-Ge merkezi ve g\u00fcne\u015f enerjisi elektrik \u00fcretim tesisi kurulmas\u0131 i\u00e7in d\u00fczenledi\u011fi yar\u0131\u015fmada, son teklifler 12 Aral\u0131k 2016 tarihinde al\u0131nacak. Yar\u0131\u015fma ise 15 Aral\u0131k\u2019ta ger\u00e7ekle\u015ftirilecektir.<\/p>\n<p>Yap\u0131lmas\u0131 planlanan 1000 megavatl\u0131k G\u00fcne\u015f Enerji Santrali yakla\u015f\u0131k 1.7 milyar kilovat saat elektrik \u00fcretimi ile 600 binden fazla evin elektri\u011fini kar\u015f\u0131lanacakt\u0131r.<\/p>","protected":false},"excerpt":{"rendered":"<p>Sorry, this entry is only available in Turkish. For the sake of viewer convenience, the content is shown below in the alternative language. You may click the link to switch the active language.Konya Karap\u0131nar\u2019da kurulacak G\u00fcne\u015f Enerjisi Santrali (GES) yat\u0131r\u0131mc\u0131lardan yo\u011fun ilgi g\u00f6rd\u00fc. 1.3-1.5 milyar dolarl\u0131k fabrika ve g\u00fcne\u015f enerji santrali kurulumu yat\u0131r\u0131m\u0131n\u0131n yap\u0131laca\u011f\u0131 proje [&hellip;]<\/p>\n","protected":false},"author":1,"featured_media":51895,"comment_status":"open","ping_status":"open","sticky":false,"template":"","format":"standard","meta":[],"categories":[53,49],"tags":[63,67,1009,2698,165,2326,227,13,23133,2401,26059,4269],"views":1096,"_links":{"self":[{"href":"https:\/\/www.enerjigazetesi.ist\/en\/wp-json\/wp\/v2\/posts\/59413"}],"collection":[{"href":"https:\/\/www.enerjigazetesi.ist\/en\/wp-json\/wp\/v2\/posts"}],"about":[{"href":"https:\/\/www.enerjigazetesi.ist\/en\/wp-json\/wp\/v2\/types\/post"}],"author":[{"embeddable":true,"href":"https:\/\/www.enerjigazetesi.ist\/en\/wp-json\/wp\/v2\/users\/1"}],"replies":[{"embeddable":true,"href":"https:\/\/www.enerjigazetesi.ist\/en\/wp-json\/wp\/v2\/comments?post=59413"}],"version-history":[{"count":2,"href":"https:\/\/www.enerjigazetesi.ist\/en\/wp-json\/wp\/v2\/posts\/59413\/revisions"}],"predecessor-version":[{"id":59415,"href":"https:\/\/www.enerjigazetesi.ist\/en\/wp-json\/wp\/v2\/posts\/59413\/revisions\/59415"}],"wp:featuredmedia":[{"embeddable":true,"href":"https:\/\/www.enerjigazetesi.ist\/en\/wp-json\/wp\/v2\/media\/51895"}],"wp:attachment":[{"href":"https:\/\/www.enerjigazetesi.ist\/en\/wp-json\/wp\/v2\/media?parent=59413"}],"wp:term":[{"taxonomy":"category","embeddable":true,"href":"https:\/\/www.enerjigazetesi.ist\/en\/wp-json\/wp\/v2\/categories?post=59413"},{"taxonomy":"post_tag","embeddable":true,"href":"https:\/\/www.enerjigazetesi.ist\/en\/wp-json\/wp\/v2\/tags?post=59413"}],"curies":[{"name":"wp","href":"https:\/\/api.w.org\/{rel}","templated":true}]}}