{"id":59295,"date":"2016-11-20T17:55:04","date_gmt":"2016-11-20T14:55:04","guid":{"rendered":"https:\/\/www.enerjigazetesi.ist\/?p=59295"},"modified":"2016-11-20T17:55:52","modified_gmt":"2016-11-20T14:55:52","slug":"rusya-enerji-bakani-novak-opec-temsilcileriyle-gorustu","status":"publish","type":"post","link":"https:\/\/www.enerjigazetesi.ist\/en\/rusya-enerji-bakani-novak-opec-temsilcileriyle-gorustu\/","title":{"rendered":"(Turkish) Rusya Enerji Bakan\u0131 Novak OPEC Temsilcileriyle G\u00f6r\u00fc\u015ft\u00fc"},"content":{"rendered":"<p class=\"qtranxs-available-languages-message qtranxs-available-languages-message-en\">Sorry, this entry is only available in <a href=\"https:\/\/www.enerjigazetesi.ist\/tr\/wp-json\/wp\/v2\/posts\/59295\" class=\"qtranxs-available-language-link qtranxs-available-language-link-tr\" title=\"Turkish\">Turkish<\/a>. For the sake of viewer convenience, the content is shown below in the alternative language. You may click the link to switch the active language.<\/p><p><\/p>\n<p class=\"selectionShareable\" style=\"color: #0a0a0a;\"><strong>Rusya Enerji Bakanl\u0131\u011f\u0131 bas\u0131n servisi yetkilisinin a\u00e7\u0131klamas\u0131na g\u00f6re Novak\u2019\u0131n Doha\u2019da Gaz \u0130hra\u00e7 Eden \u00dclkeler Forumu\u2019na (GECF) kat\u0131larak ve OPEC temsilcileriyle g\u00f6r\u00fc\u015ft\u00fc.<a href=\"https:\/\/www.enerjigazetesi.ist\/wp-content\/uploads\/2015\/11\/novak-turk-akimi-icin-gorusmelere-devam-etmeye-haziriz.jpg\"><img loading=\"lazy\" class=\"alignright size-medium wp-image-46601\" src=\"https:\/\/www.enerjigazetesi.ist\/wp-content\/uploads\/2015\/11\/novak-turk-akimi-icin-gorusmelere-devam-etmeye-haziriz-300x165.jpg\" alt=\"novak\" width=\"300\" height=\"165\" srcset=\"https:\/\/www.enerjigazetesi.ist\/wp-content\/uploads\/2015\/11\/novak-turk-akimi-icin-gorusmelere-devam-etmeye-haziriz-300x165.jpg 300w, https:\/\/www.enerjigazetesi.ist\/wp-content\/uploads\/2015\/11\/novak-turk-akimi-icin-gorusmelere-devam-etmeye-haziriz-500x276.jpg 500w, https:\/\/www.enerjigazetesi.ist\/wp-content\/uploads\/2015\/11\/novak-turk-akimi-icin-gorusmelere-devam-etmeye-haziriz-80x44.jpg 80w, https:\/\/www.enerjigazetesi.ist\/wp-content\/uploads\/2015\/11\/novak-turk-akimi-icin-gorusmelere-devam-etmeye-haziriz.jpg 696w\" sizes=\"(max-width: 300px) 100vw, 300px\" \/><\/a><\/strong><span id=\"more-85236\"><\/span><\/p>\n<p class=\"selectionShareable\" style=\"color: #0a0a0a;\">Novak&#8217;\u0131n daha \u00f6nce yapt\u0131\u011f\u0131 a\u00e7\u0131klamas\u0131nda, OPEC\u2019in de kat\u0131laca\u011f\u0131 petrol \u00fcretim seviyelerini dondurma karar\u0131n\u0131n piyasalar\u0131n dengelenmesi i\u00e7in en etkili \u00e7\u00f6z\u00fcm oldu\u011fu ve Rusya\u2019n\u0131n da b\u00f6yle bir ad\u0131m\u0131 destekleyece\u011fini de ifade etmi\u015fti.<\/p>\n<p class=\"selectionShareable\" style=\"color: #0a0a0a;\">\u00dcretim seviyelerinin dondurulmas\u0131 y\u00f6nelik karar\u0131n al\u0131nmas\u0131 halinde ise Rusya\u2019n\u0131n kas\u0131m ay\u0131 \u00fcretim seviyesini taban seviyesi olarak almas\u0131 beklenmektedir.<\/p>\n<p><\/p>","protected":false},"excerpt":{"rendered":"<p>Sorry, this entry is only available in Turkish. For the sake of viewer convenience, the content is shown below in the alternative language. You may click the link to switch the active language. Rusya Enerji Bakanl\u0131\u011f\u0131 bas\u0131n servisi yetkilisinin a\u00e7\u0131klamas\u0131na g\u00f6re Novak\u2019\u0131n Doha\u2019da Gaz \u0130hra\u00e7 Eden \u00dclkeler Forumu\u2019na (GECF) kat\u0131larak ve OPEC temsilcileriyle g\u00f6r\u00fc\u015ft\u00fc. Novak&#8217;\u0131n [&hellip;]<\/p>\n","protected":false},"author":1,"featured_media":46601,"comment_status":"open","ping_status":"open","sticky":false,"template":"","format":"standard","meta":[],"categories":[53,44],"tags":[63,67,1009,2698,165,32241,1377,59,79,2388,887,2522,1369,4709,32242],"views":625,"_links":{"self":[{"href":"https:\/\/www.enerjigazetesi.ist\/en\/wp-json\/wp\/v2\/posts\/59295"}],"collection":[{"href":"https:\/\/www.enerjigazetesi.ist\/en\/wp-json\/wp\/v2\/posts"}],"about":[{"href":"https:\/\/www.enerjigazetesi.ist\/en\/wp-json\/wp\/v2\/types\/post"}],"author":[{"embeddable":true,"href":"https:\/\/www.enerjigazetesi.ist\/en\/wp-json\/wp\/v2\/users\/1"}],"replies":[{"embeddable":true,"href":"https:\/\/www.enerjigazetesi.ist\/en\/wp-json\/wp\/v2\/comments?post=59295"}],"version-history":[{"count":2,"href":"https:\/\/www.enerjigazetesi.ist\/en\/wp-json\/wp\/v2\/posts\/59295\/revisions"}],"predecessor-version":[{"id":59297,"href":"https:\/\/www.enerjigazetesi.ist\/en\/wp-json\/wp\/v2\/posts\/59295\/revisions\/59297"}],"wp:featuredmedia":[{"embeddable":true,"href":"https:\/\/www.enerjigazetesi.ist\/en\/wp-json\/wp\/v2\/media\/46601"}],"wp:attachment":[{"href":"https:\/\/www.enerjigazetesi.ist\/en\/wp-json\/wp\/v2\/media?parent=59295"}],"wp:term":[{"taxonomy":"category","embeddable":true,"href":"https:\/\/www.enerjigazetesi.ist\/en\/wp-json\/wp\/v2\/categories?post=59295"},{"taxonomy":"post_tag","embeddable":true,"href":"https:\/\/www.enerjigazetesi.ist\/en\/wp-json\/wp\/v2\/tags?post=59295"}],"curies":[{"name":"wp","href":"https:\/\/api.w.org\/{rel}","templated":true}]}}