{"id":5924,"date":"2013-02-01T16:04:11","date_gmt":"2013-02-01T13:04:11","guid":{"rendered":"https:\/\/www.enerjigazetesi.ist\/?p=5924"},"modified":"2013-02-01T16:04:11","modified_gmt":"2013-02-01T13:04:11","slug":"en-yuksek-enerji-faturasini-2012%e2%80%b2de-odedik","status":"publish","type":"post","link":"https:\/\/www.enerjigazetesi.ist\/en\/en-yuksek-enerji-faturasini-2012%e2%80%b2de-odedik\/","title":{"rendered":"(Turkish) En Y\u00fcksek Enerji Faturas\u0131n\u0131 2012\u2032de \u00d6dedik&#8230;"},"content":{"rendered":"<p class=\"qtranxs-available-languages-message qtranxs-available-languages-message-en\">Sorry, this entry is only available in <a href=\"https:\/\/www.enerjigazetesi.ist\/tr\/wp-json\/wp\/v2\/posts\/5924\" class=\"qtranxs-available-language-link qtranxs-available-language-link-tr\" title=\"Turkish\">Turkish<\/a>. For the sake of viewer convenience, the content is shown below in the alternative language. You may click the link to switch the active language.<\/p><p><strong>2012 y\u0131l\u0131 d\u0131\u015f ticaret rakamlar\u0131 a\u00e7\u0131kland\u0131. Bir\u00e7ok a\u00e7\u0131dan bu veriler ilgin\u00e7 bir tabloyu ortaya koyuyor.<\/strong><\/p>\n<p>\u25a0 2001 krizinden bu yana ilk kez ihracat artarken ithalat d\u00fc\u015ft\u00fc. \u0130htalattaki d\u00fc\u015f\u00fc\u015f y\u00fczde 1.8, ihracattaki art\u0131\u015f y\u00fczde 13.1 d\u00fczeyinde ger\u00e7ekle\u015fti. 2009 da hem ithalat hem de ihracat d\u00fc\u015f\u00fc\u015f kaydetmi\u015fti.<\/p>\n<p>\u25a0 \u0130hracatla birlikte d\u0131\u015f ticaret hacmi de rekor k\u0131rarken d\u0131\u015f ticaret a\u00e7\u0131\u011f\u0131ndaki daralma y\u00fczde 20.7\u2032yi buldu.<\/p>\n<p>\u25a0 \u0130hracat\u0131n art\u0131\u015f\u0131nda ilk kez net alt\u0131n ihrac\u0131n\u0131n 5.7 milyar dolara \u00e7\u0131kmas\u0131n\u0131n \u00f6nemli katk\u0131s\u0131 var. 2011 y\u0131l\u0131nda 4.8 milyar dolar net alt\u0131n ithalat\u0131 yap\u0131ld\u0131\u011f\u0131 dikkate al\u0131nd\u0131\u011f\u0131nda d\u0131\u015f ticaret a\u00e7\u0131\u011f\u0131n\u0131n d\u00fczelmesinin yakla\u015f\u0131k yar\u0131s\u0131 (10.5 milyar dolar) buradan kaynakland\u0131.<\/p>\n<p>\u25a0 Alt\u0131n ihracat\u0131ndaki s\u0131\u00e7raman\u0131n da etkisiyle \u0130ran 10 milyar dolarla en \u00e7ok ihracat yapt\u0131\u011f\u0131m\u0131z \u00fc\u00e7\u00fcnc\u00fc \u00fclke konumuna geldi. \u0130ran a ihracat y\u00fczde 176 artt\u0131. Ondan daha h\u0131zl\u0131 art\u0131\u015f Libya\u2019da y\u00fczde 186 ile ger\u00e7ekle\u015fti. Bu da kaybetti\u011fimiz Libya pazar\u0131n\u0131 yeniden kazand\u0131\u011f\u0131m\u0131za i\u015faret ediyor.<\/p>\n<p>\u25a0 \u0130hracattaki as\u0131l kazan\u0131m ise AB pazar\u0131n\u0131 ikame edecek yeni pazarlar\u0131n bulunmas\u0131 oldu. Avrupa krizinden dolay\u0131 2012 bu ekonomilerin darald\u0131\u011f\u0131 bir y\u0131lda T\u00fcrkiye\u2019den yap\u0131lan ithalat da do\u011fal olarak azald\u0131. T\u00fcrkiye\u2019nin 27 AB \u00fclkesine ihracat\u0131 y\u00fczde 5 azald\u0131 ve toplam 62.4 milyar dolardan 59.2 milyar dolara indi. Toplam ihracat i\u00e7inde AB\u2019nin pay\u0131 da y\u00fczde 38.8 ile tarihi en d\u00fc\u015f\u00fck d\u00fczeyine geriledi.<\/p>\n<p>\u25a0 Ana pazarda bir y\u0131lda y\u00fczde 46.2 den y\u00fczde 38.8 e inilmesine ra\u011fmen ihracatta d\u00fc\u015f\u00fc\u015f ya\u015fanmad\u0131, aksine y\u00fczde 13.1 art\u0131\u015f oldu. \u00c7\u00fcnk\u00fc di\u011fer \u00fclkelere yap\u0131lan ihracat y\u00fczde 30 art\u0131r\u0131ld\u0131. Bunda pazar aray\u0131\u015flar\u0131 yan\u0131nda i\u00e7 t\u00fcketim art\u0131\u015f\u0131n\u0131n s\u0131f\u0131r d\u00fczeyine indirilmesinin rol\u00fc b\u00fcy\u00fck. Kur politikas\u0131 da engelleyici olmad\u0131. Yukar\u0131da yer alan tabloya bak\u0131nca toplam ihracat i\u00e7inde AB\u2019nin pay\u0131n\u0131n y\u00fczde 56-58\u2032den y\u00fczde 40\u2032\u0131n alt\u0131na inmesi d\u0131\u015f sat\u0131m\u0131 bir b\u00f6lgeye ba\u011f\u0131ml\u0131l\u0131ktan kurtar\u0131yor.<\/p>\n<p>\u25a0 Bir ba\u015fka ilgin\u00e7 nokta ise ithalatta ya\u015fand\u0131. Petrol fiyatlar\u0131n\u0131n ortalama olarak y\u00fcksek seyretmesinin T\u00fcrkiye ye \u00e7\u0131kard\u0131\u011f\u0131 fatura \u015fimdiye kadar en kabar\u0131\u011f\u0131 oldu. Petrol ve do\u011falgaz\u0131 da i\u00e7eren enerji ithalat\u0131 i\u00e7in ge\u00e7en y\u0131l toplam 60.1 milyar dolar \u00f6dendi. Bu rakam, \u015fimdiye kadarki en y\u00fcksek fatura. Bunun da 236.5 milyar dolarl\u0131k toplam ithalata oran\u0131 y\u00fczde 25.4 ile \u015fimdiye kadarki en y\u00fcksek orana \u00e7\u0131kt\u0131. \u0130thalat faturas\u0131n\u0131n d\u00f6rtte biri enerjiye gitti. 2005 y\u0131l\u0131na kadar y\u00fczde 10\u2032lu seviyelerde ger\u00e7ekle\u015fen enerji ithalat\u0131n\u0131n toplam i\u00e7indeki pay\u0131, k\u00fcresel fiyatlar\u0131n y\u00fckselmesiyle son y\u0131llarda y\u00fczde 20 lerin \u00fczerine \u00e7\u0131kt\u0131. Bu y\u0131lki enerji faturas\u0131n\u0131n da, b\u00fcy\u00fcmenin daha y\u00fcksek \u00e7\u0131kaca\u011f\u0131 ve petrol fiyatlar\u0131n\u0131n yatay seyredece\u011fi varsay\u0131m\u0131yla art\u0131\u015f\u0131n\u0131 daha s\u00fcrd\u00fcrmesi beklenebilir.<\/p>\n<p>\u25a0 Ancak ge\u00e7en y\u0131lki ger\u00e7ekle\u015fmeler ve aral\u0131k ay\u0131ndaki d\u00fc\u015f\u00fck ithalat rakam\u0131n\u0131n etkisiyle y\u0131ll\u0131k cari a\u00e7\u0131\u011f\u0131n t\u00fcm tahminlerin alt\u0131nda kalma ihtimali y\u00fckseldi. Orta Vadeli Planda 64 milyar dolar al\u0131nan, ekimde 58.5 milyar dolara revize edilen 2012 cari a\u00e7\u0131\u011f\u0131, son rakamlarla 50 milyar dolara inebilir. Bu da 800 milyar dolarl\u0131k milli gelirin y\u00fczde 6.2 sine denk geliyor.<\/p>\n<p><strong>SONU\u00c7:<\/strong> \u201c\u0130lkbaharda ekti\u011fini yaz\u0131n bi\u00e7eceksin.\u201d Epiktetos<\/p>\n<p>&nbsp;<\/p>\n<p><img loading=\"lazy\" src=\"http:\/\/static.enerjienstitusu.netdna-cdn.com\/medya\/enerji-ithalati-faturasi-2013.jpg\" alt=\"enerji ithalati faturasi 2013\" width=\"497\" height=\"633\" \/><\/p>\n<p>Kaynak: <a href=\"http:\/\/enerjienstitusu.com\/2013\/02\/01\/kose-yazisi-en-yuksek-enerji-faturasini-2012de-odedik\/\" target=\"_blank\">Enerji Enstit\u00fcs\u00fc<\/a><\/p>","protected":false},"excerpt":{"rendered":"<p>Sorry, this entry is only available in Turkish. For the sake of viewer convenience, the content is shown below in the alternative language. You may click the link to switch the active language.2012 y\u0131l\u0131 d\u0131\u015f ticaret rakamlar\u0131 a\u00e7\u0131kland\u0131. Bir\u00e7ok a\u00e7\u0131dan bu veriler ilgin\u00e7 bir tabloyu ortaya koyuyor. \u25a0 2001 krizinden bu yana ilk kez ihracat [&hellip;]<\/p>\n","protected":false},"author":1,"featured_media":5823,"comment_status":"open","ping_status":"open","sticky":false,"template":"","format":"standard","meta":[],"categories":[46,51,53,44],"tags":[719,2110,774,67,94],"views":1007,"_links":{"self":[{"href":"https:\/\/www.enerjigazetesi.ist\/en\/wp-json\/wp\/v2\/posts\/5924"}],"collection":[{"href":"https:\/\/www.enerjigazetesi.ist\/en\/wp-json\/wp\/v2\/posts"}],"about":[{"href":"https:\/\/www.enerjigazetesi.ist\/en\/wp-json\/wp\/v2\/types\/post"}],"author":[{"embeddable":true,"href":"https:\/\/www.enerjigazetesi.ist\/en\/wp-json\/wp\/v2\/users\/1"}],"replies":[{"embeddable":true,"href":"https:\/\/www.enerjigazetesi.ist\/en\/wp-json\/wp\/v2\/comments?post=5924"}],"version-history":[{"count":2,"href":"https:\/\/www.enerjigazetesi.ist\/en\/wp-json\/wp\/v2\/posts\/5924\/revisions"}],"predecessor-version":[{"id":5926,"href":"https:\/\/www.enerjigazetesi.ist\/en\/wp-json\/wp\/v2\/posts\/5924\/revisions\/5926"}],"wp:featuredmedia":[{"embeddable":true,"href":"https:\/\/www.enerjigazetesi.ist\/en\/wp-json\/wp\/v2\/media\/5823"}],"wp:attachment":[{"href":"https:\/\/www.enerjigazetesi.ist\/en\/wp-json\/wp\/v2\/media?parent=5924"}],"wp:term":[{"taxonomy":"category","embeddable":true,"href":"https:\/\/www.enerjigazetesi.ist\/en\/wp-json\/wp\/v2\/categories?post=5924"},{"taxonomy":"post_tag","embeddable":true,"href":"https:\/\/www.enerjigazetesi.ist\/en\/wp-json\/wp\/v2\/tags?post=5924"}],"curies":[{"name":"wp","href":"https:\/\/api.w.org\/{rel}","templated":true}]}}