{"id":59219,"date":"2016-11-17T12:23:12","date_gmt":"2016-11-17T09:23:12","guid":{"rendered":"https:\/\/www.enerjigazetesi.ist\/?p=59219"},"modified":"2016-11-17T12:23:51","modified_gmt":"2016-11-17T09:23:51","slug":"opec-ve-rusyadan-petrol-uretiminin-kisitlanmasi-icin-diplomatik-baski","status":"publish","type":"post","link":"https:\/\/www.enerjigazetesi.ist\/en\/opec-ve-rusyadan-petrol-uretiminin-kisitlanmasi-icin-diplomatik-baski\/","title":{"rendered":"(Turkish) OPEC ve Rusya&#8217;dan Petrol \u00dcretiminin K\u0131s\u0131tlanmas\u0131 \u0130\u00e7in Diplomatik Bask\u0131"},"content":{"rendered":"<p class=\"qtranxs-available-languages-message qtranxs-available-languages-message-en\">Sorry, this entry is only available in <a href=\"https:\/\/www.enerjigazetesi.ist\/tr\/wp-json\/wp\/v2\/posts\/59219\" class=\"qtranxs-available-language-link qtranxs-available-language-link-tr\" title=\"Turkish\">Turkish<\/a>. For the sake of viewer convenience, the content is shown below in the alternative language. You may click the link to switch the active language.<\/p><p><\/p>\n<p class=\"selectionShareable\" style=\"color: #0a0a0a;\"><strong>OPEC, Rusya bu hafta Doha\u2019da Suudi Arabistan\u2019\u0131n da dahil oldu\u011fu \u00fclkelerle gayr\u0131resmi g\u00f6r\u00fc\u015fmeler planlarken, petrol \u00fcretimini k\u0131s\u0131tlama konusunda anla\u015fmaya varmak ad\u0131na diplomatik \u00e7aba g\u00f6sterme yoluna da girdi.<\/strong><span id=\"more-85193\"><\/span><\/p>\n<p class=\"selectionShareable\" style=\"color: #0a0a0a;\">OPEC Genel Sekreteri Mohammed Barkindo ve Suudi Arabistan Enerji ve Sanayi Bakan\u0131 Khalid Al-Falih aras\u0131nda Londra\u2019da habersiz yap\u0131lan topl<a href=\"https:\/\/www.enerjigazetesi.ist\/wp-content\/uploads\/2016\/02\/opec-2782382379823-696x385.jpg\"><img loading=\"lazy\" class=\"alignleft size-medium wp-image-50264\" src=\"https:\/\/www.enerjigazetesi.ist\/wp-content\/uploads\/2016\/02\/opec-2782382379823-696x385-300x165.jpg\" alt=\"opec-2782382379823-696x385\" width=\"300\" height=\"165\" srcset=\"https:\/\/www.enerjigazetesi.ist\/wp-content\/uploads\/2016\/02\/opec-2782382379823-696x385-300x165.jpg 300w, https:\/\/www.enerjigazetesi.ist\/wp-content\/uploads\/2016\/02\/opec-2782382379823-696x385-500x276.jpg 500w, https:\/\/www.enerjigazetesi.ist\/wp-content\/uploads\/2016\/02\/opec-2782382379823-696x385-80x44.jpg 80w, https:\/\/www.enerjigazetesi.ist\/wp-content\/uploads\/2016\/02\/opec-2782382379823-696x385.jpg 696w\" sizes=\"(max-width: 300px) 100vw, 300px\" \/><\/a>ant\u0131n\u0131n ard\u0131ndan OPEC, diplomatik \u00e7aba g\u00f6sterme yoluna girdi. Ba\u015fka bir OPEC yetkilisi ise, 30 Kas\u0131m\u2019da Viyana\u2019da yap\u0131lacak OPEC toplant\u0131s\u0131na 2 hafta kala, Suudi Arabistan, Irak ve \u0130ran\u2019\u0131n hala petrol \u00fcretimi k\u0131s\u0131tlamalar\u0131n\u0131 aralar\u0131nda nas\u0131l b\u00f6l\u00fc\u015fecekleri konusunda anla\u015fmaya varamad\u0131klar\u0131n\u0131\u00a0belirtti.<\/p>\n<p class=\"selectionShareable\" style=\"color: #0a0a0a;\">OPEC \u00fclkeleri, 28 Eyl\u00fcl\u2019de Cezayir\u2019de ald\u0131klar\u0131 \u00fcretimde k\u0131s\u0131tlamaya gidilmesi karar\u0131n\u0131 bir sonuca g\u00f6t\u00fcrmeye \u00e7al\u0131\u015f\u0131yor. Petrol fiyatlar\u0131, bu karar\u0131n tasla\u011f\u0131n\u0131n a\u00e7\u0131klanmas\u0131n\u0131n ard\u0131ndan Ekim ay\u0131nda varil ba\u015f\u0131na neredeyse 54 dolara y\u00fckselmi\u015fti, ancak ge\u00e7en hafta, karar\u0131n sonuca ula\u015ft\u0131r\u0131laca\u011f\u0131 y\u00f6n\u00fcndeki \u015f\u00fcphelerle birlikte fiyatlarda d\u00fc\u015f\u00fc\u015f g\u00f6zlemlendi. Petrol fiyatlar\u0131, Bloomberg\u2019in konuya ili\u015fkin haberinin ard\u0131ndan Sal\u0131 g\u00fcn\u00fc y\u00fczde 4\u2019ten fazla artarak varil ba\u015f\u0131na 46 dolara y\u00fckseldi.<\/p>\n<p class=\"selectionShareable\" style=\"color: #0a0a0a;\">Kaynak: <a href=\"http:\/\/www.bloomberght.com\/haberler\/haber\/1945483-opec-ve-rusya-petrol-uretimini-kisitlama-konusunda-diplomatik-baskiyi-artirdi\" target=\"_blank\" rel=\"nofollow\">BloombergHT<\/a><\/p>\n<p><\/p>","protected":false},"excerpt":{"rendered":"<p>Sorry, this entry is only available in Turkish. For the sake of viewer convenience, the content is shown below in the alternative language. You may click the link to switch the active language. OPEC, Rusya bu hafta Doha\u2019da Suudi Arabistan\u2019\u0131n da dahil oldu\u011fu \u00fclkelerle gayr\u0131resmi g\u00f6r\u00fc\u015fmeler planlarken, petrol \u00fcretimini k\u0131s\u0131tlama konusunda anla\u015fmaya varmak ad\u0131na diplomatik [&hellip;]<\/p>\n","protected":false},"author":1,"featured_media":50264,"comment_status":"open","ping_status":"open","sticky":false,"template":"","format":"standard","meta":[],"categories":[53,44],"tags":[32215,63,67,1009,2698,165,1377,29895,59,79,347,2388,887,2522,32216,885],"views":597,"_links":{"self":[{"href":"https:\/\/www.enerjigazetesi.ist\/en\/wp-json\/wp\/v2\/posts\/59219"}],"collection":[{"href":"https:\/\/www.enerjigazetesi.ist\/en\/wp-json\/wp\/v2\/posts"}],"about":[{"href":"https:\/\/www.enerjigazetesi.ist\/en\/wp-json\/wp\/v2\/types\/post"}],"author":[{"embeddable":true,"href":"https:\/\/www.enerjigazetesi.ist\/en\/wp-json\/wp\/v2\/users\/1"}],"replies":[{"embeddable":true,"href":"https:\/\/www.enerjigazetesi.ist\/en\/wp-json\/wp\/v2\/comments?post=59219"}],"version-history":[{"count":1,"href":"https:\/\/www.enerjigazetesi.ist\/en\/wp-json\/wp\/v2\/posts\/59219\/revisions"}],"predecessor-version":[{"id":59220,"href":"https:\/\/www.enerjigazetesi.ist\/en\/wp-json\/wp\/v2\/posts\/59219\/revisions\/59220"}],"wp:featuredmedia":[{"embeddable":true,"href":"https:\/\/www.enerjigazetesi.ist\/en\/wp-json\/wp\/v2\/media\/50264"}],"wp:attachment":[{"href":"https:\/\/www.enerjigazetesi.ist\/en\/wp-json\/wp\/v2\/media?parent=59219"}],"wp:term":[{"taxonomy":"category","embeddable":true,"href":"https:\/\/www.enerjigazetesi.ist\/en\/wp-json\/wp\/v2\/categories?post=59219"},{"taxonomy":"post_tag","embeddable":true,"href":"https:\/\/www.enerjigazetesi.ist\/en\/wp-json\/wp\/v2\/tags?post=59219"}],"curies":[{"name":"wp","href":"https:\/\/api.w.org\/{rel}","templated":true}]}}