{"id":59206,"date":"2016-11-16T13:51:37","date_gmt":"2016-11-16T10:51:37","guid":{"rendered":"https:\/\/www.enerjigazetesi.ist\/?p=59206"},"modified":"2016-11-16T13:51:37","modified_gmt":"2016-11-16T10:51:37","slug":"gaziantep-buyuksehir-belediyesi-gunes-tarlasi-kuruyor","status":"publish","type":"post","link":"https:\/\/www.enerjigazetesi.ist\/en\/gaziantep-buyuksehir-belediyesi-gunes-tarlasi-kuruyor\/","title":{"rendered":"(Turkish) Gaziantep B\u00fcy\u00fck\u015fehir Belediyesi G\u00fcne\u015f Tarlas\u0131 Kuruyor"},"content":{"rendered":"<p class=\"qtranxs-available-languages-message qtranxs-available-languages-message-en\">Sorry, this entry is only available in <a href=\"https:\/\/www.enerjigazetesi.ist\/tr\/wp-json\/wp\/v2\/posts\/59206\" class=\"qtranxs-available-language-link qtranxs-available-language-link-tr\" title=\"Turkish\">Turkish<\/a>. For the sake of viewer convenience, the content is shown below in the alternative language. You may click the link to switch the active language.<\/p><p><strong><span style=\"color: #0a0a0a;\">Gaziantep B\u00fcy\u00fck\u015fehir Belediyesi taraf\u0131ndan kentin 2 b\u00f6lgesinde 1\u2019er MW g\u00fcc\u00fcnde g\u00fcne\u015f tarlas\u0131 kurulmaktad\u0131r. Yeni santrallerle 100 bin evin ihtiyac\u0131na denk elektrik \u00fcretimi sa\u011flanacakt\u0131r.<\/span><\/strong><\/p>\n<p><span style=\"color: #0a0a0a;\">Ba\u011flarba\u015f\u0131 b\u00f6lgesindeki 1 MW G\u00fcne\u015f Enerjisi Santralinde y\u0131lda ortalama 1 milyon 799 kilovat saatlik elektrik enerjisi \u00fcretilmesi hedeflenmektedir. 265 wattl\u0131k 4 bin 3<a href=\"https:\/\/www.enerjigazetesi.ist\/wp-content\/uploads\/2016\/11\/G\u00fcne\u015f-Enerji-Santrali-GES-39203-696x365.jpg\"><img loading=\"lazy\" class=\"alignleft size-medium wp-image-59207\" src=\"https:\/\/www.enerjigazetesi.ist\/wp-content\/uploads\/2016\/11\/G\u00fcne\u015f-Enerji-Santrali-GES-39203-696x365-300x157.jpg\" alt=\"G\u00fcne\u015f-Enerji-Santrali-GES-39203-696x365\" width=\"300\" height=\"157\" srcset=\"https:\/\/www.enerjigazetesi.ist\/wp-content\/uploads\/2016\/11\/G\u00fcne\u015f-Enerji-Santrali-GES-39203-696x365-300x157.jpg 300w, https:\/\/www.enerjigazetesi.ist\/wp-content\/uploads\/2016\/11\/G\u00fcne\u015f-Enerji-Santrali-GES-39203-696x365-500x262.jpg 500w, https:\/\/www.enerjigazetesi.ist\/wp-content\/uploads\/2016\/11\/G\u00fcne\u015f-Enerji-Santrali-GES-39203-696x365-80x41.jpg 80w, https:\/\/www.enerjigazetesi.ist\/wp-content\/uploads\/2016\/11\/G\u00fcne\u015f-Enerji-Santrali-GES-39203-696x365.jpg 696w\" sizes=\"(max-width: 300px) 100vw, 300px\" \/><\/a>56 adet polikristal panelin kullan\u0131laca\u011f\u0131 ve tamamen temiz enerji ile \u00fcretim yapacak olan tesiste y\u0131lda yakla\u015f\u0131k 1 milyon kilogram karbondioksitin do\u011faya sal\u0131n\u0131m\u0131 engellenmi\u015f olacakt\u0131r.<\/span><\/p>\n<p><span style=\"color: #0a0a0a;\">Bug\u00fcne kadar yap\u0131lan \u00e7al\u0131\u015fmalar toplam\u0131nda 11.3 MW g\u00fcce ula\u015facaklar\u0131n\u0131 bildiren Ba\u015fkan \u015eahin, y\u0131ll\u0131k 20 milyon kilovatsaat civar\u0131nda elektrik enerjisi \u00fcretimine sahip olacaklar\u0131n\u0131 s\u00f6yledi. \u00dcretilen enerjiyi kendi tesislerinde kullanarak de\u011ferlendireceklerini ifade eden\u00a0Fatma \u015eahin, toplamda \u00fcretilen enerjinin yakla\u015f\u0131k 100 bin evin ihtiyac\u0131n\u0131 kar\u015f\u0131layacak miktara denk geldi\u011fini\u00a0de belirtti.<\/span><\/p>\n<p><strong style=\"color: #0a0a0a;\">B\u00dcY\u00dcK\u015eEH\u0130R\u2019DE YER ALAN ENERJ\u0130 TES\u0130SLER\u0130<br \/>\nKat\u0131 At\u0131k Sahas\u0131 Tesisi:<\/strong><span style=\"color: #0a0a0a;\">\u00a05.65 MW<\/span><br style=\"color: #0a0a0a;\" \/><strong style=\"color: #0a0a0a;\">O\u011fuzeli Biyogaz Tesisi:\u00a0<\/strong><span style=\"color: #0a0a0a;\">1 MW<\/span><br style=\"color: #0a0a0a;\" \/><strong style=\"color: #0a0a0a;\">Koojenerasyon Tesisi:<\/strong><span style=\"color: #0a0a0a;\">\u00a02,4 MW<\/span><br style=\"color: #0a0a0a;\" \/><strong style=\"color: #0a0a0a;\">Ba\u011flarla\u015f\u0131 G\u00fcne\u015f Enerjisi:\u00a0<\/strong><span style=\"color: #0a0a0a;\">1 MW (in\u015fa a\u015famas\u0131nda)<\/span><br style=\"color: #0a0a0a;\" \/><strong style=\"color: #0a0a0a;\">Aktoprak G\u00fcne\u015f Enerjisi:\u00a0<\/strong><span style=\"color: #0a0a0a;\">1 MW (\u0130n\u015fa a\u015famas\u0131nda)<\/span><br style=\"color: #0a0a0a;\" \/><strong style=\"color: #0a0a0a;\">At\u0131ksu Ar\u0131tma Tesisi:\u00a0<\/strong><span style=\"color: #0a0a0a;\">150 Kw<\/span><br style=\"color: #0a0a0a;\" \/><strong style=\"color: #0a0a0a;\">Solar Otopar Tesisi:\u00a0<\/strong><span style=\"color: #0a0a0a;\">120 Kw<\/span><\/p>\n<p>Haberin <a href=\"http:\/\/www.sabah.com.tr\/guney\/2016\/11\/16\/gaziantepe-gunes-tarlalari-kuruluyor\" target=\"_blank\">Devam\u0131 \u0130\u00e7in TIKLAYINIZ&gt;&gt;&gt;<\/a><\/p>\n<p>Kaynak: Sabah<\/p>","protected":false},"excerpt":{"rendered":"<p>Sorry, this entry is only available in Turkish. For the sake of viewer convenience, the content is shown below in the alternative language. You may click the link to switch the active language.Gaziantep B\u00fcy\u00fck\u015fehir Belediyesi taraf\u0131ndan kentin 2 b\u00f6lgesinde 1\u2019er MW g\u00fcc\u00fcnde g\u00fcne\u015f tarlas\u0131 kurulmaktad\u0131r. Yeni santrallerle 100 bin evin ihtiyac\u0131na denk elektrik \u00fcretimi sa\u011flanacakt\u0131r. [&hellip;]<\/p>\n","protected":false},"author":1,"featured_media":59207,"comment_status":"open","ping_status":"open","sticky":false,"template":"","format":"standard","meta":[],"categories":[53,49],"tags":[63,67,1009,2698,165,1826,32208,2326,227,13,2569,23133,22975,2401,4269],"views":1537,"_links":{"self":[{"href":"https:\/\/www.enerjigazetesi.ist\/en\/wp-json\/wp\/v2\/posts\/59206"}],"collection":[{"href":"https:\/\/www.enerjigazetesi.ist\/en\/wp-json\/wp\/v2\/posts"}],"about":[{"href":"https:\/\/www.enerjigazetesi.ist\/en\/wp-json\/wp\/v2\/types\/post"}],"author":[{"embeddable":true,"href":"https:\/\/www.enerjigazetesi.ist\/en\/wp-json\/wp\/v2\/users\/1"}],"replies":[{"embeddable":true,"href":"https:\/\/www.enerjigazetesi.ist\/en\/wp-json\/wp\/v2\/comments?post=59206"}],"version-history":[{"count":1,"href":"https:\/\/www.enerjigazetesi.ist\/en\/wp-json\/wp\/v2\/posts\/59206\/revisions"}],"predecessor-version":[{"id":59208,"href":"https:\/\/www.enerjigazetesi.ist\/en\/wp-json\/wp\/v2\/posts\/59206\/revisions\/59208"}],"wp:featuredmedia":[{"embeddable":true,"href":"https:\/\/www.enerjigazetesi.ist\/en\/wp-json\/wp\/v2\/media\/59207"}],"wp:attachment":[{"href":"https:\/\/www.enerjigazetesi.ist\/en\/wp-json\/wp\/v2\/media?parent=59206"}],"wp:term":[{"taxonomy":"category","embeddable":true,"href":"https:\/\/www.enerjigazetesi.ist\/en\/wp-json\/wp\/v2\/categories?post=59206"},{"taxonomy":"post_tag","embeddable":true,"href":"https:\/\/www.enerjigazetesi.ist\/en\/wp-json\/wp\/v2\/tags?post=59206"}],"curies":[{"name":"wp","href":"https:\/\/api.w.org\/{rel}","templated":true}]}}