{"id":592,"date":"2012-06-20T09:11:18","date_gmt":"2012-06-20T06:11:18","guid":{"rendered":"https:\/\/www.enerjigazetesi.ist\/?p=592"},"modified":"2012-06-20T09:11:18","modified_gmt":"2012-06-20T06:11:18","slug":"yesil-binada-daha-yolun-basindayiz","status":"publish","type":"post","link":"https:\/\/www.enerjigazetesi.ist\/en\/yesil-binada-daha-yolun-basindayiz\/","title":{"rendered":"(Turkish) Ye\u015fil Binada Daha Yolun Ba\u015f\u0131nday\u0131z"},"content":{"rendered":"<p class=\"qtranxs-available-languages-message qtranxs-available-languages-message-en\">Sorry, this entry is only available in <a href=\"https:\/\/www.enerjigazetesi.ist\/tr\/wp-json\/wp\/v2\/posts\/592\" class=\"qtranxs-available-language-link qtranxs-available-language-link-tr\" title=\"Turkish\">Turkish<\/a>. For the sake of viewer convenience, the content is shown below in the alternative language. You may click the link to switch the active language.<\/p><p><strong>Frost &amp; Sullivan&#8217;\u0131n ara\u015ft\u0131rmas\u0131na g\u00f6re ye\u015fil binalar enerji verimlili\u011fi \u00e7er\u00e7evesinde son y\u0131llarda t\u00fcm d\u00fcnyada oldu\u011fu gibi T\u00fcrkiye&#8217;nin de g\u00fcndeminde yer al\u0131yor. Ancak ara\u015ft\u0131rmadan \u00e7\u0131kan en temel bulgu, T\u00fcrkiye&#8217;nin ye\u015fil bina konseptinin hen\u00fcz ba\u015f\u0131nda oldu\u011funu g\u00f6steriyor.<\/strong><\/p>\n<p><img loading=\"lazy\" class=\"alignleft  wp-image-593\" title=\"yesil-bina\" src=\"https:\/\/www.enerjigazetesi.ist\/wp-content\/uploads\/2012\/06\/yesil-bina.jpg\" alt=\"\" width=\"240\" height=\"221\" \/>2010 y\u0131l\u0131nda T\u00fcrkiye\u2019de faaliyetlerine ba\u015flayan d\u00fcnyan\u0131n \u00f6nde gelen ara\u015ft\u0131rma ve dan\u0131\u015fmanl\u0131k kurulu\u015flar\u0131ndan Frost &amp; Sullivan, T\u00fcrkiye\u2019de haz\u0131rlad\u0131\u011f\u0131 ba\u015fta enerji, otomotiv, savunma ve sa\u011fl\u0131k olmak \u00fczere \u00e7e\u015fitli sekt\u00f6rlerde uzun vadeli pazar \u00f6ng\u00f6r\u00fclerini de kapsayan raporlar\u0131yla uluslararas\u0131 \u015firketlerin ve yat\u0131r\u0131m fonlar\u0131n\u0131n T\u00fcrkiye\u2019deki faaliyetlerine yard\u0131mc\u0131 olman\u0131n yan\u0131 s\u0131ra farkl\u0131 sekt\u00f6rlerde bir\u00e7ok T\u00fcrk firmas\u0131na \u00f6zel ara\u015ft\u0131rma ve dan\u0131\u015fmanl\u0131k hizmetleri vererek i\u00e7 ve d\u0131\u015f pazarlarda b\u00fcy\u00fcmelerine yard\u0131mc\u0131 olmay\u0131 s\u00fcrd\u00fcr\u00fcyor. Bu kapsamda Frost &amp; Sullivan, enerji tasarrufu ve sa\u011fl\u0131kl\u0131 \u00e7evre a\u00e7\u0131s\u0131ndan b\u00fcy\u00fck \u00f6nem ta\u015f\u0131yan ye\u015fil binalar\u0131n T\u00fcrkiye&#8217;deki geli\u015fim seyrini mercek alt\u0131na al\u0131yor.\u00a0 \u00a0<!--banner_300x250--><\/p>\n<p><strong>Kamunun \u00f6nc\u00fcl\u00fck etmesi gerekiyor<\/strong><br \/>\nT\u00fcrkiye&#8217;de ye\u015fil binalar konusunda genel olarak fark\u0131ndal\u0131k sorunu ya\u015fan\u0131yor. Frost &amp; Sullivan T\u00fcrkiye Enerji Sekt\u00f6r\u00fc Analisti \u00d6zge \u00d6zeke, bu fark\u0131ndal\u0131\u011f\u0131n yarat\u0131lmas\u0131 i\u00e7in kamu sekt\u00f6r\u00fcn\u00fcn \u00f6zel sekt\u00f6re k\u0131lavuzluk edecek referans binalar\u0131 hayata ge\u00e7irmesi ve ye\u015fil binalar\u0131n yayg\u0131nl\u0131k kazanmas\u0131n\u0131 destekleyecek te\u015fvikleri sa\u011flamas\u0131n\u0131n \u00f6nemine dikkat \u00e7ekiyor.<\/p>\n<p>H\u0131zl\u0131 bir ekonomik b\u00fcy\u00fcme g\u00f6steren T\u00fcrkiye&#8217;nin enerji talebinin g\u00fcnden g\u00fcne art\u0131\u015f kaydetti\u011fini belirten \u00d6zeke, \u00fclkenin enerji politikas\u0131 uyar\u0131nca \u00f6ncelikli olan\u0131n uygun maliyetli ve s\u00fcreklili\u011fi olan enerji arz\u0131n\u0131 sa\u011flamak ve y\u00fczde 70&#8217;ler d\u00fczeyinde seyreden enerjide d\u0131\u015fa ba\u011f\u0131ml\u0131l\u0131\u011f\u0131 \u00fclkenin kendi potansiyel kaynaklar\u0131yla a\u015fa\u011f\u0131ya \u00e7ekmek oldu\u011funu ifade ederek, dolay\u0131s\u0131yla bu politikan\u0131n amaca ula\u015fmas\u0131nda devreye al\u0131nacak yeni yat\u0131r\u0131mlar\u0131n katk\u0131s\u0131n\u0131n yads\u0131namayaca\u011f\u0131n\u0131 vurguluyor. \u00d6zeke, buna paralel olarak enerji yat\u0131r\u0131mlar\u0131n\u0131n, enerji verimlili\u011fi uygulamalar\u0131n\u0131n hayata ge\u00e7irilmesiyle ula\u015f\u0131lmas\u0131 istenilen hedefi beklenenden daha k\u0131sa vadede yakalayaca\u011f\u0131n\u0131, dolay\u0131s\u0131yla ye\u015fil binalar\u0131n bu anlay\u0131\u015fla hayata ge\u00e7irilmesinin enerji verimlili\u011fine katk\u0131s\u0131n\u0131n b\u00fcy\u00fck boyutlarda olaca\u011f\u0131n\u0131n alt\u0131n\u0131 \u00e7iziyor. \u00a0<\/p>\n<p><strong>Ye\u015fil binaya bak\u0131\u015f a\u00e7\u0131s\u0131 de\u011fi\u015fmeli<\/strong><br \/>\nFrost &amp; Sullivan T\u00fcrkiye Enerji Sekt\u00f6r\u00fc Analisti \u00d6zge \u00d6zeke, fark\u0131ndal\u0131k d\u00fczeyinin yetersiz olmas\u0131n\u0131n \u00f6nemli bir nedeninin de &#8216;fayda&#8217; fakt\u00f6r\u00fcnden kaynakland\u0131\u011f\u0131n\u0131 ileri s\u00fcr\u00fcyor. Ye\u015fil binalara bak\u0131\u015f a\u00e7\u0131s\u0131 genel olarak &#8216;fayda temelli&#8217; oldu\u011fu i\u00e7in, yayg\u0131n yakla\u015f\u0131m ekonomik bir zihniyeti a\u00e7\u0131\u011fa \u00e7\u0131kar\u0131yor ve a\u011f\u0131rl\u0131kl\u0131 olarak ye\u015fil bina alg\u0131s\u0131, \u0131s\u0131 yal\u0131t\u0131m\u0131 gibi ye\u015fil binan\u0131n sadece bir par\u00e7as\u0131n\u0131 \u00f6ne \u00e7\u0131kar\u0131yor. \u00d6zeke, bu bulgunun ye\u015fil binalar\u0131n ne oldu\u011fu ger\u00e7e\u011finin bir b\u00fct\u00fcn olarak alg\u0131lanmas\u0131 i\u00e7in \u00fclke olarak epey zamana ihtiyac\u0131m\u0131z oldu\u011funun \u00f6nemli bir g\u00f6stergesi oldu\u011funu vurguluyor.\u00a0 \u00a0<\/p>\n<p><strong>Sertifikal\u0131 bina say\u0131s\u0131 giderek art\u0131yor<\/strong><br \/>\nT\u00fcrkiye&#8217;de en \u00e7ok ra\u011fbet g\u00f6ren sertifikalar\u0131n ABD orijinli Leed ve \u0130ngiltere orijinli Breeam oldu\u011funu ifade eden \u00d6zeke,\u00a0 T\u00fcrkiye\u2019de Leed ve Breeam\u2019in farkl\u0131 kategori kriterlerine g\u00f6re sertifikaland\u0131r\u0131lm\u0131\u015f 30\u2019u a\u015fk\u0131n bina oldu\u011funu belirtiyor. Aralar\u0131nda al\u0131\u015fveri\u015f merkezleri, holding binalar\u0131 ve ofis katlar\u0131n\u0131n oldu\u011fu bu binalarda amac\u0131n i\u015fletme maliyetlerini d\u00fc\u015f\u00fcrmek oldu\u011funu belirten \u00d6zeke, son y\u0131llarda bu bak\u0131\u015f a\u00e7\u0131s\u0131yla in\u015fa edilmi\u015f konutlara rastlaman\u0131n da m\u00fcmk\u00fcn oldu\u011funu ifade ediyor. \u00d6zeke, sertifikal\u0131 binalar\u0131n \u00e7evre bilincinin geli\u015fmesine katk\u0131 sa\u011flayan, motive edici bir yakla\u015f\u0131m oldu\u011funu dile getirerek, T\u00fcrkiye&#8217;nin kendi sertifikas\u0131n\u0131 uygulamaya koymas\u0131yla ye\u015fil bina anlay\u0131\u015f\u0131n\u0131n \u00e7ok daha h\u0131zla yayg\u0131nl\u0131k kazanaca\u011f\u0131na dikkat \u00e7ekiyor.<\/p>\n<p><strong>Ye\u015fil bina pahal\u0131 de\u011fil<\/strong><br \/>\n\u00d6zeke, ye\u015fil binalar\u0131n en \u00f6nemli \u00f6zelliklerinden biri olan \u00e7evreye uyum kriterinin, mevcut binalar a\u00e7\u0131s\u0131ndan imkans\u0131z oldu\u011funu, ancak yeni yap\u0131lan binalar i\u00e7in yerine getirilmesi m\u00fcmk\u00fcn kriterler sundu\u011funun alt\u0131n\u0131 \u00e7iziyor. Bir ba\u015fka \u00f6nemli problemin &#8220;ye\u015fil bina pahal\u0131d\u0131r&#8221; alg\u0131s\u0131 oldu\u011funu belirten \u00d6zeke, bu tarz k\u00f6kl\u00fc bir alg\u0131n\u0131n ancak kapsaml\u0131 bir fark\u0131ndal\u0131k ileti\u015fimi ile \u00e7\u00f6z\u00fclebilece\u011fini ileri s\u00fcr\u00fcyor. \u00d6te yandan Frost &amp; Sullivan&#8217;\u0131n ara\u015ft\u0131rmas\u0131, ye\u015fil binalar\u0131n tasar\u0131m a\u015famas\u0131nda ele al\u0131nmas\u0131yla y\u00fckleniciye maliyet y\u00f6n\u00fcnden kaydade\u011fer bir fark getirmedi\u011fini a\u00e7\u0131\u011fa \u00e7\u0131kar\u0131yor. Ancak varolan bir binan\u0131n ye\u015fil binaya d\u00f6n\u00fc\u015ft\u00fcr\u00fclmesi s\u00fcrecinde maliyetler art\u0131yor. B\u00f6yle bir durumda ise binan\u0131n kendi \u00f6zelinde kald\u0131rabilece\u011fi optimal ko\u015fullar g\u00f6z \u00f6n\u00fcne al\u0131narak maliyet makul d\u00fczeylere \u00e7ekilebiliyor.<\/p>\n<p>Rapora g\u00f6re ye\u015fil binalar\u0131n giderek daha fazla artacak olan uygulamalar\u0131 \u015fu anda g\u00f6rece derinli\u011fi daha az olan end\u00fcstriyi ilerleyen y\u0131llarda daha da canland\u0131r\u0131yor olacak. Artan \u015fehirle\u015fme, \u015fu an 16 olan ancak bir s\u00fcre sonra 29&#8217;a \u00e7\u0131kmas\u0131 beklenen b\u00fcy\u00fck\u015fehir belediyelerinin varl\u0131\u011f\u0131, b\u00fcy\u00fck \u015fehirden mega \u015fehire ve b\u00f6lgelerden mega koridorlara d\u00f6n\u00fc\u015f\u00fcm, gelecek y\u0131llarda ka\u00e7\u0131n\u0131lmaz olarak ye\u015fil bina konseptinin yetkili otoritelerce daha titizlikle takip edilece\u011fini, i\u00e7inde ya\u015fayan insanlarca da daha bilin\u00e7le sahip \u00e7\u0131k\u0131laca\u011f\u0131na i\u015faret ediyor.<\/p>\n<p>Kaynak: <a href=\"http:\/\/konut.milliyet.com.tr\/yesil_binada_daha_yolun_basindayiz-konut-insaat-1555742.html\" target=\"_blank\">Milliyet<\/a><\/p>","protected":false},"excerpt":{"rendered":"<p>Sorry, this entry is only available in Turkish. For the sake of viewer convenience, the content is shown below in the alternative language. You may click the link to switch the active language.Frost &amp; Sullivan&#8217;\u0131n ara\u015ft\u0131rmas\u0131na g\u00f6re ye\u015fil binalar enerji verimlili\u011fi \u00e7er\u00e7evesinde son y\u0131llarda t\u00fcm d\u00fcnyada oldu\u011fu gibi T\u00fcrkiye&#8217;nin de g\u00fcndeminde yer al\u0131yor. Ancak ara\u015ft\u0131rmadan [&hellip;]<\/p>\n","protected":false},"author":1,"featured_media":593,"comment_status":"open","ping_status":"open","sticky":false,"template":"","format":"standard","meta":[],"categories":[53,52],"tags":[12,87],"views":677,"_links":{"self":[{"href":"https:\/\/www.enerjigazetesi.ist\/en\/wp-json\/wp\/v2\/posts\/592"}],"collection":[{"href":"https:\/\/www.enerjigazetesi.ist\/en\/wp-json\/wp\/v2\/posts"}],"about":[{"href":"https:\/\/www.enerjigazetesi.ist\/en\/wp-json\/wp\/v2\/types\/post"}],"author":[{"embeddable":true,"href":"https:\/\/www.enerjigazetesi.ist\/en\/wp-json\/wp\/v2\/users\/1"}],"replies":[{"embeddable":true,"href":"https:\/\/www.enerjigazetesi.ist\/en\/wp-json\/wp\/v2\/comments?post=592"}],"version-history":[{"count":2,"href":"https:\/\/www.enerjigazetesi.ist\/en\/wp-json\/wp\/v2\/posts\/592\/revisions"}],"predecessor-version":[{"id":595,"href":"https:\/\/www.enerjigazetesi.ist\/en\/wp-json\/wp\/v2\/posts\/592\/revisions\/595"}],"wp:featuredmedia":[{"embeddable":true,"href":"https:\/\/www.enerjigazetesi.ist\/en\/wp-json\/wp\/v2\/media\/593"}],"wp:attachment":[{"href":"https:\/\/www.enerjigazetesi.ist\/en\/wp-json\/wp\/v2\/media?parent=592"}],"wp:term":[{"taxonomy":"category","embeddable":true,"href":"https:\/\/www.enerjigazetesi.ist\/en\/wp-json\/wp\/v2\/categories?post=592"},{"taxonomy":"post_tag","embeddable":true,"href":"https:\/\/www.enerjigazetesi.ist\/en\/wp-json\/wp\/v2\/tags?post=592"}],"curies":[{"name":"wp","href":"https:\/\/api.w.org\/{rel}","templated":true}]}}