{"id":5908,"date":"2013-02-01T11:55:55","date_gmt":"2013-02-01T08:55:55","guid":{"rendered":"https:\/\/www.enerjigazetesi.ist\/?p=5908"},"modified":"2013-02-01T11:56:43","modified_gmt":"2013-02-01T08:56:43","slug":"tasarruf-klimadan-baslayacak","status":"publish","type":"post","link":"https:\/\/www.enerjigazetesi.ist\/en\/tasarruf-klimadan-baslayacak\/","title":{"rendered":"(Turkish) Tasarruf Klimadan Ba\u015flayacak&#8230;"},"content":{"rendered":"<p class=\"qtranxs-available-languages-message qtranxs-available-languages-message-en\">Sorry, this entry is only available in <a href=\"https:\/\/www.enerjigazetesi.ist\/tr\/wp-json\/wp\/v2\/posts\/5908\" class=\"qtranxs-available-language-link qtranxs-available-language-link-tr\" title=\"Turkish\">Turkish<\/a>. For the sake of viewer convenience, the content is shown below in the alternative language. You may click the link to switch the active language.<\/p><p><strong>Sanayi ve Teknoloji Bakan\u0131 Nihat Erg\u00fcn, \u201c\u00dclkemizdeki klimalar, hava sens\u00f6rl\u00fc olsa, y\u0131ll\u0131k 700 milyon liraya yak\u0131n bir tasarruf sa\u011flamak m\u00fcmk\u00fcn olacak. Son 5 y\u0131ll\u0131k klima \u00fcretimini d\u00fc\u015f\u00fcnd\u00fc\u011f\u00fcm\u00fczde, sa\u011flanacak elektrik tasarrufu, Atat\u00fcrk Baraj\u0131\u2019n\u0131n y\u00fczde 30\u2019una ula\u015fabilirdi. 2016 y\u0131l\u0131na kadar a\u015famal\u0131 olarak zorunlu hale getirilecek az elektrik t\u00fcketen klimalar\u0131n \u00fcretimi ile T\u00fcrkiye\u2019de klimalar\u0131n t\u00fcketti\u011fi elektri\u011fin y\u00fczde 25 azalaca\u011f\u0131n\u0131 \u00f6ng\u00f6rmekteyiz. T\u00fcrkiye\u2019de 12 milyon adetten fazla klima oldu\u011fu tahmin ediliyor. Ayr\u0131ca kamu kurumlar\u0131n\u0131n ayd\u0131nlat\u0131lmas\u0131nda led ayd\u0131nlatmalar\u0131n zorunlu hale getirilmesi gibi \u00e7al\u0131\u015fmalar olacak\u201d dedi.<\/strong><\/p>\n<h2>G\u00fcne\u015f enerjisi<\/h2>\n<p><img loading=\"lazy\" class=\"alignright size-medium wp-image-5910\" title=\"enerji-verimliligi-ve-tasarrufu\" src=\"https:\/\/www.enerjigazetesi.ist\/wp-content\/uploads\/2013\/02\/enerji-verimliligi-ve-tasarrufu-300x168.jpg\" alt=\"\" width=\"300\" height=\"168\" srcset=\"https:\/\/www.enerjigazetesi.ist\/wp-content\/uploads\/2013\/02\/enerji-verimliligi-ve-tasarrufu-300x168.jpg 300w, https:\/\/www.enerjigazetesi.ist\/wp-content\/uploads\/2013\/02\/enerji-verimliligi-ve-tasarrufu-500x280.jpg 500w, https:\/\/www.enerjigazetesi.ist\/wp-content\/uploads\/2013\/02\/enerji-verimliligi-ve-tasarrufu-80x44.jpg 80w, https:\/\/www.enerjigazetesi.ist\/wp-content\/uploads\/2013\/02\/enerji-verimliligi-ve-tasarrufu.jpg 505w\" sizes=\"(max-width: 300px) 100vw, 300px\" \/>Sekt\u00f6rle ilgili birinci hedefin, her sekt\u00f6rde oldu\u011fu gibi hukuki ve idari bir engel olmamas\u0131n\u0131 sa\u011flamak oldu\u011funu ifade eden Erg\u00fcn, \u015funlar\u0131 s\u00f6yledi: \u201c\u00d6yle hukuki, idari d\u00fczenlemeler var ki kimsenin ilerlemesi m\u00fcmk\u00fcn de\u011fil. O duvarlar\u0131 kald\u0131rmam\u0131z laz\u0131m. \u00c7al\u0131\u015fmalar s\u0131ras\u0131nda belki yeni engeller de tespit edece\u011fiz. Eylemler \u00e7er\u00e7evesinde; yenilenebilir kaynaklara y\u00f6nelik enerji tesisi kurulmas\u0131, bu alandaki Ar-Ge \u00e7al\u0131\u015fmalar\u0131 ve malzemelerin \u00fcretiminin te\u015fvik edilmesi i\u00e7in \u00e7al\u0131\u015fmalar yap\u0131lacakt\u0131r. Mesela, g\u00fcne\u015f enerjisinin kullan\u0131m\u0131na dair bir tak\u0131m engeller var. EPDK belli limitler koymu\u015f.\u201d<\/p>\n<h2>K\u00fcresel enerji markalar\u0131 \u00e7\u0131kacak<\/h2>\n<p>2023 y\u0131l\u0131nda k\u00fcresel \u00e7apta en az 10 marka olu\u015fturulaca\u011f\u0131n\u0131n ve 500 milyar dolar ihracat yap\u0131laca\u011f\u0131n\u0131n hedeflendi\u011fini an\u0131msatan Erg\u00fcn, \u015fu bilgileri verdi: \u201cBen bu markalardan birka\u00e7 tanesinin elektrik-elektronik sekt\u00f6r\u00fcnden \u00e7\u0131kmas\u0131 i\u00e7in \u00e7ok b\u00fcy\u00fck imkan var. 10 markan\u0131n 2-3 tanesini bu sekt\u00f6rden \u00e7\u0131karabilece\u011fimizi d\u00fc\u015f\u00fcn\u00fcyorum. Markala\u015fma politikalar\u0131m\u0131z\u0131 g\u00f6zden ge\u00e7irmeye ihtiyac\u0131m\u0131z var. Turquality ile markala\u015fman\u0131n sa\u011flanabilece\u011fini d\u00fc\u015f\u00fcnmek eksik bir d\u00fc\u015f\u00fcncedir. Yine sekt\u00f6r\u00fcn 2023 y\u0131l\u0131nda 45 milyar dolar ihracat yapmas\u0131n\u0131 hedefliyoruz.\u201d<\/p>\n<p>Kaynak: <a href=\"http:\/\/enerjienstitusu.com\/2013\/02\/01\/tasarruf-klimadan-baslayacak\/\" target=\"_blank\">Enerji Enstit\u00fcs\u00fc<\/a><\/p>","protected":false},"excerpt":{"rendered":"<p>Sorry, this entry is only available in Turkish. For the sake of viewer convenience, the content is shown below in the alternative language. You may click the link to switch the active language.Sanayi ve Teknoloji Bakan\u0131 Nihat Erg\u00fcn, \u201c\u00dclkemizdeki klimalar, hava sens\u00f6rl\u00fc olsa, y\u0131ll\u0131k 700 milyon liraya yak\u0131n bir tasarruf sa\u011flamak m\u00fcmk\u00fcn olacak. Son 5 [&hellip;]<\/p>\n","protected":false},"author":1,"featured_media":5910,"comment_status":"open","ping_status":"open","sticky":false,"template":"","format":"standard","meta":[],"categories":[53,52],"tags":[67,12],"views":443,"_links":{"self":[{"href":"https:\/\/www.enerjigazetesi.ist\/en\/wp-json\/wp\/v2\/posts\/5908"}],"collection":[{"href":"https:\/\/www.enerjigazetesi.ist\/en\/wp-json\/wp\/v2\/posts"}],"about":[{"href":"https:\/\/www.enerjigazetesi.ist\/en\/wp-json\/wp\/v2\/types\/post"}],"author":[{"embeddable":true,"href":"https:\/\/www.enerjigazetesi.ist\/en\/wp-json\/wp\/v2\/users\/1"}],"replies":[{"embeddable":true,"href":"https:\/\/www.enerjigazetesi.ist\/en\/wp-json\/wp\/v2\/comments?post=5908"}],"version-history":[{"count":3,"href":"https:\/\/www.enerjigazetesi.ist\/en\/wp-json\/wp\/v2\/posts\/5908\/revisions"}],"predecessor-version":[{"id":5912,"href":"https:\/\/www.enerjigazetesi.ist\/en\/wp-json\/wp\/v2\/posts\/5908\/revisions\/5912"}],"wp:featuredmedia":[{"embeddable":true,"href":"https:\/\/www.enerjigazetesi.ist\/en\/wp-json\/wp\/v2\/media\/5910"}],"wp:attachment":[{"href":"https:\/\/www.enerjigazetesi.ist\/en\/wp-json\/wp\/v2\/media?parent=5908"}],"wp:term":[{"taxonomy":"category","embeddable":true,"href":"https:\/\/www.enerjigazetesi.ist\/en\/wp-json\/wp\/v2\/categories?post=5908"},{"taxonomy":"post_tag","embeddable":true,"href":"https:\/\/www.enerjigazetesi.ist\/en\/wp-json\/wp\/v2\/tags?post=5908"}],"curies":[{"name":"wp","href":"https:\/\/api.w.org\/{rel}","templated":true}]}}